{"id":14715,"date":"2024-12-22T20:08:46","date_gmt":"2024-12-22T17:08:46","guid":{"rendered":"https:\/\/kibrisayna.com\/index.php\/2024\/12\/22\/kazada-yasamini-yitiren-sahsin-kimligi-aciklandi\/"},"modified":"2024-12-22T20:08:46","modified_gmt":"2024-12-22T17:08:46","slug":"kazada-yasamini-yitiren-sahsin-kimligi-aciklandi","status":"publish","type":"post","link":"https:\/\/kibrisayna.com\/index.php\/2024\/12\/22\/kazada-yasamini-yitiren-sahsin-kimligi-aciklandi\/","title":{"rendered":"Kazada ya\u0219am\u0131n\u0131 yitiren \u0219ahs\u0131n kimli\u011fi a\u00e7\u0131kland\u0131"},"content":{"rendered":"<p> <br \/>\n<\/p>\n<p>Polis Bas\u0131n Subayl\u0131\u011f\u0131&#8217;ndan verilen bilgiye g\u00f6re bug\u00fcn saat 17.50 s\u0131ralar\u0131nda, Lefko\u015fa &#8211; G\u00fczelyurt anayolunun 2-3&#8217;\u00fcnc\u00fc kilometreleri aras\u0131nda, Kemal D\u00dcZG\u00dcN (E-33), y\u00f6netimindeki VM 901 plakal\u0131 ara\u00e7 ile G\u00fczelyurt istikametine do\u011fru seyretti\u011fi esnada, G\u00f6nyeli dahili \u0130rmar Market \u00f6nlerine geldi\u011finde, o esnada yolun kuzey k\u0131sm\u0131ndan g\u00fcney k\u0131sm\u0131na yaya olarak ge\u00e7meye \u00e7al\u0131\u015fan Alayk\u00f6y&#8217;de sakin H\u00fcseyin ULU (E-46)&#8217;ya \u00e7arpm\u0131\u015ft\u0131r. Kaza sonucu yaya H\u00fcseyin ULU olay yerinde ya\u015fam\u0131n\u0131 yitirmi\u015ftir. Soru\u015fturma devam etmektedir.<\/p>\n<p><br \/>\n<br \/><a href=\"https:\/\/brtk.net\/kazada-yasamini-yitiren-sahsin-kimligi-aciklandi\/\">Kaynak BRT <\/a><\/p>\n","protected":false},"excerpt":{"rendered":"<p>Polis Bas\u0131n Subayl\u0131\u011f\u0131&#8217;ndan verilen bilgiye g\u00f6re bug\u00fcn saat 17.50 s\u0131ralar\u0131nda, Lefko\u015fa &#8211; G\u00fczelyurt anayolunun 2-3&#8217;\u00fcnc\u00fc kilometreleri aras\u0131nda, Kemal D\u00dcZG\u00dcN (E-33), y\u00f6netimindeki VM 901 plakal\u0131 ara\u00e7 ile G\u00fczelyurt istikametine do\u011fru seyretti\u011fi esnada, G\u00f6nyeli dahili \u0130rmar Market \u00f6nlerine geldi\u011finde, o esnada yolun kuzey k\u0131sm\u0131ndan g\u00fcney k\u0131sm\u0131na yaya olarak ge\u00e7meye \u00e7al\u0131\u015fan Alayk\u00f6y&#8217;de sakin H\u00fcseyin ULU (E-46)&#8217;ya \u00e7arpm\u0131\u015ft\u0131r. Kaza [&hellip;]<\/p>\n","protected":false},"author":908,"featured_media":3957,"comment_status":"open","ping_status":"open","sticky":false,"template":"","format":"standard","meta":{"_jetpack_memberships_contains_paid_content":false,"footnotes":"","jetpack_publicize_message":"","jetpack_publicize_feature_enabled":true,"jetpack_social_post_already_shared":true,"jetpack_social_options":{"image_generator_settings":{"template":"highway","default_image_id":0,"font":"","enabled":false},"version":2}},"categories":[253],"tags":[],"class_list":["post-14715","post","type-post","status-publish","format-standard","has-post-thumbnail","hentry","category-gundem"],"jetpack_publicize_connections":[],"jetpack_featured_media_url":"https:\/\/kibrisayna.com\/wp-content\/uploads\/2024\/09\/Trafik-Kazasi_polis-logolu.png","jetpack_sharing_enabled":true,"_links":{"self":[{"href":"https:\/\/kibrisayna.com\/index.php\/wp-json\/wp\/v2\/posts\/14715","targetHints":{"allow":["GET"]}}],"collection":[{"href":"https:\/\/kibrisayna.com\/index.php\/wp-json\/wp\/v2\/posts"}],"about":[{"href":"https:\/\/kibrisayna.com\/index.php\/wp-json\/wp\/v2\/types\/post"}],"author":[{"embeddable":true,"href":"https:\/\/kibrisayna.com\/index.php\/wp-json\/wp\/v2\/users\/908"}],"replies":[{"embeddable":true,"href":"https:\/\/kibrisayna.com\/index.php\/wp-json\/wp\/v2\/comments?post=14715"}],"version-history":[{"count":0,"href":"https:\/\/kibrisayna.com\/index.php\/wp-json\/wp\/v2\/posts\/14715\/revisions"}],"wp:featuredmedia":[{"embeddable":true,"href":"https:\/\/kibrisayna.com\/index.php\/wp-json\/wp\/v2\/media\/3957"}],"wp:attachment":[{"href":"https:\/\/kibrisayna.com\/index.php\/wp-json\/wp\/v2\/media?parent=14715"}],"wp:term":[{"taxonomy":"category","embeddable":true,"href":"https:\/\/kibrisayna.com\/index.php\/wp-json\/wp\/v2\/categories?post=14715"},{"taxonomy":"post_tag","embeddable":true,"href":"https:\/\/kibrisayna.com\/index.php\/wp-json\/wp\/v2\/tags?post=14715"}],"curies":[{"name":"wp","href":"https:\/\/api.w.org\/{rel}","templated":true}]}}