{"id":14705,"date":"2024-12-22T18:38:50","date_gmt":"2024-12-22T15:38:50","guid":{"rendered":"https:\/\/kibrisayna.com\/index.php\/2024\/12\/22\/saglik-bakani-dincyurek-muglada-yasanan-ambulans-helikopter-kazasi-nedeniyle-mesaj-yayimladi-brtk\/"},"modified":"2024-12-22T18:38:50","modified_gmt":"2024-12-22T15:38:50","slug":"saglik-bakani-dincyurek-muglada-yasanan-ambulans-helikopter-kazasi-nedeniyle-mesaj-yayimladi-brtk","status":"publish","type":"post","link":"https:\/\/kibrisayna.com\/index.php\/2024\/12\/22\/saglik-bakani-dincyurek-muglada-yasanan-ambulans-helikopter-kazasi-nedeniyle-mesaj-yayimladi-brtk\/","title":{"rendered":"Sa\u011fl\u0131k Bakan\u0131 Din\u00e7y\u00fcrek, Mu\u011fla\u2019da ya\u015fanan ambulans helikopter kazas\u0131 nedeniyle mesaj yay\u0131mlad\u0131 \u2013 BRTK"},"content":{"rendered":"<p> <br \/>\n<\/p>\n<div>\n<div class=\"mariselle-image-container center\">\n                <img loading=\"lazy\" decoding=\"async\" width=\"2480\" height=\"1656\" class=\"lazy-image\" alt=\"\" sizes=\"auto, (max-width: 2480px) 100vw, 2480px\" src=\"https:\/\/brtk.net\/wp-content\/uploads\/2024\/03\/07\/dincyurek.jpg?ver=4fa02585c4376affa161bda4bedf6f2b\" srcset=\"https:\/\/brtk.net\/wp-content\/uploads\/2024\/03\/07\/dincyurek.jpg?ver=4fa02585c4376affa161bda4bedf6f2b 2480w, https:\/\/brtk.net\/wp-content\/uploads\/2024\/03\/07\/dincyurek-300x200.jpg?ver=f105b24e856ce66cfa7db3b33dd96dc4 300w, https:\/\/brtk.net\/wp-content\/uploads\/2024\/03\/07\/dincyurek-1024x684.jpg?ver=f105b24e856ce66cfa7db3b33dd96dc4 1024w, https:\/\/brtk.net\/wp-content\/uploads\/2024\/03\/07\/dincyurek-768x513.jpg?ver=bf82486a59136d47ec9b79b8521bfcf8 768w, https:\/\/brtk.net\/wp-content\/uploads\/2024\/03\/07\/dincyurek-1536x1026.jpg?ver=e6a77514520ec6a421945729572a7c46 1536w, https:\/\/brtk.net\/wp-content\/uploads\/2024\/03\/07\/dincyurek-2048x1368.jpg?ver=6c665923b782e053e4a49fcba61cd193 2048w\"\/>                            <\/div>\n<p>Sa\u011fl\u0131k Bakan\u0131 Dr. Hakan Din\u00e7y\u00fcrek, Mu\u011fla\u2019da ya\u015fanan ambulans helikopter kazas\u0131 nedeniyle mesaj yay\u0131mlad\u0131. <\/p>\n<p>Bakan Din\u00e7y\u00fcrek, \u015fu ifadelerde bulundu; <\/p>\n<p>\u201cT\u00fcrkiye Cumhuriyeti Sa\u011fl\u0131k Bakanl\u0131\u011f\u0131na ba\u011fl\u0131 olarak hizmet veren ambulans helikopterin Mu\u011fla\u2019da d\u00fc\u015fmesi sonucu \u015fehit olan pilotlar\u0131m\u0131za, hekimimize ve sa\u011fl\u0131k \u00e7al\u0131\u015fan\u0131m\u0131za Allah\u2019tan rahmet, ailelerine ve yak\u0131nlar\u0131na ba\u015fsa\u011fl\u0131\u011f\u0131 diliyorum.\u201d Ba\u015f\u0131m\u0131z sa\u011f olsun.<\/p>\n<\/p><\/div>\n<p><script async\n                    defer\n                    crossorigin=\"anonymous\"\n                    src=\"https:\/\/connect.facebook.net\/tr_TR\/sdk.js#xfbml=1&#038;version=v3.3\"\n            ><\/script><br \/>\n<br \/><br \/>\n<br \/><a href=\"https:\/\/brtk.net\/saglik-bakani-dincyurek-muglada-yasanan-ambulans-helikopter-kazasi-nedeniyle-mesaj-yayimladi\/\">Kaynak BRT <\/a><\/p>\n","protected":false},"excerpt":{"rendered":"<p>Sa\u011fl\u0131k Bakan\u0131 Dr. Hakan Din\u00e7y\u00fcrek, Mu\u011fla\u2019da ya\u015fanan ambulans helikopter kazas\u0131 nedeniyle mesaj yay\u0131mlad\u0131. Bakan Din\u00e7y\u00fcrek, \u015fu ifadelerde bulundu; \u201cT\u00fcrkiye Cumhuriyeti Sa\u011fl\u0131k Bakanl\u0131\u011f\u0131na ba\u011fl\u0131 olarak hizmet veren ambulans helikopterin Mu\u011fla\u2019da d\u00fc\u015fmesi sonucu \u015fehit olan pilotlar\u0131m\u0131za, hekimimize ve sa\u011fl\u0131k \u00e7al\u0131\u015fan\u0131m\u0131za Allah\u2019tan rahmet, ailelerine ve yak\u0131nlar\u0131na ba\u015fsa\u011fl\u0131\u011f\u0131 diliyorum.\u201d Ba\u015f\u0131m\u0131z sa\u011f olsun. Kaynak BRT<\/p>\n","protected":false},"author":908,"featured_media":3761,"comment_status":"open","ping_status":"open","sticky":false,"template":"","format":"standard","meta":{"_jetpack_memberships_contains_paid_content":false,"footnotes":"","jetpack_publicize_message":"","jetpack_publicize_feature_enabled":true,"jetpack_social_post_already_shared":true,"jetpack_social_options":{"image_generator_settings":{"template":"highway","default_image_id":0,"font":"","enabled":false},"version":2}},"categories":[253],"tags":[],"class_list":["post-14705","post","type-post","status-publish","format-standard","has-post-thumbnail","hentry","category-gundem"],"jetpack_publicize_connections":[],"jetpack_featured_media_url":"https:\/\/kibrisayna.com\/wp-content\/uploads\/2024\/08\/dincyurek.jpg","jetpack_sharing_enabled":true,"_links":{"self":[{"href":"https:\/\/kibrisayna.com\/index.php\/wp-json\/wp\/v2\/posts\/14705","targetHints":{"allow":["GET"]}}],"collection":[{"href":"https:\/\/kibrisayna.com\/index.php\/wp-json\/wp\/v2\/posts"}],"about":[{"href":"https:\/\/kibrisayna.com\/index.php\/wp-json\/wp\/v2\/types\/post"}],"author":[{"embeddable":true,"href":"https:\/\/kibrisayna.com\/index.php\/wp-json\/wp\/v2\/users\/908"}],"replies":[{"embeddable":true,"href":"https:\/\/kibrisayna.com\/index.php\/wp-json\/wp\/v2\/comments?post=14705"}],"version-history":[{"count":0,"href":"https:\/\/kibrisayna.com\/index.php\/wp-json\/wp\/v2\/posts\/14705\/revisions"}],"wp:featuredmedia":[{"embeddable":true,"href":"https:\/\/kibrisayna.com\/index.php\/wp-json\/wp\/v2\/media\/3761"}],"wp:attachment":[{"href":"https:\/\/kibrisayna.com\/index.php\/wp-json\/wp\/v2\/media?parent=14705"}],"wp:term":[{"taxonomy":"category","embeddable":true,"href":"https:\/\/kibrisayna.com\/index.php\/wp-json\/wp\/v2\/categories?post=14705"},{"taxonomy":"post_tag","embeddable":true,"href":"https:\/\/kibrisayna.com\/index.php\/wp-json\/wp\/v2\/tags?post=14705"}],"curies":[{"name":"wp","href":"https:\/\/api.w.org\/{rel}","templated":true}]}}