{"id":14691,"date":"2024-12-22T15:44:55","date_gmt":"2024-12-22T12:44:55","guid":{"rendered":"https:\/\/kibrisayna.com\/index.php\/2024\/12\/22\/dis-basini-birliginden-taziye-mesaji-brtk\/"},"modified":"2024-12-22T15:44:55","modified_gmt":"2024-12-22T12:44:55","slug":"dis-basini-birliginden-taziye-mesaji-brtk","status":"publish","type":"post","link":"https:\/\/kibrisayna.com\/index.php\/2024\/12\/22\/dis-basini-birliginden-taziye-mesaji-brtk\/","title":{"rendered":"D\u0131\u015f Bas\u0131n\u0131 Birli\u011fi\u2019nden taziye mesaj\u0131 \u2013 BRTK"},"content":{"rendered":"<p> <br \/>\n<\/p>\n<div>\n<div class=\"mariselle-image-container center\">\n                <img loading=\"lazy\" decoding=\"async\" width=\"860\" height=\"505\" class=\"lazy-image\" alt=\"\" sizes=\"auto, (max-width: 860px) 100vw, 860px\" src=\"https:\/\/brtk.net\/wp-content\/uploads\/2024\/12\/22\/1734870401384TAMER-GONUL.jpg?ver=b175a988cb5ee82407399af9ebcce1a5\" srcset=\"https:\/\/brtk.net\/wp-content\/uploads\/2024\/12\/22\/1734870401384TAMER-GONUL.jpg?ver=b175a988cb5ee82407399af9ebcce1a5 860w, https:\/\/brtk.net\/wp-content\/uploads\/2024\/12\/22\/1734870401384TAMER-GONUL-300x176.jpg?ver=b175a988cb5ee82407399af9ebcce1a5 300w, https:\/\/brtk.net\/wp-content\/uploads\/2024\/12\/22\/1734870401384TAMER-GONUL-768x451.jpg?ver=b175a988cb5ee82407399af9ebcce1a5 768w, https:\/\/brtk.net\/wp-content\/uploads\/2024\/12\/22\/1734870401384TAMER-GONUL-379x222.jpg?ver=0d83a795bdbb6c17ff28617c3a9df204 379w\"\/>                            <\/div>\n<p>D\u0131\u015f Bas\u0131n Birli\u011fi, D\u0131\u015f Bas\u0131n Birli\u011fi Genel Sekreteri Taner G\u00f6n\u00fcl\u2019\u00fcn a\u011fabeyi pilot Tamer G\u00f6n\u00fcl\u2019\u00fcn Mu\u011fla\u2019daki helikopter kazas\u0131nda hayat\u0131n\u0131 kaybetmesi nedeniyle taziye mesaj\u0131 yay\u0131mlad\u0131.<\/p>\n<p>Mesaj \u015f\u00f6yle:<\/p>\n<p>\u201cMerhum Tamer G\u00f6n\u00fcl, T\u00fcrk Silahl\u0131 Kuvvetlerine y\u0131llarca de\u011ferli hizmetlerde bulunmu\u015f ve albay r\u00fctbesiyle emekli olduktan sonra sa\u011fl\u0131k alan\u0131nda hizmet etmek amac\u0131yla ambulans helikopter pilotlu\u011fu yapmaya ba\u015flam\u0131\u015ft\u0131. Tamer G\u00f6n\u00fcl\u2019e ve kazada hayat\u0131n\u0131 kaybeden di\u011fer karde\u015flerimize Allah\u2019tan rahmet, ba\u015fta de\u011ferli karde\u015fimiz Taner G\u00f6n\u00fcl olmak \u00fczere t\u00fcm G\u00f6n\u00fcl ailesi ve sevenlerine ba\u015fsa\u011fl\u0131\u011f\u0131 dileriz\u201d<\/p>\n<\/p><\/div>\n<p><script async\n                    defer\n                    crossorigin=\"anonymous\"\n                    src=\"https:\/\/connect.facebook.net\/tr_TR\/sdk.js#xfbml=1&#038;version=v3.3\"\n            ><\/script><br \/>\n<br \/><br \/>\n<br \/><a href=\"https:\/\/brtk.net\/dis-basini-birliginden-taziye-mesaji\/\">Kaynak BRT <\/a><\/p>\n","protected":false},"excerpt":{"rendered":"<p>D\u0131\u015f Bas\u0131n Birli\u011fi, D\u0131\u015f Bas\u0131n Birli\u011fi Genel Sekreteri Taner G\u00f6n\u00fcl\u2019\u00fcn a\u011fabeyi pilot Tamer G\u00f6n\u00fcl\u2019\u00fcn Mu\u011fla\u2019daki helikopter kazas\u0131nda hayat\u0131n\u0131 kaybetmesi nedeniyle taziye mesaj\u0131 yay\u0131mlad\u0131. Mesaj \u015f\u00f6yle: \u201cMerhum Tamer G\u00f6n\u00fcl, T\u00fcrk Silahl\u0131 Kuvvetlerine y\u0131llarca de\u011ferli hizmetlerde bulunmu\u015f ve albay r\u00fctbesiyle emekli olduktan sonra sa\u011fl\u0131k alan\u0131nda hizmet etmek amac\u0131yla ambulans helikopter pilotlu\u011fu yapmaya ba\u015flam\u0131\u015ft\u0131. Tamer G\u00f6n\u00fcl\u2019e ve kazada [&hellip;]<\/p>\n","protected":false},"author":908,"featured_media":14692,"comment_status":"open","ping_status":"open","sticky":false,"template":"","format":"standard","meta":{"_jetpack_memberships_contains_paid_content":false,"footnotes":"","jetpack_publicize_message":"","jetpack_publicize_feature_enabled":true,"jetpack_social_post_already_shared":true,"jetpack_social_options":{"image_generator_settings":{"template":"highway","default_image_id":0,"font":"","enabled":false},"version":2}},"categories":[253],"tags":[],"class_list":["post-14691","post","type-post","status-publish","format-standard","has-post-thumbnail","hentry","category-gundem"],"jetpack_publicize_connections":[],"jetpack_featured_media_url":"https:\/\/kibrisayna.com\/wp-content\/uploads\/2024\/12\/1734870401384TAMER-GONUL.jpg","jetpack_sharing_enabled":true,"_links":{"self":[{"href":"https:\/\/kibrisayna.com\/index.php\/wp-json\/wp\/v2\/posts\/14691","targetHints":{"allow":["GET"]}}],"collection":[{"href":"https:\/\/kibrisayna.com\/index.php\/wp-json\/wp\/v2\/posts"}],"about":[{"href":"https:\/\/kibrisayna.com\/index.php\/wp-json\/wp\/v2\/types\/post"}],"author":[{"embeddable":true,"href":"https:\/\/kibrisayna.com\/index.php\/wp-json\/wp\/v2\/users\/908"}],"replies":[{"embeddable":true,"href":"https:\/\/kibrisayna.com\/index.php\/wp-json\/wp\/v2\/comments?post=14691"}],"version-history":[{"count":0,"href":"https:\/\/kibrisayna.com\/index.php\/wp-json\/wp\/v2\/posts\/14691\/revisions"}],"wp:featuredmedia":[{"embeddable":true,"href":"https:\/\/kibrisayna.com\/index.php\/wp-json\/wp\/v2\/media\/14692"}],"wp:attachment":[{"href":"https:\/\/kibrisayna.com\/index.php\/wp-json\/wp\/v2\/media?parent=14691"}],"wp:term":[{"taxonomy":"category","embeddable":true,"href":"https:\/\/kibrisayna.com\/index.php\/wp-json\/wp\/v2\/categories?post=14691"},{"taxonomy":"post_tag","embeddable":true,"href":"https:\/\/kibrisayna.com\/index.php\/wp-json\/wp\/v2\/tags?post=14691"}],"curies":[{"name":"wp","href":"https:\/\/api.w.org\/{rel}","templated":true}]}}