{"id":14690,"date":"2024-12-22T15:37:00","date_gmt":"2024-12-22T12:37:00","guid":{"rendered":"https:\/\/kibrisayna.com\/index.php\/2024\/12\/22\/cavustan-taziye-mesaji-brtk\/"},"modified":"2024-12-22T15:37:00","modified_gmt":"2024-12-22T12:37:00","slug":"cavustan-taziye-mesaji-brtk","status":"publish","type":"post","link":"https:\/\/kibrisayna.com\/index.php\/2024\/12\/22\/cavustan-taziye-mesaji-brtk\/","title":{"rendered":"\u00c7avu\u015f\u2019tan taziye mesaj\u0131 \u2013 BRTK"},"content":{"rendered":"<p> <br \/>\n<\/p>\n<div>\n<div class=\"mariselle-image-container center\">\n                <img loading=\"lazy\" decoding=\"async\" width=\"217\" height=\"232\" class=\"lazy-image\" alt=\"\" src=\"https:\/\/brtk.net\/wp-content\/uploads\/2024\/12\/22\/1734869888642indir.jpg?ver=d09382431c6c7a4f038e7f240bc15503\"\/>                            <\/div>\n<p>Tar\u0131m ve Do\u011fal Kaynaklar Bakan\u0131 H\u00fcseyin \u00c7avu\u015f, Mu\u011fla\u2019da ger\u00e7ekle\u015fen helikopter kazas\u0131nda hayat\u0131n\u0131 kaybedenler i\u00e7in taziye mesaj\u0131 yay\u0131mlad\u0131.<\/p>\n<p>\u00c7avu\u015f\u2019un mesaj\u0131 \u015f\u00f6yle:<\/p>\n<p>\u201cMu\u011fla\u2019da meydana gelen helikopter kazas\u0131nda hayat\u0131n\u0131 kaybeden 2 pilot, 1 hekim ve 1 sa\u011fl\u0131k \u00e7al\u0131\u015fan\u0131na Allah\u2019tan rahmet, ailelerine ve yak\u0131nlar\u0131na sab\u0131r, T\u00fcrk milletine ba\u015fsa\u011fl\u0131\u011f\u0131 diliyorum. G\u00f6revleri ba\u015f\u0131nda b\u00fcy\u00fck bir fedak\u00e2rl\u0131kla m\u00fccadele eden kahramanlar\u0131m\u0131z\u0131 sayg\u0131yla an\u0131yoruz. Milletimizin ba\u015f\u0131 sa\u011f olsun\u201d<\/p>\n<\/p><\/div>\n<p><script async\n                    defer\n                    crossorigin=\"anonymous\"\n                    src=\"https:\/\/connect.facebook.net\/tr_TR\/sdk.js#xfbml=1&#038;version=v3.3\"\n            ><\/script><br \/>\n<br \/><br \/>\n<br \/><a href=\"https:\/\/brtk.net\/cavustan-taziye-mesaji\/\">Kaynak BRT <\/a><\/p>\n","protected":false},"excerpt":{"rendered":"<p>Tar\u0131m ve Do\u011fal Kaynaklar Bakan\u0131 H\u00fcseyin \u00c7avu\u015f, Mu\u011fla\u2019da ger\u00e7ekle\u015fen helikopter kazas\u0131nda hayat\u0131n\u0131 kaybedenler i\u00e7in taziye mesaj\u0131 yay\u0131mlad\u0131. \u00c7avu\u015f\u2019un mesaj\u0131 \u015f\u00f6yle: \u201cMu\u011fla\u2019da meydana gelen helikopter kazas\u0131nda hayat\u0131n\u0131 kaybeden 2 pilot, 1 hekim ve 1 sa\u011fl\u0131k \u00e7al\u0131\u015fan\u0131na Allah\u2019tan rahmet, ailelerine ve yak\u0131nlar\u0131na sab\u0131r, T\u00fcrk milletine ba\u015fsa\u011fl\u0131\u011f\u0131 diliyorum. G\u00f6revleri ba\u015f\u0131nda b\u00fcy\u00fck bir fedak\u00e2rl\u0131kla m\u00fccadele eden kahramanlar\u0131m\u0131z\u0131 sayg\u0131yla an\u0131yoruz. [&hellip;]<\/p>\n","protected":false},"author":908,"featured_media":2321,"comment_status":"open","ping_status":"open","sticky":false,"template":"","format":"standard","meta":{"_jetpack_memberships_contains_paid_content":false,"footnotes":"","jetpack_publicize_message":"","jetpack_publicize_feature_enabled":true,"jetpack_social_post_already_shared":true,"jetpack_social_options":{"image_generator_settings":{"template":"highway","default_image_id":0,"font":"","enabled":false},"version":2}},"categories":[253],"tags":[],"class_list":["post-14690","post","type-post","status-publish","format-standard","has-post-thumbnail","hentry","category-gundem"],"jetpack_publicize_connections":[],"jetpack_featured_media_url":"https:\/\/kibrisayna.com\/wp-content\/uploads\/2024\/08\/kelle-34-scaled.jpg","jetpack_sharing_enabled":true,"_links":{"self":[{"href":"https:\/\/kibrisayna.com\/index.php\/wp-json\/wp\/v2\/posts\/14690","targetHints":{"allow":["GET"]}}],"collection":[{"href":"https:\/\/kibrisayna.com\/index.php\/wp-json\/wp\/v2\/posts"}],"about":[{"href":"https:\/\/kibrisayna.com\/index.php\/wp-json\/wp\/v2\/types\/post"}],"author":[{"embeddable":true,"href":"https:\/\/kibrisayna.com\/index.php\/wp-json\/wp\/v2\/users\/908"}],"replies":[{"embeddable":true,"href":"https:\/\/kibrisayna.com\/index.php\/wp-json\/wp\/v2\/comments?post=14690"}],"version-history":[{"count":0,"href":"https:\/\/kibrisayna.com\/index.php\/wp-json\/wp\/v2\/posts\/14690\/revisions"}],"wp:featuredmedia":[{"embeddable":true,"href":"https:\/\/kibrisayna.com\/index.php\/wp-json\/wp\/v2\/media\/2321"}],"wp:attachment":[{"href":"https:\/\/kibrisayna.com\/index.php\/wp-json\/wp\/v2\/media?parent=14690"}],"wp:term":[{"taxonomy":"category","embeddable":true,"href":"https:\/\/kibrisayna.com\/index.php\/wp-json\/wp\/v2\/categories?post=14690"},{"taxonomy":"post_tag","embeddable":true,"href":"https:\/\/kibrisayna.com\/index.php\/wp-json\/wp\/v2\/tags?post=14690"}],"curies":[{"name":"wp","href":"https:\/\/api.w.org\/{rel}","templated":true}]}}