{"id":14677,"date":"2024-12-22T14:32:18","date_gmt":"2024-12-22T11:32:18","guid":{"rendered":"https:\/\/kibrisayna.com\/index.php\/2024\/12\/22\/bolgemizde-saganak-yagmur-bekleniyor-brtk\/"},"modified":"2024-12-22T14:32:18","modified_gmt":"2024-12-22T11:32:18","slug":"bolgemizde-saganak-yagmur-bekleniyor-brtk","status":"publish","type":"post","link":"https:\/\/kibrisayna.com\/index.php\/2024\/12\/22\/bolgemizde-saganak-yagmur-bekleniyor-brtk\/","title":{"rendered":"B\u00f6lgemizde sa\u011fanak ya\u011fmur bekleniyor \u2013 BRTK"},"content":{"rendered":"<p> <br \/>\n<\/p>\n<div>\n<div class=\"mariselle-image-container center\">\n                <img loading=\"lazy\" decoding=\"async\" width=\"612\" height=\"375\" class=\"lazy-image\" alt=\"\" sizes=\"auto, (max-width: 612px) 100vw, 612px\" src=\"https:\/\/brtk.net\/wp-content\/uploads\/2024\/11\/23\/yagmur63.jpg?ver=5da350a18b2cdcb1e66a9dd565cb70d8\" srcset=\"https:\/\/brtk.net\/wp-content\/uploads\/2024\/11\/23\/yagmur63.jpg?ver=5da350a18b2cdcb1e66a9dd565cb70d8 612w, https:\/\/brtk.net\/wp-content\/uploads\/2024\/11\/23\/yagmur63-300x184.jpg?ver=12004c049203186b89c0ce09c3635b81 300w\"\/>                            <\/div>\n<p>\nB\u00f6lgemiz so\u011fuk ve nemli hava k\u00fctlesinin etkisi alt\u0131na giriyor.<\/p>\n<p>Bug\u00fcnden ittibaren Sal\u0131 g\u00fcn\u00fcnde kadar sa\u011fanak ya\u011fmur bekleniyor.<\/p>\n<p>Meteoroloji Dairesi karada ve denizde f\u0131rt\u0131nams\u0131 r\u00fczgar uyar\u0131s\u0131 da yapt\u0131.<\/p>\n<p>Meteoroloji Dairesi sa\u011fanak beklendi\u011fini duyurdu.<\/p>\n<p>B\u00f6lge genellikle al\u00e7ak bas\u0131n\u00e7 sistemi ile \u00fcst atmosferdeki so\u011fuk ve nemli hava k\u00fctlesinin etkisinde kalacak.<\/p>\n<p>Buna g\u00f6re, bug\u00fcn \u00f6\u011fleden sonra sa\u011fanak veya g\u00f6k g\u00fcr\u00fclt\u00fcl\u00fc sa\u011fanak, yar\u0131n ve sal\u0131, g\u00fcn\u00fc ise yer yer sa\u011fanak bekleniyor.<br \/>Hava di\u011fer g\u00fcnlerde genellikle par\u00e7al\u0131, zaman zaman \u00e7ok bulutlu olacak. <\/p>\n<p>\u00d6te yandan Meteoroloji Dairesi karada ve denizde f\u0131rt\u0131nams\u0131 r\u00fczgar uyar\u0131s\u0131 da yapt\u0131.<\/p>\n<\/p><\/div>\n<p><script async\n                    defer\n                    crossorigin=\"anonymous\"\n                    src=\"https:\/\/connect.facebook.net\/tr_TR\/sdk.js#xfbml=1&#038;version=v3.3\"\n            ><\/script><br \/>\n<br \/><br \/>\n<br \/><a href=\"https:\/\/brtk.net\/bolgemizde-saganak-yagmur-bekleniyor\/\">Kaynak BRT <\/a><\/p>\n","protected":false},"excerpt":{"rendered":"<p>B\u00f6lgemiz so\u011fuk ve nemli hava k\u00fctlesinin etkisi alt\u0131na giriyor. Bug\u00fcnden ittibaren Sal\u0131 g\u00fcn\u00fcnde kadar sa\u011fanak ya\u011fmur bekleniyor. Meteoroloji Dairesi karada ve denizde f\u0131rt\u0131nams\u0131 r\u00fczgar uyar\u0131s\u0131 da yapt\u0131. Meteoroloji Dairesi sa\u011fanak beklendi\u011fini duyurdu. B\u00f6lge genellikle al\u00e7ak bas\u0131n\u00e7 sistemi ile \u00fcst atmosferdeki so\u011fuk ve nemli hava k\u00fctlesinin etkisinde kalacak. Buna g\u00f6re, bug\u00fcn \u00f6\u011fleden sonra sa\u011fanak veya g\u00f6k [&hellip;]<\/p>\n","protected":false},"author":908,"featured_media":11793,"comment_status":"open","ping_status":"open","sticky":false,"template":"","format":"standard","meta":{"_jetpack_memberships_contains_paid_content":false,"footnotes":"","jetpack_publicize_message":"","jetpack_publicize_feature_enabled":true,"jetpack_social_post_already_shared":true,"jetpack_social_options":{"image_generator_settings":{"template":"highway","default_image_id":0,"font":"","enabled":false},"version":2}},"categories":[253],"tags":[],"class_list":["post-14677","post","type-post","status-publish","format-standard","has-post-thumbnail","hentry","category-gundem"],"jetpack_publicize_connections":[],"jetpack_featured_media_url":"https:\/\/kibrisayna.com\/wp-content\/uploads\/2024\/11\/yagmur63.jpg","jetpack_sharing_enabled":true,"_links":{"self":[{"href":"https:\/\/kibrisayna.com\/index.php\/wp-json\/wp\/v2\/posts\/14677","targetHints":{"allow":["GET"]}}],"collection":[{"href":"https:\/\/kibrisayna.com\/index.php\/wp-json\/wp\/v2\/posts"}],"about":[{"href":"https:\/\/kibrisayna.com\/index.php\/wp-json\/wp\/v2\/types\/post"}],"author":[{"embeddable":true,"href":"https:\/\/kibrisayna.com\/index.php\/wp-json\/wp\/v2\/users\/908"}],"replies":[{"embeddable":true,"href":"https:\/\/kibrisayna.com\/index.php\/wp-json\/wp\/v2\/comments?post=14677"}],"version-history":[{"count":0,"href":"https:\/\/kibrisayna.com\/index.php\/wp-json\/wp\/v2\/posts\/14677\/revisions"}],"wp:featuredmedia":[{"embeddable":true,"href":"https:\/\/kibrisayna.com\/index.php\/wp-json\/wp\/v2\/media\/11793"}],"wp:attachment":[{"href":"https:\/\/kibrisayna.com\/index.php\/wp-json\/wp\/v2\/media?parent=14677"}],"wp:term":[{"taxonomy":"category","embeddable":true,"href":"https:\/\/kibrisayna.com\/index.php\/wp-json\/wp\/v2\/categories?post=14677"},{"taxonomy":"post_tag","embeddable":true,"href":"https:\/\/kibrisayna.com\/index.php\/wp-json\/wp\/v2\/tags?post=14677"}],"curies":[{"name":"wp","href":"https:\/\/api.w.org\/{rel}","templated":true}]}}