{"id":14651,"date":"2024-12-22T12:27:42","date_gmt":"2024-12-22T09:27:42","guid":{"rendered":"https:\/\/kibrisayna.com\/index.php\/2024\/12\/22\/muglada-tc-saglik-bakanligina-ait-ambulans-helikopter-dustu-4-olu-brtk\/"},"modified":"2024-12-22T12:27:42","modified_gmt":"2024-12-22T09:27:42","slug":"muglada-tc-saglik-bakanligina-ait-ambulans-helikopter-dustu-4-olu-brtk","status":"publish","type":"post","link":"https:\/\/kibrisayna.com\/index.php\/2024\/12\/22\/muglada-tc-saglik-bakanligina-ait-ambulans-helikopter-dustu-4-olu-brtk\/","title":{"rendered":"Mu\u011fla\u2019da TC Sa\u011fl\u0131k Bakanl\u0131\u011f\u0131\u2019na ait ambulans helikopter d\u00fc\u015ft\u00fc: 4 \u00f6l\u00fc \u2013 BRTK"},"content":{"rendered":"<p> <br \/>\n<\/p>\n<div>\n<div class=\"mariselle-image-container center\">\n                <img loading=\"lazy\" decoding=\"async\" width=\"600\" height=\"343\" class=\"lazy-image\" alt=\"\" sizes=\"auto, (max-width: 600px) 100vw, 600px\" src=\"https:\/\/brtk.net\/wp-content\/uploads\/2024\/12\/22\/AW355272_01.jpg?ver=c3f1f100c6199e76c61093711d38d71f\" srcset=\"https:\/\/brtk.net\/wp-content\/uploads\/2024\/12\/22\/AW355272_01.jpg?ver=c3f1f100c6199e76c61093711d38d71f 600w, https:\/\/brtk.net\/wp-content\/uploads\/2024\/12\/22\/AW355272_01-300x172.jpg?ver=c3f1f100c6199e76c61093711d38d71f 300w\"\/>                            <\/div>\n<p>TC Sa\u011fl\u0131k Bakanl\u0131\u011f\u0131\u2019na ait ambulans helikopter Mu\u011fla E\u011fitim ve Ara\u015ft\u0131rma Hastanesi\u2019ne \u00e7arparak bo\u015f bir alana d\u00fc\u015ft\u00fc. Kazada ambulans helikopterde bulunan 2 pilot, 1 hekim, 1 personelin hayat\u0131n\u0131 kaybetti\u011fi \u00f6\u011frenildi.<\/p>\n<p>Mu\u011fla\u2019n\u0131n Mente\u015fe il\u00e7esinde bulunan Mu\u011fla E\u011fitim ve Ara\u015ft\u0131rma Hastanesi\u2019nden Antalya\u2019ya gitmek \u00fczere kalk\u0131\u015f yapan bir ambulans helikopter hastanenin 4. kat\u0131na \u00e7arparak bo\u015f bir alana d\u00fc\u015ft\u00fc.<\/p>\n<div class=\"mariselle-image-container center\">\n                <img loading=\"lazy\" decoding=\"async\" width=\"600\" height=\"800\" class=\"lazy-image\" alt=\"\" sizes=\"auto, (max-width: 600px) 100vw, 600px\" src=\"https:\/\/brtk.net\/wp-content\/uploads\/2024\/12\/22\/AW355272_02.jpg?ver=03d1a7f00aca46cef54465cd6475fba8\" srcset=\"https:\/\/brtk.net\/wp-content\/uploads\/2024\/12\/22\/AW355272_02.jpg?ver=03d1a7f00aca46cef54465cd6475fba8 600w, https:\/\/brtk.net\/wp-content\/uploads\/2024\/12\/22\/AW355272_02-225x300.jpg?ver=c18370409fa824d2e0ebb7cf7707b29b 225w\"\/>                            <\/div>\n<p>\u0130hbar \u00fczerine kaza yerine \u00e7ok say\u0131da itfaiye, sa\u011fl\u0131k, polis ve AFAD ekipleri sevk edildi.<\/p>\n<p>Olay yerine giderek incelemelerde bulunan Mu\u011fla Valisi \u0130dris Akb\u0131y\u0131k, gazetecilere a\u00e7\u0131klamalarda bulundu.<\/p>\n<p>Akb\u0131y\u0131k, ambulans helikopterde bulunan 2 pilot, 1 hekim, 1 personelin hayat\u0131n\u0131 kaybetti\u011fini a\u00e7\u0131klad\u0131.<\/p>\n<p>B\u00f6lgede yo\u011fun bir sis oldu\u011funu aktaran Vali Akb\u0131y\u0131k, kazan\u0131n sebebinin ara\u015ft\u0131r\u0131ld\u0131\u011f\u0131n\u0131 ve hastanenin i\u00e7erisinde bir s\u0131k\u0131nt\u0131 ya\u015fanmad\u0131\u011f\u0131n\u0131 da vurgulad\u0131.<\/p>\n<div class=\"mariselle-image-container center\">\n                <img loading=\"lazy\" decoding=\"async\" width=\"753\" height=\"424\" class=\"lazy-image\" alt=\"\" sizes=\"auto, (max-width: 753px) 100vw, 753px\" src=\"https:\/\/brtk.net\/wp-content\/uploads\/2024\/12\/22\/jkjk.jpg?ver=14437c858c5fbc18602fb36346f70eaf\" srcset=\"https:\/\/brtk.net\/wp-content\/uploads\/2024\/12\/22\/jkjk.jpg?ver=14437c858c5fbc18602fb36346f70eaf 753w, https:\/\/brtk.net\/wp-content\/uploads\/2024\/12\/22\/jkjk-300x169.jpg?ver=1450502211b1362519c952c794edd131 300w\"\/>                            <\/div>\n<p>\nAmbulans helikopterin Mu\u011fla\u2019dan Antalya\u2019ya gitmek i\u00e7in havaland\u0131\u011f\u0131 s\u0131rada d\u00fc\u015ft\u00fc\u011f\u00fc \u00f6\u011frenildi.<\/p>\n<p>Helikopterden s\u0131zan yak\u0131t\u0131n alev almas\u0131 riskine kar\u015f\u0131 itfaiye ekipleri su s\u0131karak \u00f6nlem al\u0131yor.<\/p>\n<p>Kazayla ilgili inceleme ba\u015flat\u0131ld\u0131.<\/p>\n<p><strong>TC Sa\u011fl\u0131k Bakanl\u0131\u011f\u0131\u2019ndan taziye mesaj\u0131<\/strong><br \/>TC Sa\u011fl\u0131k Bakanl\u0131\u011f\u0131 konuyla ilgili sosyal medya hesab\u0131ndan \u015fu a\u00e7\u0131klamay\u0131 yapt\u0131:<\/p>\n<p>\u201cBakanl\u0131\u011f\u0131m\u0131za ba\u011fl\u0131 hizmet veren bir ambulans helikopter havalan\u0131rken Mu\u011fla E\u011fitim ve Ara\u015ft\u0131rma Hastanesi\u2019ne \u00e7arparak bo\u015f bir alana d\u00fc\u015fm\u00fc\u015ft\u00fcr. Meydana gelen kazada 2 pilot, 1 hekim ve 1 sa\u011fl\u0131k \u00e7al\u0131\u015fan\u0131 olmak \u00fczere 4 \u00e7al\u0131\u015fma arkada\u015f\u0131m\u0131z hayat\u0131n\u0131 kaybetmi\u015ftir. \u015eehitlerimize Allah\u2019tan rahmet, ailelerine ve yak\u0131nlar\u0131na sab\u0131r dileriz. Ba\u015f\u0131m\u0131z sa\u011f olsun. Olayla ilgili incelemeler devam etmekte olup, kamuoyuna gerekli bilgilendirme yap\u0131lacakt\u0131r.\u201d<\/p>\n<p><strong>Cevdet Y\u0131lmaz: \u0130ncelemeler titizlikle s\u00fcrd\u00fcr\u00fcl\u00fcyor<\/strong><br \/>TC Cumhurba\u015fkan\u0131 Yard\u0131mc\u0131s\u0131 Cevdet Y\u0131lmaz, Mu\u011fla\u2019da ya\u015fanan ambulans helikopter kazas\u0131yla ilgili \u015fu a\u00e7\u0131klamay\u0131 yapt\u0131:<\/p>\n<p>\u201cMu\u011fla E\u011fitim ve Ara\u015ft\u0131rma Hastanesi\u2019ne \u00e7arparak kaza k\u0131r\u0131ma u\u011frayan ambulans helikopterde hayat\u0131n\u0131 kaybeden pilotlar\u0131m\u0131za, doktorumuza ve sa\u011fl\u0131k personelimize Allah\u2019tan rahmet; ailelerine ve sa\u011fl\u0131k camiam\u0131za ba\u015fsa\u011fl\u0131\u011f\u0131 diliyorum. Bakanl\u0131\u011f\u0131m\u0131z ve ilgili kurumlar\u0131m\u0131z olayla ilgili incelemelerini titizlikle s\u00fcrd\u00fcrmektedir.\u201d<\/p>\n<\/p><\/div>\n<p><script async\n                    defer\n                    crossorigin=\"anonymous\"\n                    src=\"https:\/\/connect.facebook.net\/tr_TR\/sdk.js#xfbml=1&#038;version=v3.3\"\n            ><\/script><br \/>\n<br \/><br \/>\n<br \/><a href=\"https:\/\/brtk.net\/muglada-tc-saglik-bakanligina-ait-ambulans-helikopter-dustu-4-olu\/\"><\/a><\/p>\n","protected":false},"excerpt":{"rendered":"<p>TC Sa\u011fl\u0131k Bakanl\u0131\u011f\u0131\u2019na ait ambulans helikopter Mu\u011fla E\u011fitim ve Ara\u015ft\u0131rma Hastanesi\u2019ne \u00e7arparak bo\u015f bir alana d\u00fc\u015ft\u00fc. Kazada ambulans helikopterde bulunan 2 pilot, 1 hekim, 1 personelin hayat\u0131n\u0131 kaybetti\u011fi \u00f6\u011frenildi. Mu\u011fla\u2019n\u0131n Mente\u015fe il\u00e7esinde bulunan Mu\u011fla E\u011fitim ve Ara\u015ft\u0131rma Hastanesi\u2019nden Antalya\u2019ya gitmek \u00fczere kalk\u0131\u015f yapan bir ambulans helikopter hastanenin 4. kat\u0131na \u00e7arparak bo\u015f bir alana d\u00fc\u015ft\u00fc. \u0130hbar [&hellip;]<\/p>\n","protected":false},"author":908,"featured_media":14652,"comment_status":"open","ping_status":"open","sticky":false,"template":"","format":"standard","meta":{"_jetpack_memberships_contains_paid_content":false,"footnotes":"","jetpack_publicize_message":"","jetpack_publicize_feature_enabled":true,"jetpack_social_post_already_shared":true,"jetpack_social_options":{"image_generator_settings":{"template":"highway","default_image_id":0,"font":"","enabled":false},"version":2}},"categories":[587],"tags":[],"class_list":["post-14651","post","type-post","status-publish","format-standard","has-post-thumbnail","hentry","category-dunya"],"jetpack_publicize_connections":[],"jetpack_featured_media_url":"https:\/\/kibrisayna.com\/wp-content\/uploads\/2024\/12\/AW355272_01.jpg","jetpack_sharing_enabled":true,"_links":{"self":[{"href":"https:\/\/kibrisayna.com\/index.php\/wp-json\/wp\/v2\/posts\/14651","targetHints":{"allow":["GET"]}}],"collection":[{"href":"https:\/\/kibrisayna.com\/index.php\/wp-json\/wp\/v2\/posts"}],"about":[{"href":"https:\/\/kibrisayna.com\/index.php\/wp-json\/wp\/v2\/types\/post"}],"author":[{"embeddable":true,"href":"https:\/\/kibrisayna.com\/index.php\/wp-json\/wp\/v2\/users\/908"}],"replies":[{"embeddable":true,"href":"https:\/\/kibrisayna.com\/index.php\/wp-json\/wp\/v2\/comments?post=14651"}],"version-history":[{"count":0,"href":"https:\/\/kibrisayna.com\/index.php\/wp-json\/wp\/v2\/posts\/14651\/revisions"}],"wp:featuredmedia":[{"embeddable":true,"href":"https:\/\/kibrisayna.com\/index.php\/wp-json\/wp\/v2\/media\/14652"}],"wp:attachment":[{"href":"https:\/\/kibrisayna.com\/index.php\/wp-json\/wp\/v2\/media?parent=14651"}],"wp:term":[{"taxonomy":"category","embeddable":true,"href":"https:\/\/kibrisayna.com\/index.php\/wp-json\/wp\/v2\/categories?post=14651"},{"taxonomy":"post_tag","embeddable":true,"href":"https:\/\/kibrisayna.com\/index.php\/wp-json\/wp\/v2\/tags?post=14651"}],"curies":[{"name":"wp","href":"https:\/\/api.w.org\/{rel}","templated":true}]}}