{"id":14636,"date":"2024-12-21T15:01:20","date_gmt":"2024-12-21T12:01:20","guid":{"rendered":"https:\/\/kibrisayna.com\/index.php\/2024\/12\/21\/turkiye-saglik-bakanligi-hayatini-kaybettigi-aciklanan-sporcunun-yogun-bakimda-oldugunu-duyurdu-brtk\/"},"modified":"2024-12-21T15:01:20","modified_gmt":"2024-12-21T12:01:20","slug":"turkiye-saglik-bakanligi-hayatini-kaybettigi-aciklanan-sporcunun-yogun-bakimda-oldugunu-duyurdu-brtk","status":"publish","type":"post","link":"https:\/\/kibrisayna.com\/index.php\/2024\/12\/21\/turkiye-saglik-bakanligi-hayatini-kaybettigi-aciklanan-sporcunun-yogun-bakimda-oldugunu-duyurdu-brtk\/","title":{"rendered":"T\u00fcrkiye Sa\u011fl\u0131k Bakanl\u0131\u011f\u0131, hayat\u0131n\u0131 kaybetti\u011fi a\u00e7\u0131klanan sporcunun yo\u011fun bak\u0131mda oldu\u011funu duyurdu \u2013 BRTK"},"content":{"rendered":"<p> <br \/>\n<\/p>\n<div>\n<div class=\"mariselle-image-container center\">\n                <img loading=\"lazy\" decoding=\"async\" width=\"2560\" height=\"1920\" class=\"lazy-image\" alt=\"\" sizes=\"auto, (max-width: 2560px) 100vw, 2560px\" src=\"https:\/\/brtk.net\/wp-content\/uploads\/2024\/12\/21\/er2-scaled.jpg?ver=1cd14dfda0f522d49e215ea77734b84d\" srcset=\"https:\/\/brtk.net\/wp-content\/uploads\/2024\/12\/21\/er2-scaled.jpg?ver=1cd14dfda0f522d49e215ea77734b84d 2560w, https:\/\/brtk.net\/wp-content\/uploads\/2024\/12\/21\/er2-300x225.jpg?ver=2c294203afd0fc7821e1395c2ba9ab27 300w, https:\/\/brtk.net\/wp-content\/uploads\/2024\/12\/21\/er2-1024x768.jpg?ver=5bd6df3a0e2a94e987f9198e496bef60 1024w, https:\/\/brtk.net\/wp-content\/uploads\/2024\/12\/21\/er2-768x576.jpg?ver=cbc806ea57bc6745db6869cded1cfdc2 768w, https:\/\/brtk.net\/wp-content\/uploads\/2024\/12\/21\/er2-1536x1152.jpg?ver=3df75b6a7f1dba63d6cfdf9b9eb8e77c 1536w, https:\/\/brtk.net\/wp-content\/uploads\/2024\/12\/21\/er2-2048x1536.jpg?ver=3b5dfeecfc0dd7d3eed0a29f632fb3ee 2048w\"\/>                            <\/div>\n<p> T\u00fcrkiye Sa\u011fl\u0131k Bakanl\u0131\u011f\u0131, Erzurum Paland\u00f6ken Kayak Merkezi\u2019nde \u00e7\u0131\u011f d\u00fc\u015fmesi sonucu 5 ki\u015finin yaraland\u0131\u011f\u0131n\u0131, Judo Milli Tak\u0131m\u0131 sporcusu Emre Yazgan\u2019\u0131n durumunun ciddiyetini korudu\u011funu bildirdi.<\/p>\n<p>Bakanl\u0131ktan yap\u0131lan a\u00e7\u0131klamada, \u201cErzurum Paland\u00f6ken Kayak Merkezi\u2019nde meydana gelen \u00e7\u0131\u011f d\u00fc\u015fmesi sonucu 5 ki\u015fi yaralanm\u0131\u015ft\u0131r. Yaral\u0131lar, hastanelerimizde tedavi alt\u0131na al\u0131nm\u0131\u015ft\u0131r. Judo Milli Tak\u0131m\u0131 sporcumuz Emre Yazgan\u2019\u0131n durumu ciddiyetini korumakta olup, tedavisi yo\u011fun bak\u0131mda devam etmektedir.\u201d bilgisi verildi.<\/p>\n<\/p><\/div>\n<p><script async\n                    defer\n                    crossorigin=\"anonymous\"\n                    src=\"https:\/\/connect.facebook.net\/tr_TR\/sdk.js#xfbml=1&#038;version=v3.3\"\n            ><\/script><br \/>\n<br \/><br \/>\n<br \/><a href=\"https:\/\/brtk.net\/turkiye-saglik-bakanligi-hayatini-kaybettigi-aciklanan-sporcunun-yogun-bakimda-oldugunu-duyurdu\/\"><\/a><\/p>\n","protected":false},"excerpt":{"rendered":"<p>T\u00fcrkiye Sa\u011fl\u0131k Bakanl\u0131\u011f\u0131, Erzurum Paland\u00f6ken Kayak Merkezi\u2019nde \u00e7\u0131\u011f d\u00fc\u015fmesi sonucu 5 ki\u015finin yaraland\u0131\u011f\u0131n\u0131, Judo Milli Tak\u0131m\u0131 sporcusu Emre Yazgan\u2019\u0131n durumunun ciddiyetini korudu\u011funu bildirdi. Bakanl\u0131ktan yap\u0131lan a\u00e7\u0131klamada, \u201cErzurum Paland\u00f6ken Kayak Merkezi\u2019nde meydana gelen \u00e7\u0131\u011f d\u00fc\u015fmesi sonucu 5 ki\u015fi yaralanm\u0131\u015ft\u0131r. Yaral\u0131lar, hastanelerimizde tedavi alt\u0131na al\u0131nm\u0131\u015ft\u0131r. Judo Milli Tak\u0131m\u0131 sporcumuz Emre Yazgan\u2019\u0131n durumu ciddiyetini korumakta olup, tedavisi yo\u011fun [&hellip;]<\/p>\n","protected":false},"author":908,"featured_media":14637,"comment_status":"open","ping_status":"open","sticky":false,"template":"","format":"standard","meta":{"_jetpack_memberships_contains_paid_content":false,"footnotes":"","jetpack_publicize_message":"","jetpack_publicize_feature_enabled":true,"jetpack_social_post_already_shared":true,"jetpack_social_options":{"image_generator_settings":{"template":"highway","default_image_id":0,"font":"","enabled":false},"version":2}},"categories":[587],"tags":[],"class_list":["post-14636","post","type-post","status-publish","format-standard","has-post-thumbnail","hentry","category-dunya"],"jetpack_publicize_connections":[],"jetpack_featured_media_url":"https:\/\/kibrisayna.com\/wp-content\/uploads\/2024\/12\/er2-scaled.jpg","jetpack_sharing_enabled":true,"_links":{"self":[{"href":"https:\/\/kibrisayna.com\/index.php\/wp-json\/wp\/v2\/posts\/14636","targetHints":{"allow":["GET"]}}],"collection":[{"href":"https:\/\/kibrisayna.com\/index.php\/wp-json\/wp\/v2\/posts"}],"about":[{"href":"https:\/\/kibrisayna.com\/index.php\/wp-json\/wp\/v2\/types\/post"}],"author":[{"embeddable":true,"href":"https:\/\/kibrisayna.com\/index.php\/wp-json\/wp\/v2\/users\/908"}],"replies":[{"embeddable":true,"href":"https:\/\/kibrisayna.com\/index.php\/wp-json\/wp\/v2\/comments?post=14636"}],"version-history":[{"count":0,"href":"https:\/\/kibrisayna.com\/index.php\/wp-json\/wp\/v2\/posts\/14636\/revisions"}],"wp:featuredmedia":[{"embeddable":true,"href":"https:\/\/kibrisayna.com\/index.php\/wp-json\/wp\/v2\/media\/14637"}],"wp:attachment":[{"href":"https:\/\/kibrisayna.com\/index.php\/wp-json\/wp\/v2\/media?parent=14636"}],"wp:term":[{"taxonomy":"category","embeddable":true,"href":"https:\/\/kibrisayna.com\/index.php\/wp-json\/wp\/v2\/categories?post=14636"},{"taxonomy":"post_tag","embeddable":true,"href":"https:\/\/kibrisayna.com\/index.php\/wp-json\/wp\/v2\/tags?post=14636"}],"curies":[{"name":"wp","href":"https:\/\/api.w.org\/{rel}","templated":true}]}}