{"id":14625,"date":"2024-12-21T14:09:01","date_gmt":"2024-12-21T11:09:01","guid":{"rendered":"https:\/\/kibrisayna.com\/index.php\/2024\/12\/21\/21-aralik-milli-mucadele-ve-sehitler-haftasi-kapsaminda-lefkosa-ataturk-kultur-merkezinde-sehitleri-anma-programi-duzenlendi-brtk\/"},"modified":"2024-12-21T14:09:01","modified_gmt":"2024-12-21T11:09:01","slug":"21-aralik-milli-mucadele-ve-sehitler-haftasi-kapsaminda-lefkosa-ataturk-kultur-merkezinde-sehitleri-anma-programi-duzenlendi-brtk","status":"publish","type":"post","link":"https:\/\/kibrisayna.com\/index.php\/2024\/12\/21\/21-aralik-milli-mucadele-ve-sehitler-haftasi-kapsaminda-lefkosa-ataturk-kultur-merkezinde-sehitleri-anma-programi-duzenlendi-brtk\/","title":{"rendered":"21 Aral\u0131k Milli M\u00fccadele ve \u015eehitler Haftas\u0131 kapsam\u0131nda Lefko\u015fa Atat\u00fcrk K\u00fclt\u00fcr Merkezi\u2019nde \u015eehitleri Anma Program\u0131 d\u00fczenlendi \u2013 BRTK"},"content":{"rendered":"<p> <br \/>\n<\/p>\n<div>\n<div class=\"mariselle-image-container center\">\n                <img loading=\"lazy\" decoding=\"async\" width=\"1085\" height=\"446\" class=\"lazy-image\" alt=\"\" sizes=\"auto, (max-width: 1085px) 100vw, 1085px\" src=\"https:\/\/brtk.net\/wp-content\/uploads\/2024\/12\/21\/470830881_894177499553234_1392481360772096703_n.jpg?ver=a3ce751a71ae356b65856ccf9f42f8f4\" srcset=\"https:\/\/brtk.net\/wp-content\/uploads\/2024\/12\/21\/470830881_894177499553234_1392481360772096703_n.jpg?ver=a3ce751a71ae356b65856ccf9f42f8f4 1085w, https:\/\/brtk.net\/wp-content\/uploads\/2024\/12\/21\/470830881_894177499553234_1392481360772096703_n-300x123.jpg?ver=1fecac59cc44ac747f16385d02fa25cc 300w, https:\/\/brtk.net\/wp-content\/uploads\/2024\/12\/21\/470830881_894177499553234_1392481360772096703_n-1024x421.jpg?ver=219f32343bbed980df7b7d5992e3e59e 1024w, https:\/\/brtk.net\/wp-content\/uploads\/2024\/12\/21\/470830881_894177499553234_1392481360772096703_n-768x316.jpg?ver=219f32343bbed980df7b7d5992e3e59e 768w\"\/>                            <\/div>\n<p>\t21 Aral\u0131k Milli M\u00fccadele ve \u015eehitler Haftas\u0131 kapsam\u0131nda Lefko\u015fa Atat\u00fcrk K\u00fclt\u00fcr Merkezi\u2019nde \u015eehitleri Anma Program\u0131 d\u00fczenlendi.<\/p>\n<p>\tT\u00f6ren sayg\u0131 duru\u015fu ve \u0130stiklal Mar\u015f\u0131 ile ba\u015flad\u0131.<\/p>\n<p>\tT\u00f6rende ilk konu\u015fmay\u0131 yapan K\u0131br\u0131s TMT M\u00fccahitler Derne\u011fi Ba\u015fkan\u0131 Celal Bayar,Rum ve Yunan taraf\u0131n\u0131n Akritas Plan\u0131 do\u011frultusunda K\u0131br\u0131s T\u00fcrk\u00fc\u2019ne uygulad\u0131klar\u0131 mezalimi an\u0131msatarak, Kanl\u0131 Noel sald\u0131r\u0131lar\u0131nda ba\u015far\u0131l\u0131 olunamad\u0131\u011f\u0131n\u0131, K\u0131br\u0131s T\u00fcrk\u00fc\u2019n\u00fcn k\u0131t olanaklar\u0131na ra\u011fmen d\u00fc\u015fmana ge\u00e7it vermedi\u011fini s\u00f6yledi.<\/p>\n<p>Bayar, 20 Temmuz 1974 Mutlu Bar\u0131\u015f Harekat\u0131\u2019na kadar K\u0131br\u0131s T\u00fcrk\u00fc\u2019n\u00fcn yokluk i\u00e7inde direni\u015fini s\u00fcrd\u00fcrd\u00fc\u011f\u00fcn\u00fc anlatarak, 21 Aral\u0131k 1963\u2019ten itibaren 11 y\u0131l s\u00fcren direni\u015fte Lefko\u015fa sanca\u011f\u0131 ve t\u00fcm sancaklar\u0131n b\u00fcy\u00fck \u00e7aba harcad\u0131\u011f\u0131n\u0131 kaydetti.<\/p>\n<p>\tDevletin t\u00fcm organlar\u0131ndan kovulan K\u0131br\u0131sl\u0131 T\u00fcrklerin bu s\u00fcre\u00e7teki m\u00fccadelelerinden ve i\u015flenen vah\u015fi cinayetlerden \u00f6rnekler de veren Bayar, mukavemeti elden b\u0131rakmayan TMT m\u00fccahitleri ve K\u0131br\u0131s T\u00fcrk\u00fc\u2019n\u00fcn y\u0131llarca direni\u015fi elden b\u0131rakmad\u0131\u011f\u0131n\u0131 anlatt\u0131.<\/p>\n<p>\t41 ya\u015f\u0131na gelen, can ve kanla kurulan devletin ya\u015fat\u0131laca\u011f\u0131n\u0131 da belirten Bayar, federasyon ihtimalinin art\u0131k bitti\u011fini, adada kal\u0131c\u0131 bar\u0131\u015f\u0131n yegane teminat\u0131 olan T\u00fcrkiye\u2019nin garant\u00f6rl\u00fc\u011f\u00fcnden asla vazge\u00e7ilmeyece\u011fini s\u00f6yledi.<\/p>\n<p>\t\u015eehit Aileleri ve Malul Gaziler Derne\u011fi Ba\u015fkan\u0131 G\u00fcrsel Benanda,21 Aral\u0131k\u2019ta K\u0131br\u0131s T\u00fcrkleri\u2019nin b\u00fcy\u00fck bir azim, birlik ve kararl\u0131l\u0131kla verdi\u011fi m\u00fccadelenin milli bir uyan\u0131\u015f ba\u015flatt\u0131\u011f\u0131n\u0131, o m\u00fccadele ruhunu ya\u015fatmak ve gelecek nesillere aktarman\u0131n herkesin g\u00f6revi oldu\u011funu belirtti.<\/p>\n<p>Benan, 50 y\u0131l \u00f6nce \u00f6zg\u00fcrl\u00fc\u011fe kavu\u015fan bu vatan\u0131n KKTC devleti olarak sonsuza kadar ya\u015fat\u0131laca\u011f\u0131n\u0131 da ifade ederek, \u00f6zg\u00fcrl\u00fck ve ba\u011f\u0131ms\u0131zl\u0131k i\u00e7inde ya\u015faman\u0131n ana gaye olaca\u011f\u0131n\u0131, gelece\u011fe istikrarl\u0131 bir \u015fekilde y\u00fcr\u00fcnece\u011fini s\u00f6yledi.<\/p>\n<p>\t\u015eehitleri minnet ve duayla anmaya devam edeceklerini de kaydeden Benan, milli m\u00fccadele i\u00e7in canlar\u0131n\u0131 feda eden \u015fehitleri, art\u0131k hayatta olmayan gazileri, milli m\u00fccadele liderlerini and\u0131, hayatta olanlara da te\u015fekk\u00fcrlerini iletti.<\/p>\n<p>\tCumhurba\u015fkan\u0131 Ersin Tatar da, t\u00fcm \u015fehitlere rahmet dileyerek ba\u015flad\u0131\u011f\u0131 konu\u015fmas\u0131nda K\u0131br\u0131s T\u00fcrk halk\u0131n\u0131n m\u00fccadelesinin ba\u011f\u0131ms\u0131zl\u0131k m\u00fccadelesi oldu\u011funu belirtti.<\/p>\n<p>\tTatar, 1960 K\u0131br\u0131s Cumhuriyeti\u2019ni Enosis\u2019e bir s\u0131\u00e7rama tahtas\u0131 olarak g\u00f6ren Rumlar\u0131n<br \/>sald\u0131r\u0131lar\u0131yla K\u0131br\u0131s\u2019\u0131n bir kan g\u00f6l\u00fcne d\u00f6n\u00fc\u015ft\u00fc\u011f\u00fcn\u00fc, 11 y\u0131l halk\u0131n zor \u015fartlar alt\u0131nda m\u00fccadele etti\u011fini s\u00f6yledi.<\/p>\n<p>\tB\u00f6yle t\u00f6renlerde \u015fehitlerin rahmetle an\u0131lmas\u0131n\u0131n yan\u0131 s\u0131ra \u00f6zg\u00fcrl\u00fck ve ba\u011f\u0131ms\u0131zl\u0131k m\u00fccadelesinin hala s\u00fcrd\u00fc\u011f\u00fcn\u00fcn de an\u0131msand\u0131\u011f\u0131n\u0131 kaydeden Tatar, kar\u015f\u0131 taraf\u0131n federal bir anla\u015fma temelinde K\u0131br\u0131s T\u00fcrk\u00fc\u2019n\u00fc asimile etme ve T\u00fcrkiye ile ba\u011flar\u0131n\u0131 koparma gayretinde oldu\u011funu belirtti.<\/p>\n<p>\tTatar, tek v\u00fccut olarak hareket edilmesinin \u00f6nemine i\u015faret ederek, gelecek nesillerin ba\u011f\u0131ms\u0131z ya\u015famas\u0131 i\u00e7in egemenli\u011fin K\u0131br\u0131s T\u00fcrk\u00fc i\u00e7in \u015fart ve mutlak oldu\u011funu vurgulad\u0131.<\/p>\n<p>\tTatar, \u015fehitlerin manevi huzurunda egemenlik ve devlete sahip \u00e7\u0131k\u0131laca\u011f\u0131n\u0131, KKTC devletinin bir anla\u015fman\u0131 par\u00e7as\u0131 oldu\u011funu ve 2 devletli bir anla\u015fman\u0131n K\u0131br\u0131s T\u00fcrk\u00fc i\u00e7in mutlak oldu\u011funu belirtti.<\/p>\n<p>\tB\u00f6lgede ya\u015fananlara bak\u0131ld\u0131\u011f\u0131nda art\u0131k g\u00fc\u00e7l\u00fcn\u00fcn daha zay\u0131f\u0131 ac\u0131mas\u0131z bir \u015fekilde ezebildi\u011finin a\u00e7\u0131k\u00e7a g\u00f6r\u00fcld\u00fc\u011f\u00fcn\u00fc de an\u0131msatan Cumhurba\u015fkan\u0131 Ersin Tatar, bu geli\u015fmelerin G\u00fcvenlik Konseyi kararlar\u0131n\u0131n da bir h\u00fckm\u00fc olmad\u0131\u011f\u0131 g\u00f6sterdi\u011fini kaydetti.<\/p>\n<p>\tTatar, \u201cBizim g\u00fcvenece\u011fimiz Anavatan T\u00fcrkiye ve T\u00fcrk ordusunun cayd\u0131r\u0131c\u0131l\u0131\u011f\u0131d\u0131r. KKTC\u2019ye sonuna kadar sahip \u00e7\u0131kmam\u0131z gerekir\u201d dedi.<\/p>\n<div class=\"mariselle-image-container center\">\n                <img loading=\"lazy\" decoding=\"async\" width=\"958\" height=\"437\" class=\"lazy-image\" alt=\"\" sizes=\"auto, (max-width: 958px) 100vw, 958px\" src=\"https:\/\/brtk.net\/wp-content\/uploads\/2024\/12\/21\/ljhkjh.jpg?ver=73f5b46cc7127098f0cf60b16b2a6a16\" srcset=\"https:\/\/brtk.net\/wp-content\/uploads\/2024\/12\/21\/ljhkjh.jpg?ver=73f5b46cc7127098f0cf60b16b2a6a16 958w, https:\/\/brtk.net\/wp-content\/uploads\/2024\/12\/21\/ljhkjh-300x137.jpg?ver=30146d09292ad48fc87ce43efde211d5 300w, https:\/\/brtk.net\/wp-content\/uploads\/2024\/12\/21\/ljhkjh-768x350.jpg?ver=30146d09292ad48fc87ce43efde211d5 768w\"\/>                            <\/div>\n<p>\tT\u00f6rende daha sonra Atat\u00fcrk Meslek Lisesi \u00f6\u011frencilerinin haz\u0131rlad\u0131\u011f\u0131 anma program\u0131 ve oratoryo sahnelendi.<\/p>\n<\/p><\/div>\n<p><script async\n                    defer\n                    crossorigin=\"anonymous\"\n                    src=\"https:\/\/connect.facebook.net\/tr_TR\/sdk.js#xfbml=1&#038;version=v3.3\"\n            ><\/script><br \/>\n<br \/><br \/>\n<br \/><a href=\"https:\/\/brtk.net\/21-aralik-milli-mucadele-ve-sehitler-haftasi-kapsaminda-lefkosa-ataturk-kultur-merkezinde-sehitleri-anma-programi-duzenlendi\/\">Kaynak BRT <\/a><\/p>\n","protected":false},"excerpt":{"rendered":"<p>21 Aral\u0131k Milli M\u00fccadele ve \u015eehitler Haftas\u0131 kapsam\u0131nda Lefko\u015fa Atat\u00fcrk K\u00fclt\u00fcr Merkezi\u2019nde \u015eehitleri Anma Program\u0131 d\u00fczenlendi. T\u00f6ren sayg\u0131 duru\u015fu ve \u0130stiklal Mar\u015f\u0131 ile ba\u015flad\u0131. T\u00f6rende ilk konu\u015fmay\u0131 yapan K\u0131br\u0131s TMT M\u00fccahitler Derne\u011fi Ba\u015fkan\u0131 Celal Bayar,Rum ve Yunan taraf\u0131n\u0131n Akritas Plan\u0131 do\u011frultusunda K\u0131br\u0131s T\u00fcrk\u00fc\u2019ne uygulad\u0131klar\u0131 mezalimi an\u0131msatarak, Kanl\u0131 Noel sald\u0131r\u0131lar\u0131nda ba\u015far\u0131l\u0131 olunamad\u0131\u011f\u0131n\u0131, K\u0131br\u0131s T\u00fcrk\u00fc\u2019n\u00fcn k\u0131t olanaklar\u0131na [&hellip;]<\/p>\n","protected":false},"author":908,"featured_media":14626,"comment_status":"open","ping_status":"open","sticky":false,"template":"","format":"standard","meta":{"_jetpack_memberships_contains_paid_content":false,"footnotes":"","jetpack_publicize_message":"","jetpack_publicize_feature_enabled":true,"jetpack_social_post_already_shared":true,"jetpack_social_options":{"image_generator_settings":{"template":"highway","default_image_id":0,"font":"","enabled":false},"version":2}},"categories":[253],"tags":[],"class_list":["post-14625","post","type-post","status-publish","format-standard","has-post-thumbnail","hentry","category-gundem"],"jetpack_publicize_connections":[],"jetpack_featured_media_url":"https:\/\/kibrisayna.com\/wp-content\/uploads\/2024\/12\/470830881_894177499553234_1392481360772096703_n.jpg","jetpack_sharing_enabled":true,"_links":{"self":[{"href":"https:\/\/kibrisayna.com\/index.php\/wp-json\/wp\/v2\/posts\/14625","targetHints":{"allow":["GET"]}}],"collection":[{"href":"https:\/\/kibrisayna.com\/index.php\/wp-json\/wp\/v2\/posts"}],"about":[{"href":"https:\/\/kibrisayna.com\/index.php\/wp-json\/wp\/v2\/types\/post"}],"author":[{"embeddable":true,"href":"https:\/\/kibrisayna.com\/index.php\/wp-json\/wp\/v2\/users\/908"}],"replies":[{"embeddable":true,"href":"https:\/\/kibrisayna.com\/index.php\/wp-json\/wp\/v2\/comments?post=14625"}],"version-history":[{"count":0,"href":"https:\/\/kibrisayna.com\/index.php\/wp-json\/wp\/v2\/posts\/14625\/revisions"}],"wp:featuredmedia":[{"embeddable":true,"href":"https:\/\/kibrisayna.com\/index.php\/wp-json\/wp\/v2\/media\/14626"}],"wp:attachment":[{"href":"https:\/\/kibrisayna.com\/index.php\/wp-json\/wp\/v2\/media?parent=14625"}],"wp:term":[{"taxonomy":"category","embeddable":true,"href":"https:\/\/kibrisayna.com\/index.php\/wp-json\/wp\/v2\/categories?post=14625"},{"taxonomy":"post_tag","embeddable":true,"href":"https:\/\/kibrisayna.com\/index.php\/wp-json\/wp\/v2\/tags?post=14625"}],"curies":[{"name":"wp","href":"https:\/\/api.w.org\/{rel}","templated":true}]}}