{"id":14621,"date":"2024-12-21T13:01:12","date_gmt":"2024-12-21T10:01:12","guid":{"rendered":"https:\/\/kibrisayna.com\/index.php\/2024\/12\/21\/sehitler-degirmenlikte-de-anildi-brtk\/"},"modified":"2024-12-21T13:01:12","modified_gmt":"2024-12-21T10:01:12","slug":"sehitler-degirmenlikte-de-anildi-brtk","status":"publish","type":"post","link":"https:\/\/kibrisayna.com\/index.php\/2024\/12\/21\/sehitler-degirmenlikte-de-anildi-brtk\/","title":{"rendered":"\u015eehitler, De\u011firmenlik\u2019te de an\u0131ld\u0131 \u2013 BRTK"},"content":{"rendered":"<p> <br \/>\n<\/p>\n<div>\n<div class=\"mariselle-image-container center\">\n                <img loading=\"lazy\" decoding=\"async\" width=\"2560\" height=\"1707\" class=\"lazy-image\" alt=\"\" sizes=\"auto, (max-width: 2560px) 100vw, 2560px\" src=\"https:\/\/brtk.net\/wp-content\/uploads\/2024\/12\/21\/1734772212422SEHITLER-HAFTASI-DEGIRMENLIK-TOREN-3-scaled.jpg?ver=9a2cdb79463517a24d3b051dc588e8c5\" srcset=\"https:\/\/brtk.net\/wp-content\/uploads\/2024\/12\/21\/1734772212422SEHITLER-HAFTASI-DEGIRMENLIK-TOREN-3-scaled.jpg?ver=9a2cdb79463517a24d3b051dc588e8c5 2560w, https:\/\/brtk.net\/wp-content\/uploads\/2024\/12\/21\/1734772212422SEHITLER-HAFTASI-DEGIRMENLIK-TOREN-3-300x200.jpg?ver=9a2cdb79463517a24d3b051dc588e8c5 300w, https:\/\/brtk.net\/wp-content\/uploads\/2024\/12\/21\/1734772212422SEHITLER-HAFTASI-DEGIRMENLIK-TOREN-3-1024x683.jpg?ver=f3eeb1421a64390703fd0c52352600a0 1024w, https:\/\/brtk.net\/wp-content\/uploads\/2024\/12\/21\/1734772212422SEHITLER-HAFTASI-DEGIRMENLIK-TOREN-3-768x512.jpg?ver=f3eeb1421a64390703fd0c52352600a0 768w, https:\/\/brtk.net\/wp-content\/uploads\/2024\/12\/21\/1734772212422SEHITLER-HAFTASI-DEGIRMENLIK-TOREN-3-1536x1024.jpg?ver=ffc67e4a4a8c4c3ac6794bbbf6a0db81 1536w, https:\/\/brtk.net\/wp-content\/uploads\/2024\/12\/21\/1734772212422SEHITLER-HAFTASI-DEGIRMENLIK-TOREN-3-2048x1365.jpg?ver=fc5ea497558828f6060081321544d968 2048w\"\/>                            <\/div>\n<p>K\u0131br\u0131s T\u00fcrk halk\u0131n\u0131n varolu\u015f m\u00fccadelesi y\u0131llar\u0131nda \u015fehit d\u00fc\u015fenlerin an\u0131ld\u0131\u011f\u0131 \u201c21-25 Aral\u0131k Milli M\u00fccadele ve \u015eehitler Haftas\u0131\u201d kapsam\u0131nda bug\u00fcn De\u011firmenlik\u2019teki Atat\u00fcrk B\u00fcst\u00fc \u00f6n\u00fcnde de t\u00f6ren d\u00fczenlendi.<\/p>\n<p>De\u011firmenlik-Ak\u0131nc\u0131lar Belediyesi\u2019nden yap\u0131lan a\u00e7\u0131klamaya g\u00f6re, t\u00f6ren saat 09.30\u2019da \u00e7elenklerin sunulmas\u0131, sayg\u0131 duru\u015fu ve \u0130stiklal Mar\u015f\u0131 ile ba\u015flad\u0131.<\/p>\n<p>Anma t\u00f6reninde g\u00fcn\u00fcn anlam ve \u00f6nemini belirten konu\u015fmay\u0131 Top\u00e7u Te\u011fmen Nail Baran yapt\u0131; ard\u0131ndan De\u011firmenlik Lisesi \u00f6\u011frencilerinden Ya\u011fmur Tun\u00e7 \u201c\u015eehitler\u201d adl\u0131 \u015fiiri okudu.<\/p>\n<p>T\u00f6ren, An\u0131t \u00d6zel Defteri\u2019nin 14. Z\u0131rhl\u0131 Tugay Komutan Yard\u0131mc\u0131s\u0131 Vekili Can K\u00fc\u00e7\u00fckmurat taraf\u0131ndan imzalanmas\u0131n\u0131n ard\u0131ndan sona erdi.<\/p>\n<\/p><\/div>\n<p><script async\n                    defer\n                    crossorigin=\"anonymous\"\n                    src=\"https:\/\/connect.facebook.net\/tr_TR\/sdk.js#xfbml=1&#038;version=v3.3\"\n            ><\/script><br \/>\n<br \/><br \/>\n<br \/><a href=\"https:\/\/brtk.net\/sehitler-degirmenlikte-de-anildi\/\">Kaynak BRT <\/a><\/p>\n","protected":false},"excerpt":{"rendered":"<p>K\u0131br\u0131s T\u00fcrk halk\u0131n\u0131n varolu\u015f m\u00fccadelesi y\u0131llar\u0131nda \u015fehit d\u00fc\u015fenlerin an\u0131ld\u0131\u011f\u0131 \u201c21-25 Aral\u0131k Milli M\u00fccadele ve \u015eehitler Haftas\u0131\u201d kapsam\u0131nda bug\u00fcn De\u011firmenlik\u2019teki Atat\u00fcrk B\u00fcst\u00fc \u00f6n\u00fcnde de t\u00f6ren d\u00fczenlendi. De\u011firmenlik-Ak\u0131nc\u0131lar Belediyesi\u2019nden yap\u0131lan a\u00e7\u0131klamaya g\u00f6re, t\u00f6ren saat 09.30\u2019da \u00e7elenklerin sunulmas\u0131, sayg\u0131 duru\u015fu ve \u0130stiklal Mar\u015f\u0131 ile ba\u015flad\u0131. Anma t\u00f6reninde g\u00fcn\u00fcn anlam ve \u00f6nemini belirten konu\u015fmay\u0131 Top\u00e7u Te\u011fmen Nail Baran yapt\u0131; [&hellip;]<\/p>\n","protected":false},"author":908,"featured_media":14622,"comment_status":"open","ping_status":"open","sticky":false,"template":"","format":"standard","meta":{"_jetpack_memberships_contains_paid_content":false,"footnotes":"","jetpack_publicize_message":"","jetpack_publicize_feature_enabled":true,"jetpack_social_post_already_shared":true,"jetpack_social_options":{"image_generator_settings":{"template":"highway","default_image_id":0,"font":"","enabled":false},"version":2}},"categories":[253],"tags":[],"class_list":["post-14621","post","type-post","status-publish","format-standard","has-post-thumbnail","hentry","category-gundem"],"jetpack_publicize_connections":[],"jetpack_featured_media_url":"https:\/\/kibrisayna.com\/wp-content\/uploads\/2024\/12\/1734772212422SEHITLER-HAFTASI-DEGIRMENLIK-TOREN-3-scaled.jpg","jetpack_sharing_enabled":true,"_links":{"self":[{"href":"https:\/\/kibrisayna.com\/index.php\/wp-json\/wp\/v2\/posts\/14621","targetHints":{"allow":["GET"]}}],"collection":[{"href":"https:\/\/kibrisayna.com\/index.php\/wp-json\/wp\/v2\/posts"}],"about":[{"href":"https:\/\/kibrisayna.com\/index.php\/wp-json\/wp\/v2\/types\/post"}],"author":[{"embeddable":true,"href":"https:\/\/kibrisayna.com\/index.php\/wp-json\/wp\/v2\/users\/908"}],"replies":[{"embeddable":true,"href":"https:\/\/kibrisayna.com\/index.php\/wp-json\/wp\/v2\/comments?post=14621"}],"version-history":[{"count":0,"href":"https:\/\/kibrisayna.com\/index.php\/wp-json\/wp\/v2\/posts\/14621\/revisions"}],"wp:featuredmedia":[{"embeddable":true,"href":"https:\/\/kibrisayna.com\/index.php\/wp-json\/wp\/v2\/media\/14622"}],"wp:attachment":[{"href":"https:\/\/kibrisayna.com\/index.php\/wp-json\/wp\/v2\/media?parent=14621"}],"wp:term":[{"taxonomy":"category","embeddable":true,"href":"https:\/\/kibrisayna.com\/index.php\/wp-json\/wp\/v2\/categories?post=14621"},{"taxonomy":"post_tag","embeddable":true,"href":"https:\/\/kibrisayna.com\/index.php\/wp-json\/wp\/v2\/tags?post=14621"}],"curies":[{"name":"wp","href":"https:\/\/api.w.org\/{rel}","templated":true}]}}