{"id":14611,"date":"2024-12-21T12:11:06","date_gmt":"2024-12-21T09:11:06","guid":{"rendered":"https:\/\/kibrisayna.com\/index.php\/2024\/12\/21\/milli-mucadele-sehitleri-gazimagusada-anildi-brtk\/"},"modified":"2024-12-21T12:11:06","modified_gmt":"2024-12-21T09:11:06","slug":"milli-mucadele-sehitleri-gazimagusada-anildi-brtk","status":"publish","type":"post","link":"https:\/\/kibrisayna.com\/index.php\/2024\/12\/21\/milli-mucadele-sehitleri-gazimagusada-anildi-brtk\/","title":{"rendered":"Milli M\u00fccadele \u015eehitleri Gazima\u011fusa\u2019da an\u0131ld\u0131 \u2013 BRTK"},"content":{"rendered":"<p> <br \/>\n<\/p>\n<div>\n<div class=\"mariselle-image-container center\">\n                <img loading=\"lazy\" decoding=\"async\" width=\"2560\" height=\"1439\" class=\"lazy-image\" alt=\"\" sizes=\"auto, (max-width: 2560px) 100vw, 2560px\" src=\"https:\/\/brtk.net\/wp-content\/uploads\/2024\/12\/21\/InShot_20241221_095749674-scaled.jpg?ver=ac12ca8fb42bdd366d14ba32097b3378\" srcset=\"https:\/\/brtk.net\/wp-content\/uploads\/2024\/12\/21\/InShot_20241221_095749674-scaled.jpg?ver=ac12ca8fb42bdd366d14ba32097b3378 2560w, https:\/\/brtk.net\/wp-content\/uploads\/2024\/12\/21\/InShot_20241221_095749674-300x169.jpg?ver=ac12ca8fb42bdd366d14ba32097b3378 300w, https:\/\/brtk.net\/wp-content\/uploads\/2024\/12\/21\/InShot_20241221_095749674-1024x576.jpg?ver=8e6a806f32a0fa6b579830e37208c5b0 1024w, https:\/\/brtk.net\/wp-content\/uploads\/2024\/12\/21\/InShot_20241221_095749674-768x432.jpg?ver=ca39951dbea56d07a85e7389c5d3a04f 768w, https:\/\/brtk.net\/wp-content\/uploads\/2024\/12\/21\/InShot_20241221_095749674-1536x863.jpg?ver=cec609c2a423edf9349d6ae1538866a6 1536w, https:\/\/brtk.net\/wp-content\/uploads\/2024\/12\/21\/InShot_20241221_095749674-2048x1151.jpg?ver=02dcf63a2f0eb800fa7791d787c3f548 2048w\"\/>                            <\/div>\n<p>21-25 Aral\u0131k M\u00fccadele ve \u015eehitleri Anma Haftas\u0131 \u00e7er\u00e7evesinde bug\u00fcn Gazima\u011fusa Suri\u00e7i Milli M\u00fccadele \u015eehitli\u011fi\u2019nde de anma t\u00f6reni d\u00fczenlendi.<\/p>\n<p>Gazima\u011fusa Suri\u00e7i Milli M\u00fccadele \u015eehitli\u011fi\u2019nde yer alan anma t\u00f6reni protokol s\u0131ras\u0131na g\u00f6re \u00e7elenklerin \u015fehitli\u011fe konulmas\u0131yla ba\u015flad\u0131.<\/p>\n<p>Daha sonra sayg\u0131 duru\u015fu ve sayg\u0131 at\u0131\u015f\u0131n\u0131n ard\u0131ndan \u0130stiklal Mar\u015f\u0131 e\u015fli\u011finde bayraklar g\u00f6ndere \u00e7ekildi.<\/p>\n<p>\tT\u00f6rende g\u00fcn\u00fcn anlam ve \u00f6nemine ili\u015fkin ilk konu\u015fmay\u0131 yapan \u00c7anakkale Ortaokulu T\u00fcrk\u00e7e \u00d6\u011fretmenlerinden Ay\u015fe Direk, ge\u00e7mi\u015fte ya\u015fanan trajedi ve katliamlar\u0131n ger\u00e7ek nedeninin Rumlar oldu\u011funu anlatarak, 1963 y\u0131l\u0131 Kanl\u0131 Noel sald\u0131r\u0131lar\u0131nda Rumlar\u0131n as\u0131l hedeflerinin Lefko\u015fa\u2019n\u0131n K\u00fc\u00e7\u00fck Kaymakl\u0131 kasabas\u0131 oldu\u011funu kaydetti.<\/p>\n<p>4. Piyade Alay Komutanl\u0131\u011f\u0131\u2019ndan Piyade Te\u011fmen Tolga Torun da i\u00e7lerindeki mukavemet ate\u015fini hi\u00e7bir zaman s\u00f6nd\u00fcrmeyen K\u0131br\u0131s T\u00fcrk Halk\u0131n\u0131n , Rumlar\u0131n her t\u00fcrl\u00fc bask\u0131, zul\u00fcm ve katliamlar\u0131na kar\u015f\u0131 canlar\u0131n\u0131 hi\u00e7e sayarak kahramanca direndiklerini ve bu u\u011furda \u015fehit d\u00fc\u015ft\u00fcklerini anlatt\u0131.<\/p>\n<p>B\u00f6lge okul \u00f6\u011frencilerinin g\u00fcn\u00fcn anlam ve \u00f6nemine ili\u015fkin \u015fiirleri okumas\u0131n\u0131n ard\u0131ndan Gazima\u011fusa\u2019da ki anma t\u00f6reni din g\u00f6revlisi taraf\u0131ndan dua okunmas\u0131yla sona erdi.<\/p>\n<p>brt<\/p>\n<\/p><\/div>\n<p><script async\n                    defer\n                    crossorigin=\"anonymous\"\n                    src=\"https:\/\/connect.facebook.net\/tr_TR\/sdk.js#xfbml=1&#038;version=v3.3\"\n            ><\/script><br \/>\n<br \/><br \/>\n<br \/><a href=\"https:\/\/brtk.net\/milli-mucadele-sehitleri-gazimagusada-anildi\/\">Kaynak BRT <\/a><\/p>\n","protected":false},"excerpt":{"rendered":"<p>21-25 Aral\u0131k M\u00fccadele ve \u015eehitleri Anma Haftas\u0131 \u00e7er\u00e7evesinde bug\u00fcn Gazima\u011fusa Suri\u00e7i Milli M\u00fccadele \u015eehitli\u011fi\u2019nde de anma t\u00f6reni d\u00fczenlendi. Gazima\u011fusa Suri\u00e7i Milli M\u00fccadele \u015eehitli\u011fi\u2019nde yer alan anma t\u00f6reni protokol s\u0131ras\u0131na g\u00f6re \u00e7elenklerin \u015fehitli\u011fe konulmas\u0131yla ba\u015flad\u0131. Daha sonra sayg\u0131 duru\u015fu ve sayg\u0131 at\u0131\u015f\u0131n\u0131n ard\u0131ndan \u0130stiklal Mar\u015f\u0131 e\u015fli\u011finde bayraklar g\u00f6ndere \u00e7ekildi. T\u00f6rende g\u00fcn\u00fcn anlam ve \u00f6nemine ili\u015fkin ilk [&hellip;]<\/p>\n","protected":false},"author":908,"featured_media":14612,"comment_status":"open","ping_status":"open","sticky":false,"template":"","format":"standard","meta":{"_jetpack_memberships_contains_paid_content":false,"footnotes":"","jetpack_publicize_message":"","jetpack_publicize_feature_enabled":true,"jetpack_social_post_already_shared":true,"jetpack_social_options":{"image_generator_settings":{"template":"highway","default_image_id":0,"font":"","enabled":false},"version":2}},"categories":[253],"tags":[],"class_list":["post-14611","post","type-post","status-publish","format-standard","has-post-thumbnail","hentry","category-gundem"],"jetpack_publicize_connections":[],"jetpack_featured_media_url":"https:\/\/kibrisayna.com\/wp-content\/uploads\/2024\/12\/InShot_20241221_095749674-scaled.jpg","jetpack_sharing_enabled":true,"_links":{"self":[{"href":"https:\/\/kibrisayna.com\/index.php\/wp-json\/wp\/v2\/posts\/14611","targetHints":{"allow":["GET"]}}],"collection":[{"href":"https:\/\/kibrisayna.com\/index.php\/wp-json\/wp\/v2\/posts"}],"about":[{"href":"https:\/\/kibrisayna.com\/index.php\/wp-json\/wp\/v2\/types\/post"}],"author":[{"embeddable":true,"href":"https:\/\/kibrisayna.com\/index.php\/wp-json\/wp\/v2\/users\/908"}],"replies":[{"embeddable":true,"href":"https:\/\/kibrisayna.com\/index.php\/wp-json\/wp\/v2\/comments?post=14611"}],"version-history":[{"count":0,"href":"https:\/\/kibrisayna.com\/index.php\/wp-json\/wp\/v2\/posts\/14611\/revisions"}],"wp:featuredmedia":[{"embeddable":true,"href":"https:\/\/kibrisayna.com\/index.php\/wp-json\/wp\/v2\/media\/14612"}],"wp:attachment":[{"href":"https:\/\/kibrisayna.com\/index.php\/wp-json\/wp\/v2\/media?parent=14611"}],"wp:term":[{"taxonomy":"category","embeddable":true,"href":"https:\/\/kibrisayna.com\/index.php\/wp-json\/wp\/v2\/categories?post=14611"},{"taxonomy":"post_tag","embeddable":true,"href":"https:\/\/kibrisayna.com\/index.php\/wp-json\/wp\/v2\/tags?post=14611"}],"curies":[{"name":"wp","href":"https:\/\/api.w.org\/{rel}","templated":true}]}}