{"id":14609,"date":"2024-12-21T12:05:35","date_gmt":"2024-12-21T09:05:35","guid":{"rendered":"https:\/\/kibrisayna.com\/index.php\/2024\/12\/21\/tak-51-yasinda-ertugruloglu-mesaj-yayimladi-brtk\/"},"modified":"2024-12-21T12:05:35","modified_gmt":"2024-12-21T09:05:35","slug":"tak-51-yasinda-ertugruloglu-mesaj-yayimladi-brtk","status":"publish","type":"post","link":"https:\/\/kibrisayna.com\/index.php\/2024\/12\/21\/tak-51-yasinda-ertugruloglu-mesaj-yayimladi-brtk\/","title":{"rendered":"TAK 51 ya\u015f\u0131nda\u2026 Ertu\u011frulo\u011flu mesaj yay\u0131mlad\u0131 \u2013 BRTK"},"content":{"rendered":"<p> <br \/>\n<\/p>\n<div>\n<div class=\"mariselle-image-container center\">\n                <img loading=\"lazy\" decoding=\"async\" width=\"620\" height=\"350\" class=\"lazy-image\" alt=\"\" sizes=\"auto, (max-width: 620px) 100vw, 620px\" src=\"https:\/\/brtk.net\/wp-content\/uploads\/2024\/12\/21\/askjdalsjdlja.jpg?ver=1ac96939fc84f3a4af1f0f67194783c5\" srcset=\"https:\/\/brtk.net\/wp-content\/uploads\/2024\/12\/21\/askjdalsjdlja.jpg?ver=1ac96939fc84f3a4af1f0f67194783c5 620w, https:\/\/brtk.net\/wp-content\/uploads\/2024\/12\/21\/askjdalsjdlja-300x169.jpg?ver=08b6be17f5e1dbb8b49b15e6c54163b7 300w\"\/>                            <\/div>\n<p> D\u0131\u015fi\u015fleri Bakan\u0131 Tahsin Ertu\u011frulo\u011flu, T\u00fcrk Ajans\u0131 K\u0131br\u0131s\u2019\u0131n (TAK), 51\u2019inci kurulu\u015f y\u0131l d\u00f6n\u00fcm\u00fcn\u00fc kutlad\u0131; bug\u00fcne kadar eme\u011fi olan t\u00fcm fedakar bas\u0131n emek\u00e7ilerini tebrik etti.<\/p>\n<p>Ertu\u011frulo\u011flu, yay\u0131mlad\u0131\u011f\u0131 mesajda, \u201cKurucu Cumhurba\u015fkan\u0131 Rauf Denkta\u015f\u2019\u0131n direktifleriyle, K\u0131br\u0131s T\u00fcrk\u00fc\u2019n\u00fcn sesini d\u00fcnyaya duyurmak amac\u0131yla 21 Aral\u0131k 1973\u2019te kurulan T\u00fcrk Ajans\u0131 K\u0131br\u0131s\u2019\u0131n (TAK) 51. kurulu\u015f y\u0131l d\u00f6n\u00fcm\u00fcn\u00fc kutluyor, TAK\u2019\u0131n kurulu\u015fundan bug\u00fcnlere gelmesinde eme\u011fi olan t\u00fcm fedakar bas\u0131n emek\u00e7ilerini tebrik ediyorum.\u201d ifadelerine yer verdi.<\/p>\n<\/p><\/div>\n<p><script async\n                    defer\n                    crossorigin=\"anonymous\"\n                    src=\"https:\/\/connect.facebook.net\/tr_TR\/sdk.js#xfbml=1&#038;version=v3.3\"\n            ><\/script><br \/>\n<br \/><br \/>\n<br \/><a href=\"https:\/\/brtk.net\/tak-51-yasinda-ertugruloglu-mesaj-yayimladi\/\">Kaynak BRT <\/a><\/p>\n","protected":false},"excerpt":{"rendered":"<p>D\u0131\u015fi\u015fleri Bakan\u0131 Tahsin Ertu\u011frulo\u011flu, T\u00fcrk Ajans\u0131 K\u0131br\u0131s\u2019\u0131n (TAK), 51\u2019inci kurulu\u015f y\u0131l d\u00f6n\u00fcm\u00fcn\u00fc kutlad\u0131; bug\u00fcne kadar eme\u011fi olan t\u00fcm fedakar bas\u0131n emek\u00e7ilerini tebrik etti. Ertu\u011frulo\u011flu, yay\u0131mlad\u0131\u011f\u0131 mesajda, \u201cKurucu Cumhurba\u015fkan\u0131 Rauf Denkta\u015f\u2019\u0131n direktifleriyle, K\u0131br\u0131s T\u00fcrk\u00fc\u2019n\u00fcn sesini d\u00fcnyaya duyurmak amac\u0131yla 21 Aral\u0131k 1973\u2019te kurulan T\u00fcrk Ajans\u0131 K\u0131br\u0131s\u2019\u0131n (TAK) 51. kurulu\u015f y\u0131l d\u00f6n\u00fcm\u00fcn\u00fc kutluyor, TAK\u2019\u0131n kurulu\u015fundan bug\u00fcnlere gelmesinde eme\u011fi [&hellip;]<\/p>\n","protected":false},"author":908,"featured_media":14610,"comment_status":"open","ping_status":"open","sticky":false,"template":"","format":"standard","meta":{"_jetpack_memberships_contains_paid_content":false,"footnotes":"","jetpack_publicize_message":"","jetpack_publicize_feature_enabled":true,"jetpack_social_post_already_shared":true,"jetpack_social_options":{"image_generator_settings":{"template":"highway","default_image_id":0,"font":"","enabled":false},"version":2}},"categories":[253],"tags":[],"class_list":["post-14609","post","type-post","status-publish","format-standard","has-post-thumbnail","hentry","category-gundem"],"jetpack_publicize_connections":[],"jetpack_featured_media_url":"https:\/\/kibrisayna.com\/wp-content\/uploads\/2024\/12\/askjdalsjdlja.jpg","jetpack_sharing_enabled":true,"_links":{"self":[{"href":"https:\/\/kibrisayna.com\/index.php\/wp-json\/wp\/v2\/posts\/14609","targetHints":{"allow":["GET"]}}],"collection":[{"href":"https:\/\/kibrisayna.com\/index.php\/wp-json\/wp\/v2\/posts"}],"about":[{"href":"https:\/\/kibrisayna.com\/index.php\/wp-json\/wp\/v2\/types\/post"}],"author":[{"embeddable":true,"href":"https:\/\/kibrisayna.com\/index.php\/wp-json\/wp\/v2\/users\/908"}],"replies":[{"embeddable":true,"href":"https:\/\/kibrisayna.com\/index.php\/wp-json\/wp\/v2\/comments?post=14609"}],"version-history":[{"count":0,"href":"https:\/\/kibrisayna.com\/index.php\/wp-json\/wp\/v2\/posts\/14609\/revisions"}],"wp:featuredmedia":[{"embeddable":true,"href":"https:\/\/kibrisayna.com\/index.php\/wp-json\/wp\/v2\/media\/14610"}],"wp:attachment":[{"href":"https:\/\/kibrisayna.com\/index.php\/wp-json\/wp\/v2\/media?parent=14609"}],"wp:term":[{"taxonomy":"category","embeddable":true,"href":"https:\/\/kibrisayna.com\/index.php\/wp-json\/wp\/v2\/categories?post=14609"},{"taxonomy":"post_tag","embeddable":true,"href":"https:\/\/kibrisayna.com\/index.php\/wp-json\/wp\/v2\/tags?post=14609"}],"curies":[{"name":"wp","href":"https:\/\/api.w.org\/{rel}","templated":true}]}}