{"id":14605,"date":"2024-12-21T11:41:40","date_gmt":"2024-12-21T08:41:40","guid":{"rendered":"https:\/\/kibrisayna.com\/index.php\/2024\/12\/21\/belediyeler-birligi-baskani-ozcinarin-milli-mucadele-ve-sehitler-haftasi-mesaji-brtk\/"},"modified":"2024-12-21T11:41:40","modified_gmt":"2024-12-21T08:41:40","slug":"belediyeler-birligi-baskani-ozcinarin-milli-mucadele-ve-sehitler-haftasi-mesaji-brtk","status":"publish","type":"post","link":"https:\/\/kibrisayna.com\/index.php\/2024\/12\/21\/belediyeler-birligi-baskani-ozcinarin-milli-mucadele-ve-sehitler-haftasi-mesaji-brtk\/","title":{"rendered":"Belediyeler Birli\u011fi Ba\u015fkan\u0131 \u00d6z\u00e7\u0131nar\u2019\u0131n Milli M\u00fccadele ve \u015eehitler Haftas\u0131 mesaj\u0131 \u2013 BRTK"},"content":{"rendered":"<p> <br \/>\n<\/p>\n<div>\n<div class=\"mariselle-image-container center\">\n                <img loading=\"lazy\" decoding=\"async\" width=\"1440\" height=\"700\" class=\"lazy-image\" alt=\"\" sizes=\"auto, (max-width: 1440px) 100vw, 1440px\" src=\"https:\/\/brtk.net\/wp-content\/uploads\/2024\/12\/21\/ozcina.jpg?ver=df76094151ce63dbc40aa5fb8b66450c\" srcset=\"https:\/\/brtk.net\/wp-content\/uploads\/2024\/12\/21\/ozcina.jpg?ver=df76094151ce63dbc40aa5fb8b66450c 1440w, https:\/\/brtk.net\/wp-content\/uploads\/2024\/12\/21\/ozcina-300x146.jpg?ver=454590d1e875e9a70d40be72d0422028 300w, https:\/\/brtk.net\/wp-content\/uploads\/2024\/12\/21\/ozcina-1024x498.jpg?ver=454590d1e875e9a70d40be72d0422028 1024w, https:\/\/brtk.net\/wp-content\/uploads\/2024\/12\/21\/ozcina-768x373.jpg?ver=454590d1e875e9a70d40be72d0422028 768w\"\/>                            <\/div>\n<p>K\u0131br\u0131s T\u00fcrk Belediyeler Birli\u011fi ve G\u00fczelyurt Belediye Ba\u015fkan\u0131 Mahmut \u00d6z\u00e7\u0131nar 21 Aral\u0131k 1963\u2019te ba\u015flayan sald\u0131r\u0131lar\u0131n K\u0131br\u0131s T\u00fcrk\u00fc\u2019n\u00fcn haf\u0131zas\u0131nda derin izler b\u0131rakt\u0131\u011f\u0131n\u0131 kaydetti.<\/p>\n<p>\u00d6z\u00e7\u0131nar, 21-25 Aral\u0131k Milli M\u00fccadele ve \u015eehitler Haftas\u0131 nedeniyle yay\u0131mlad\u0131\u011f\u0131 mesajda, tarihe Kanl\u0131 Noel olarak ge\u00e7en ve \u201cK\u0131br\u0131s T\u00fcrk halk\u0131n\u0131n haf\u0131zas\u0131nda derin izler\u201d b\u0131rakan sald\u0131r\u0131lar\u0131n \u00fczerinden tam 61 y\u0131l ge\u00e7ti\u011fini belirtti.<\/p>\n<p>21 Aral\u0131k 1963\u2019te ba\u015flayan bu sald\u0131r\u0131lar\u0131n, K\u0131br\u0131s T\u00fcrk halk\u0131na tarifsiz ac\u0131lar ya\u015fatt\u0131\u011f\u0131n\u0131 kaydeden \u00d6z\u00e7\u0131nar, mesaj\u0131nda \u015fu ifadelere de yer verdi:<\/p>\n<p>\u201cKad\u0131n, \u00e7ocuk, ya\u015fl\u0131 demeden pek \u00e7ok masum insan katledilmi\u015f, binlerce ki\u015fi g\u00f6\u00e7e zorlanm\u0131\u015f, yuvalar\u0131ndan kopar\u0131larak b\u00fcy\u00fck trajedilerle kar\u015f\u0131 kar\u015f\u0131ya b\u0131rak\u0131lm\u0131\u015ft\u0131r. T\u00fcm bu ac\u0131lara ra\u011fmen K\u0131br\u0131s T\u00fcrk halk\u0131, inanc\u0131, dayan\u0131\u015fmas\u0131 ve direni\u015fiyle tarihine sahip \u00e7\u0131km\u0131\u015f, hakl\u0131 m\u00fccadelesinin sonucunda \u00f6zg\u00fcrl\u00fc\u011f\u00fcne kavu\u015fmay\u0131 ba\u015farm\u0131\u015ft\u0131r. Bug\u00fcn bizlere d\u00fc\u015fen en b\u00fcy\u00fck g\u00f6rev, atalar\u0131m\u0131z\u0131n b\u00fcy\u00fck bedeller \u00f6deyerek elde etti\u011fi bu \u00f6zg\u00fcrl\u00fc\u011f\u00fc korumak ve gelecek nesillere gururla ta\u015f\u0131makt\u0131r.\u201d<\/p>\n<p>\u00d6z\u00e7\u0131nar, \u015fehitleri rahmet, gazileri minnet ve sayg\u0131yla and\u0131\u011f\u0131n\u0131 kaydetti.<\/p>\n<\/p><\/div>\n<p><script async\n                    defer\n                    crossorigin=\"anonymous\"\n                    src=\"https:\/\/connect.facebook.net\/tr_TR\/sdk.js#xfbml=1&#038;version=v3.3\"\n            ><\/script><br \/>\n<br \/><br \/>\n<br \/><a href=\"https:\/\/brtk.net\/belediyeler-birligi-baskani-ozcinarin-milli-mucadele-ve-sehitler-haftasi-mesaji\/\">Kaynak BRT <\/a><\/p>\n","protected":false},"excerpt":{"rendered":"<p>K\u0131br\u0131s T\u00fcrk Belediyeler Birli\u011fi ve G\u00fczelyurt Belediye Ba\u015fkan\u0131 Mahmut \u00d6z\u00e7\u0131nar 21 Aral\u0131k 1963\u2019te ba\u015flayan sald\u0131r\u0131lar\u0131n K\u0131br\u0131s T\u00fcrk\u00fc\u2019n\u00fcn haf\u0131zas\u0131nda derin izler b\u0131rakt\u0131\u011f\u0131n\u0131 kaydetti. \u00d6z\u00e7\u0131nar, 21-25 Aral\u0131k Milli M\u00fccadele ve \u015eehitler Haftas\u0131 nedeniyle yay\u0131mlad\u0131\u011f\u0131 mesajda, tarihe Kanl\u0131 Noel olarak ge\u00e7en ve \u201cK\u0131br\u0131s T\u00fcrk halk\u0131n\u0131n haf\u0131zas\u0131nda derin izler\u201d b\u0131rakan sald\u0131r\u0131lar\u0131n \u00fczerinden tam 61 y\u0131l ge\u00e7ti\u011fini belirtti. 21 Aral\u0131k [&hellip;]<\/p>\n","protected":false},"author":908,"featured_media":14606,"comment_status":"open","ping_status":"open","sticky":false,"template":"","format":"standard","meta":{"_jetpack_memberships_contains_paid_content":false,"footnotes":"","jetpack_publicize_message":"","jetpack_publicize_feature_enabled":true,"jetpack_social_post_already_shared":true,"jetpack_social_options":{"image_generator_settings":{"template":"highway","default_image_id":0,"font":"","enabled":false},"version":2}},"categories":[253],"tags":[],"class_list":["post-14605","post","type-post","status-publish","format-standard","has-post-thumbnail","hentry","category-gundem"],"jetpack_publicize_connections":[],"jetpack_featured_media_url":"https:\/\/kibrisayna.com\/wp-content\/uploads\/2024\/12\/ozcina.jpg","jetpack_sharing_enabled":true,"_links":{"self":[{"href":"https:\/\/kibrisayna.com\/index.php\/wp-json\/wp\/v2\/posts\/14605","targetHints":{"allow":["GET"]}}],"collection":[{"href":"https:\/\/kibrisayna.com\/index.php\/wp-json\/wp\/v2\/posts"}],"about":[{"href":"https:\/\/kibrisayna.com\/index.php\/wp-json\/wp\/v2\/types\/post"}],"author":[{"embeddable":true,"href":"https:\/\/kibrisayna.com\/index.php\/wp-json\/wp\/v2\/users\/908"}],"replies":[{"embeddable":true,"href":"https:\/\/kibrisayna.com\/index.php\/wp-json\/wp\/v2\/comments?post=14605"}],"version-history":[{"count":0,"href":"https:\/\/kibrisayna.com\/index.php\/wp-json\/wp\/v2\/posts\/14605\/revisions"}],"wp:featuredmedia":[{"embeddable":true,"href":"https:\/\/kibrisayna.com\/index.php\/wp-json\/wp\/v2\/media\/14606"}],"wp:attachment":[{"href":"https:\/\/kibrisayna.com\/index.php\/wp-json\/wp\/v2\/media?parent=14605"}],"wp:term":[{"taxonomy":"category","embeddable":true,"href":"https:\/\/kibrisayna.com\/index.php\/wp-json\/wp\/v2\/categories?post=14605"},{"taxonomy":"post_tag","embeddable":true,"href":"https:\/\/kibrisayna.com\/index.php\/wp-json\/wp\/v2\/tags?post=14605"}],"curies":[{"name":"wp","href":"https:\/\/api.w.org\/{rel}","templated":true}]}}