{"id":14603,"date":"2024-12-21T11:40:10","date_gmt":"2024-12-21T08:40:10","guid":{"rendered":"https:\/\/kibrisayna.com\/index.php\/2024\/12\/21\/21-25-aralik-sehitler-haftasi-nedeniyle-sehitler-aniti-onunde-toren-duzenlendi-brtk\/"},"modified":"2024-12-21T11:40:10","modified_gmt":"2024-12-21T08:40:10","slug":"21-25-aralik-sehitler-haftasi-nedeniyle-sehitler-aniti-onunde-toren-duzenlendi-brtk","status":"publish","type":"post","link":"https:\/\/kibrisayna.com\/index.php\/2024\/12\/21\/21-25-aralik-sehitler-haftasi-nedeniyle-sehitler-aniti-onunde-toren-duzenlendi-brtk\/","title":{"rendered":"21-25 Aral\u0131k \u015eehitler Haftas\u0131 nedeniyle \u015eehitler An\u0131t\u0131 \u00f6n\u00fcnde t\u00f6ren d\u00fczenlendi \u2013 BRTK"},"content":{"rendered":"<p> <br \/>\n<\/p>\n<div>\n<div class=\"mariselle-image-container center\">\n                <img loading=\"lazy\" decoding=\"async\" width=\"2560\" height=\"1439\" class=\"lazy-image\" alt=\"\" sizes=\"auto, (max-width: 2560px) 100vw, 2560px\" src=\"https:\/\/brtk.net\/wp-content\/uploads\/2024\/12\/21\/InShot_20241221_095407668-scaled.jpg?ver=492ce3fb6bb50df15a0d58e5c2173a07\" srcset=\"https:\/\/brtk.net\/wp-content\/uploads\/2024\/12\/21\/InShot_20241221_095407668-scaled.jpg?ver=492ce3fb6bb50df15a0d58e5c2173a07 2560w, https:\/\/brtk.net\/wp-content\/uploads\/2024\/12\/21\/InShot_20241221_095407668-300x169.jpg?ver=492ce3fb6bb50df15a0d58e5c2173a07 300w, https:\/\/brtk.net\/wp-content\/uploads\/2024\/12\/21\/InShot_20241221_095407668-1024x576.jpg?ver=ca3711345f0edd078eb0c2ba1c8bcae5 1024w, https:\/\/brtk.net\/wp-content\/uploads\/2024\/12\/21\/InShot_20241221_095407668-768x432.jpg?ver=ca3711345f0edd078eb0c2ba1c8bcae5 768w, https:\/\/brtk.net\/wp-content\/uploads\/2024\/12\/21\/InShot_20241221_095407668-1536x863.jpg?ver=6de183b5808b645ce9efec2803d848b7 1536w, https:\/\/brtk.net\/wp-content\/uploads\/2024\/12\/21\/InShot_20241221_095407668-2048x1151.jpg?ver=5f01034968babf3f45024d2e192f2ace 2048w\"\/>                            <\/div>\n<p>21-25 Aral\u0131k Mill\u00ee M\u00fccadele ve \u015eehitler Haftas\u0131 dolay\u0131s\u0131yla Lefko\u015fa \u015eehitler Abidesi \u00f6n\u00fcnde anma t\u00f6reni d\u00fczenlendi.<\/p>\n<p>T\u00f6ren saat 09.30\u2019da protokol s\u0131ras\u0131na g\u00f6re \u00e7elenkler an\u0131ta sunulmas\u0131yla ba\u015flad\u0131. Sayg\u0131 duru\u015fu, sayg\u0131 at\u0131\u015f\u0131yla devam eden t\u00f6rende, \u0130stiklal Mar\u015f\u0131 e\u015fli\u011finde bayraklar g\u00f6ndere \u00e7ekildi. T\u00f6ren, An\u0131t \u00d6zel Defteri\u2019nin imzalanmas\u0131yla sona erdi.<\/p>\n<p>Anma t\u00f6renine, Cumhurba\u015fkan\u0131 Ersin Tatar, Meclis Ba\u015fkan\u0131 Ziya \u00d6zt\u00fcrkler, Y\u00fcksek Mahkeme Ba\u015fkan\u0131 Bertan \u00d6zerda\u011f, 2. Cumhurba\u015fkan\u0131 Mehmet Ali Talat, T\u00fcrkiye Cumhuriyeti Lefko\u015fa B\u00fcy\u00fckel\u00e7isi Yasin Ekrem Serim, G\u00fcvenlik Kuvvetleri Komutan\u0131 T\u00fcmgeneral \u0130lker G\u00f6rg\u00fcl\u00fc, Ana Muhalefet Cumhuriyet\u00e7i T\u00fcrk Partisi Genel Ba\u015fkan\u0131 Tufan Erh\u00fcrman, bakanlar, milletvekilleri, belediye ba\u015fkanlar\u0131, siyasi parti ba\u015fkanlar\u0131, asker\u00ee erkan, muharip dernekler ve di\u011fer yetkililer kat\u0131ld\u0131.<\/p>\n<p><strong> \u2013 An\u0131t \u00d6zel Defteri<\/strong><\/p>\n<p>Cumhurba\u015fkan\u0131 Ersin Tatar an\u0131t \u00f6zel defterine \u015funlar\u0131 yazd\u0131:<\/p>\n<p>\u201cAziz \u015eehitlerimiz,<\/p>\n<p>K\u0131br\u0131s T\u00fcrk halk\u0131n\u0131n, e\u015fi benzeri g\u00f6r\u00fclmemi\u015f bir zul\u00fcm ve adaletsizli\u011fe kar\u015f\u0131 verdi\u011fi varolu\u015f m\u00fccadelesinde canlar\u0131n\u0131z\u0131 feda ederek \u015fehitlik mertebesine ula\u015ft\u0131\u011f\u0131n\u0131z kara g\u00fcnlerin 61. y\u0131l\u0131nda sizleri \u00f6zlem, rahmet ve derin bir sayg\u0131yla an\u0131yoruz. Kahraman K\u0131br\u0131s T\u00fcrk halk\u0131n\u0131n bu topraklarda ba\u015f\u0131 dik, onurlu bir \u015fekilde ya\u015fayabilmesi ve vatan\u0131na sahip \u00e7\u0131kabilmesi i\u00e7in Mehmet\u00e7ik ile omuz omuza yap\u0131labilecek en b\u00fcy\u00fck fedakarl\u0131\u011f\u0131 yaparak hayatlar\u0131n\u0131z\u0131 verdiniz. Huzur ve g\u00fcven i\u00e7erisinde \u00f6zg\u00fcrce ya\u015fayabilmek ve kendi kaderine sahip \u00e7\u0131kma kararl\u0131l\u0131\u011f\u0131yla d\u00f6k\u00fclen kanlar\u0131n\u0131z\u0131, g\u00f6sterdi\u011finiz b\u00fcy\u00fck fedakarl\u0131klar\u0131 asla unutmam\u0131z m\u00fcmk\u00fcn de\u011fildir. Sayenizde K\u0131br\u0131s T\u00fcrk halk\u0131 bug\u00fcn \u00f6zg\u00fcrl\u00fck ve g\u00fcven i\u00e7erisinde ya\u015fam\u0131n\u0131 sonsuza dek s\u00fcrd\u00fcrecektir.<\/p>\n<p>Ge\u00e7mi\u015fte ya\u015fanan ac\u0131lar\u0131 unutmadan, onlardan ders \u00e7\u0131kararak gelece\u011fi daha g\u00fcvenli, ya\u015fanabilir ve s\u00fcrd\u00fcr\u00fclebilir bir \u015fekilde in\u015fa etmek i\u00e7in kararl\u0131l\u0131kla \u00e7al\u0131\u015f\u0131yoruz. Geldi\u011fimiz noktada, ge\u00e7mi\u015fte ya\u015fanan ac\u0131lar\u0131n bir daha tekrarlanmamas\u0131 en b\u00fcy\u00fck temennimizdir. Egemen e\u015fit, uluslararas\u0131 e\u015fitli\u011fe dayal\u0131 iki devletli siyasetimizi bu u\u011furda, yeniden kan d\u00f6k\u00fclmemesi ve K\u0131br\u0131s T\u00fcrk halk\u0131n\u0131n eski g\u00fcnleri tekrar ya\u015famamas\u0131 ad\u0131na s\u00fcrd\u00fcr\u00fcyoruz.<\/p>\n<p>Bu duygu ve d\u00fc\u015f\u00fcncelerle manevi huzurunuzda sayg\u0131yla e\u011filiyor, sizleri bu anlaml\u0131 g\u00fcnde rahmet, minnet ve \u015f\u00fckranla an\u0131yoruz. Ruhunuz \u015fad olsun.\u201d<\/p>\n<p>KTBK Komutan Vekili, G\u00fcvenlik Kuvvetleri Komutan\u0131 T\u00fcmgeneral \u0130lker G\u00f6rg\u00fcl\u00fc ise an\u0131t \u00f6zel defterine \u015funlar\u0131 kaydetti:<\/p>\n<p>\u201cK\u0131br\u0131s T\u00fcrk\u00fc\u2019n\u00fc ezmeye \u00e7al\u0131\u015fanlara g\u00f6vdelerini siper eden, ba\u011f\u0131ms\u0131zl\u0131k a\u015fk\u0131yla hayatlar\u0131n\u0131 hi\u00e7e sayan Aziz \u015eehitlerimiz;<\/p>\n<p>Asil T\u00fcrk Milleti ve T\u00fcrk Silahl\u0131 Kuvvetleri mensubu olarak bizler; u\u011fruna can\u0131n\u0131z\u0131 verdi\u011finiz bu topraklar\u0131, bug\u00fcne kadar oldu\u011fu gibi bundan sonra da kan\u0131m\u0131z\u0131n son damlas\u0131na kadar koruyacak ve \u00f6zg\u00fcrl\u00fck m\u00fccadelesiyle tarihe ge\u00e7en hat\u0131ran\u0131z\u0131 ilelebet ya\u015fataca\u011f\u0131z. \u015eanl\u0131 hat\u0131ran\u0131z\u0131 her an y\u00fcre\u011fimizde hissederek u\u011fruna can verdi\u011finiz de\u011ferleri korumak, kollamak ve ya\u015fatmak i\u00e7in gerekti\u011finde cam\u0131m\u0131z\u0131 feda etmeye kararl\u0131 ve azimliyiz.<\/p>\n<p>Sizlerden ald\u0131\u011f\u0131m\u0131z g\u00fc\u00e7, azim ve ilham ile K\u0131br\u0131s T\u00fcrk halk\u0131n\u0131n g\u00fcvenli\u011fini ve \u00f6zg\u00fcrl\u00fc\u011f\u00fcn\u00fc her t\u00fcrl\u00fc tehlikeye kar\u015f\u0131 korumaya devam edecek ve bir oldubittiye asla izin vermeyece\u011fiz.<\/p>\n<p>Bu duygu ve d\u00fc\u015f\u00fcncelerle, Aziz \u015eehitlerimizi ve ebediyete irtihal eden gazilerimizi rahmetle, hayatta olan gazilerimizi minnet ve \u015f\u00fckranla an\u0131yor, de\u011ferli hat\u0131ran\u0131z \u00f6n\u00fcnde sayg\u0131yla e\u011filiyoruz.<\/p>\n<p>Ruhunuz \u015fad olsun.\u201d<\/p>\n<\/p><\/div>\n<p><script async\n                    defer\n                    crossorigin=\"anonymous\"\n                    src=\"https:\/\/connect.facebook.net\/tr_TR\/sdk.js#xfbml=1&#038;version=v3.3\"\n            ><\/script><br \/>\n<br \/><br \/>\n<br \/><a href=\"https:\/\/brtk.net\/21-25-aralik-sehitler-haftasi-nedeniyle-sehitler-aniti-onunde-toren-duzenlendi\/\">Kaynak BRT <\/a><\/p>\n","protected":false},"excerpt":{"rendered":"<p>21-25 Aral\u0131k Mill\u00ee M\u00fccadele ve \u015eehitler Haftas\u0131 dolay\u0131s\u0131yla Lefko\u015fa \u015eehitler Abidesi \u00f6n\u00fcnde anma t\u00f6reni d\u00fczenlendi. T\u00f6ren saat 09.30\u2019da protokol s\u0131ras\u0131na g\u00f6re \u00e7elenkler an\u0131ta sunulmas\u0131yla ba\u015flad\u0131. Sayg\u0131 duru\u015fu, sayg\u0131 at\u0131\u015f\u0131yla devam eden t\u00f6rende, \u0130stiklal Mar\u015f\u0131 e\u015fli\u011finde bayraklar g\u00f6ndere \u00e7ekildi. T\u00f6ren, An\u0131t \u00d6zel Defteri\u2019nin imzalanmas\u0131yla sona erdi. Anma t\u00f6renine, Cumhurba\u015fkan\u0131 Ersin Tatar, Meclis Ba\u015fkan\u0131 Ziya \u00d6zt\u00fcrkler, Y\u00fcksek [&hellip;]<\/p>\n","protected":false},"author":908,"featured_media":14604,"comment_status":"open","ping_status":"open","sticky":false,"template":"","format":"standard","meta":{"_jetpack_memberships_contains_paid_content":false,"footnotes":"","jetpack_publicize_message":"","jetpack_publicize_feature_enabled":true,"jetpack_social_post_already_shared":true,"jetpack_social_options":{"image_generator_settings":{"template":"highway","default_image_id":0,"font":"","enabled":false},"version":2}},"categories":[253],"tags":[],"class_list":["post-14603","post","type-post","status-publish","format-standard","has-post-thumbnail","hentry","category-gundem"],"jetpack_publicize_connections":[],"jetpack_featured_media_url":"https:\/\/kibrisayna.com\/wp-content\/uploads\/2024\/12\/InShot_20241221_095407668-scaled.jpg","jetpack_sharing_enabled":true,"_links":{"self":[{"href":"https:\/\/kibrisayna.com\/index.php\/wp-json\/wp\/v2\/posts\/14603","targetHints":{"allow":["GET"]}}],"collection":[{"href":"https:\/\/kibrisayna.com\/index.php\/wp-json\/wp\/v2\/posts"}],"about":[{"href":"https:\/\/kibrisayna.com\/index.php\/wp-json\/wp\/v2\/types\/post"}],"author":[{"embeddable":true,"href":"https:\/\/kibrisayna.com\/index.php\/wp-json\/wp\/v2\/users\/908"}],"replies":[{"embeddable":true,"href":"https:\/\/kibrisayna.com\/index.php\/wp-json\/wp\/v2\/comments?post=14603"}],"version-history":[{"count":0,"href":"https:\/\/kibrisayna.com\/index.php\/wp-json\/wp\/v2\/posts\/14603\/revisions"}],"wp:featuredmedia":[{"embeddable":true,"href":"https:\/\/kibrisayna.com\/index.php\/wp-json\/wp\/v2\/media\/14604"}],"wp:attachment":[{"href":"https:\/\/kibrisayna.com\/index.php\/wp-json\/wp\/v2\/media?parent=14603"}],"wp:term":[{"taxonomy":"category","embeddable":true,"href":"https:\/\/kibrisayna.com\/index.php\/wp-json\/wp\/v2\/categories?post=14603"},{"taxonomy":"post_tag","embeddable":true,"href":"https:\/\/kibrisayna.com\/index.php\/wp-json\/wp\/v2\/tags?post=14603"}],"curies":[{"name":"wp","href":"https:\/\/api.w.org\/{rel}","templated":true}]}}