{"id":14602,"date":"2024-12-21T11:34:25","date_gmt":"2024-12-21T08:34:25","guid":{"rendered":"https:\/\/kibrisayna.com\/index.php\/2024\/12\/21\/ertugruloglunun-21-25-aralik-milli-mucadele-ve-sehitler-haftasi-mesaji-devlete-sahip-cikarak-daha-da-guclendirmek-hepimizin-en-buyuk-vazifesi-brtk\/"},"modified":"2024-12-21T11:34:25","modified_gmt":"2024-12-21T08:34:25","slug":"ertugruloglunun-21-25-aralik-milli-mucadele-ve-sehitler-haftasi-mesaji-devlete-sahip-cikarak-daha-da-guclendirmek-hepimizin-en-buyuk-vazifesi-brtk","status":"publish","type":"post","link":"https:\/\/kibrisayna.com\/index.php\/2024\/12\/21\/ertugruloglunun-21-25-aralik-milli-mucadele-ve-sehitler-haftasi-mesaji-devlete-sahip-cikarak-daha-da-guclendirmek-hepimizin-en-buyuk-vazifesi-brtk\/","title":{"rendered":"Ertu\u011frulo\u011flu\u2019nun 21-25 Aral\u0131k Milli M\u00fccadele ve \u015eehitler Haftas\u0131 mesaj\u0131\u2026 \u201cDevlete sahip \u00e7\u0131karak daha da g\u00fc\u00e7lendirmek hepimizin en b\u00fcy\u00fck vazifesi\u201d \u2013 BRTK"},"content":{"rendered":"<p> <br \/>\n<\/p>\n<div>\n<div class=\"mariselle-image-container center\">\n                <img loading=\"lazy\" decoding=\"async\" width=\"1284\" height=\"864\" class=\"lazy-image\" alt=\"\" sizes=\"auto, (max-width: 1284px) 100vw, 1284px\" src=\"https:\/\/brtk.net\/wp-content\/uploads\/2024\/11\/24\/tahsin-ertugruloglu-disisleri12.jpg?ver=dcc1a9decb15a1da115e76fb451a01b7\" srcset=\"https:\/\/brtk.net\/wp-content\/uploads\/2024\/11\/24\/tahsin-ertugruloglu-disisleri12.jpg?ver=dcc1a9decb15a1da115e76fb451a01b7 1284w, https:\/\/brtk.net\/wp-content\/uploads\/2024\/11\/24\/tahsin-ertugruloglu-disisleri12-300x202.jpg?ver=bb840fb3aaccc239a12cd9cf9f66c2ae 300w, https:\/\/brtk.net\/wp-content\/uploads\/2024\/11\/24\/tahsin-ertugruloglu-disisleri12-1024x689.jpg?ver=bb840fb3aaccc239a12cd9cf9f66c2ae 1024w, https:\/\/brtk.net\/wp-content\/uploads\/2024\/11\/24\/tahsin-ertugruloglu-disisleri12-768x517.jpg?ver=bb840fb3aaccc239a12cd9cf9f66c2ae 768w\"\/>                            <\/div>\n<p> D\u0131\u015fi\u015fleri Bakan\u0131 Tahsin Ertu\u011frulo\u011flu, \u201cGe\u00e7mi\u015fin ac\u0131lar\u0131n\u0131 ve Rum zihniyetinin de\u011fi\u015fmedi\u011fini unutmadan, \u015fehitlerimizin bizlere emaneti olan egemenli\u011fimizin ve \u00f6zg\u00fcrl\u00fc\u011f\u00fcm\u00fcz\u00fcn g\u00fcvencesi devletimize sahip \u00e7\u0131karak, daha da g\u00fc\u00e7lendirmek hepimizin en b\u00fcy\u00fck vazifesidir.\u201d dedi.<\/p>\n<p>Ertu\u011frulo\u011flu, 21-25 Aral\u0131k Milli M\u00fccadele ve \u015eehitler Haftas\u0131 nedeniyle yay\u0131mlad\u0131\u011f\u0131 mesajda, \u201cRumlar\u0131n, Yunanistan\u2019\u0131n deste\u011fi ile Akritas Plan\u0131 uyar\u0131nca, K\u0131br\u0131s T\u00fcrklerini yok etmek ve Ada\u2019y\u0131 Yunanistan\u2019a ba\u011flamak hedefiyle 21 Aral\u0131k 1963\u2019de K\u0131br\u0131s T\u00fcrklerine y\u00f6nelik ba\u015flatt\u0131\u011f\u0131 ve tarihe Kanl\u0131 Noel olarak ge\u00e7en planl\u0131 soyk\u0131r\u0131m\u0131n 61. y\u0131l\u0131nda, t\u00fcm \u015fehitleri sayg\u0131 ve rahmetle and\u0131klar\u0131n\u0131\u201d vurgulad\u0131.<\/p>\n<p>Ge\u00e7mi\u015fin ac\u0131lar\u0131n\u0131 ve Rum zihniyetinin de\u011fi\u015fmedi\u011fini unutmadan, \u015fehitlerin emaneti olan egemenli\u011fin ve \u00f6zg\u00fcrl\u00fc\u011f\u00fcn g\u00fcvencesi olan devlete sahip \u00e7\u0131karak, daha da g\u00fc\u00e7lendirmenin herkesin en b\u00fcy\u00fck vazifesi oldu\u011funu kaydeden Ertu\u011frulo\u011flu, \u015funlar\u0131 da belirtti:<\/p>\n<p>\u201cK\u0131br\u0131s\u2019taki varl\u0131\u011f\u0131m\u0131z\u0131n teminat\u0131 anavatan\u0131m\u0131z T\u00fcrkiye Cumhuriyeti ile omuz omuza her alanda hak ve \u00e7\u0131karlar\u0131m\u0131z\u0131 korumaya, egemen e\u015fitli\u011fimiz ve e\u015fit uluslararas\u0131 stat\u00fcm\u00fcz\u00fcn tescili y\u00f6n\u00fcndeki m\u00fccadelemizi savunmaya kararl\u0131l\u0131kla devam edece\u011fiz.<\/p>\n<p>Vah\u015fet dolu zor y\u0131llarda halka direnme g\u00fcc\u00fc veren, birlik ve beraberli\u011fini sa\u011flayan varolu\u015f m\u00fccadelemizin lideri Dr. Faz\u0131l K\u00fc\u00e7\u00fck ve Kurucu Cumhurba\u015fkan\u0131m\u0131z Rauf Denkta\u015f ba\u015fta olmak \u00fczere K\u0131br\u0131s T\u00fcrk Halk\u0131n\u0131n \u00f6zg\u00fcrl\u00fck ve varolu\u015f m\u00fccadelesinin isimsiz kahramanlar\u0131n\u0131 minnetle yad ediyoruz.\u201d<\/p>\n<\/p><\/div>\n<p><script async\n                    defer\n                    crossorigin=\"anonymous\"\n                    src=\"https:\/\/connect.facebook.net\/tr_TR\/sdk.js#xfbml=1&#038;version=v3.3\"\n            ><\/script><br \/>\n<br \/><br \/>\n<br \/><a href=\"https:\/\/brtk.net\/ertugruloglunun-21-25-aralik-milli-mucadele-ve-sehitler-haftasi-mesaji-devlete-sahip-cikarak-daha-da-guclendirmek-hepimizin-en-buyuk-vazifesi\/\">Kaynak BRT <\/a><\/p>\n","protected":false},"excerpt":{"rendered":"<p>D\u0131\u015fi\u015fleri Bakan\u0131 Tahsin Ertu\u011frulo\u011flu, \u201cGe\u00e7mi\u015fin ac\u0131lar\u0131n\u0131 ve Rum zihniyetinin de\u011fi\u015fmedi\u011fini unutmadan, \u015fehitlerimizin bizlere emaneti olan egemenli\u011fimizin ve \u00f6zg\u00fcrl\u00fc\u011f\u00fcm\u00fcz\u00fcn g\u00fcvencesi devletimize sahip \u00e7\u0131karak, daha da g\u00fc\u00e7lendirmek hepimizin en b\u00fcy\u00fck vazifesidir.\u201d dedi. Ertu\u011frulo\u011flu, 21-25 Aral\u0131k Milli M\u00fccadele ve \u015eehitler Haftas\u0131 nedeniyle yay\u0131mlad\u0131\u011f\u0131 mesajda, \u201cRumlar\u0131n, Yunanistan\u2019\u0131n deste\u011fi ile Akritas Plan\u0131 uyar\u0131nca, K\u0131br\u0131s T\u00fcrklerini yok etmek ve Ada\u2019y\u0131 Yunanistan\u2019a [&hellip;]<\/p>\n","protected":false},"author":908,"featured_media":10352,"comment_status":"open","ping_status":"open","sticky":false,"template":"","format":"standard","meta":{"_jetpack_memberships_contains_paid_content":false,"footnotes":"","jetpack_publicize_message":"","jetpack_publicize_feature_enabled":true,"jetpack_social_post_already_shared":true,"jetpack_social_options":{"image_generator_settings":{"template":"highway","default_image_id":0,"font":"","enabled":false},"version":2}},"categories":[253],"tags":[],"class_list":["post-14602","post","type-post","status-publish","format-standard","has-post-thumbnail","hentry","category-gundem"],"jetpack_publicize_connections":[],"jetpack_featured_media_url":"https:\/\/kibrisayna.com\/wp-content\/uploads\/2024\/11\/tahsin-ertugruloglu-disisleri9.jpg","jetpack_sharing_enabled":true,"_links":{"self":[{"href":"https:\/\/kibrisayna.com\/index.php\/wp-json\/wp\/v2\/posts\/14602","targetHints":{"allow":["GET"]}}],"collection":[{"href":"https:\/\/kibrisayna.com\/index.php\/wp-json\/wp\/v2\/posts"}],"about":[{"href":"https:\/\/kibrisayna.com\/index.php\/wp-json\/wp\/v2\/types\/post"}],"author":[{"embeddable":true,"href":"https:\/\/kibrisayna.com\/index.php\/wp-json\/wp\/v2\/users\/908"}],"replies":[{"embeddable":true,"href":"https:\/\/kibrisayna.com\/index.php\/wp-json\/wp\/v2\/comments?post=14602"}],"version-history":[{"count":0,"href":"https:\/\/kibrisayna.com\/index.php\/wp-json\/wp\/v2\/posts\/14602\/revisions"}],"wp:featuredmedia":[{"embeddable":true,"href":"https:\/\/kibrisayna.com\/index.php\/wp-json\/wp\/v2\/media\/10352"}],"wp:attachment":[{"href":"https:\/\/kibrisayna.com\/index.php\/wp-json\/wp\/v2\/media?parent=14602"}],"wp:term":[{"taxonomy":"category","embeddable":true,"href":"https:\/\/kibrisayna.com\/index.php\/wp-json\/wp\/v2\/categories?post=14602"},{"taxonomy":"post_tag","embeddable":true,"href":"https:\/\/kibrisayna.com\/index.php\/wp-json\/wp\/v2\/tags?post=14602"}],"curies":[{"name":"wp","href":"https:\/\/api.w.org\/{rel}","templated":true}]}}