{"id":14601,"date":"2024-12-21T11:23:40","date_gmt":"2024-12-21T08:23:40","guid":{"rendered":"https:\/\/kibrisayna.com\/index.php\/2024\/12\/21\/yasanacak-olumsuzluklarin-sorumlusu-calisanlar-degil-yonetenlerdir-brtk\/"},"modified":"2024-12-21T11:23:40","modified_gmt":"2024-12-21T08:23:40","slug":"yasanacak-olumsuzluklarin-sorumlusu-calisanlar-degil-yonetenlerdir-brtk","status":"publish","type":"post","link":"https:\/\/kibrisayna.com\/index.php\/2024\/12\/21\/yasanacak-olumsuzluklarin-sorumlusu-calisanlar-degil-yonetenlerdir-brtk\/","title":{"rendered":"\u201cYa\u015fanacak olumsuzluklar\u0131n sorumlusu \u00e7al\u0131\u015fanlar de\u011fil y\u00f6netenlerdir\u201d \u2013 BRTK"},"content":{"rendered":"<p> <br \/>\n<\/p>\n<div>\n<div class=\"mariselle-image-container center\">\n                <img loading=\"lazy\" decoding=\"async\" width=\"880\" height=\"440\" class=\"lazy-image\" alt=\"\" sizes=\"auto, (max-width: 880px) 100vw, 880px\" src=\"https:\/\/brtk.net\/wp-content\/uploads\/2024\/05\/01\/HTKS.jpg?ver=4087097f27561c15903297bb5a2278a1\" srcset=\"https:\/\/brtk.net\/wp-content\/uploads\/2024\/05\/01\/HTKS.jpg?ver=4087097f27561c15903297bb5a2278a1 880w, https:\/\/brtk.net\/wp-content\/uploads\/2024\/05\/01\/HTKS-300x150.jpg?ver=4087097f27561c15903297bb5a2278a1 300w, https:\/\/brtk.net\/wp-content\/uploads\/2024\/05\/01\/HTKS-768x384.jpg?ver=2f40e880e0449c997ef1b3ed73be7315 768w, https:\/\/brtk.net\/wp-content\/uploads\/2024\/05\/01\/HTKS-720x360.jpg?ver=2f40e880e0449c997ef1b3ed73be7315 720w\"\/>                            <\/div>\n<p>Hava Trafik Kontrol\u00f6rleri Sendikas\u0131 (HTSK), Ercan Havaliman\u0131\u2019ndaki radarlarda meydana gelen ar\u0131za nedeniyle ya\u015fanacak olumsuzluklar\u0131n sorumlusunun \u00e7al\u0131\u015fanlar de\u011fil \u00fclkeyi y\u00f6netenler oldu\u011funu belirtti.<\/p>\n<p>HTSK Bas\u0131n ve Yay\u0131n Sorumlusu \u0130smail H\u00fcrmek imzas\u0131yla yap\u0131lan a\u00e7\u0131klamada, radarlardaki ar\u0131zan\u0131n hava trafi\u011fini aksatt\u0131\u011f\u0131 ve u\u00e7u\u015f emniyetini sa\u011flamak i\u00e7in zaten yo\u011fun \u00e7al\u0131\u015fan personelin i\u015f y\u00fck\u00fcne ekstra gereksiz i\u015f y\u00fckleri ekledi\u011fini kaydetti.<\/p>\n<p>\u201cUnutulmamal\u0131d\u0131r ki havac\u0131l\u0131kta d\u00fczen ile emniyet do\u011fru orant\u0131l\u0131d\u0131r. Bu durum d\u00fczenlene kadar t\u00fcm personel yine elini ta\u015f\u0131n alt\u0131na koyup yetki ve sorumluluklar\u0131n\u0131n \u00fczerinde bir \u00e7aba g\u00f6stermektedirler.\u201d denilen a\u00e7\u0131klamada, \u201cBizler grev dahil gereken her y\u00f6ntemle uyar\u0131lar\u0131 yapt\u0131k, fakat siz y\u00f6netenlerin tek gailesi grevi yasaklamak olmu\u015ftur. T\u00fcm uyar\u0131lar\u0131 dikkate almay\u0131p, sorunlar\u0131 \u00e7\u00f6zmeye \u00e7al\u0131\u015fmad\u0131\u011f\u0131n\u0131z i\u00e7in bu aksakl\u0131klar olmaktad\u0131r. Ya\u015fanacak olumsuzluklar\u0131n sorumlusu biz \u00e7al\u0131\u015fanlar de\u011fil \u00fclkeyi y\u00f6netti\u011fini d\u00fc\u015f\u00fcnen sizlersiniz.\u201d ifadeleri kullan\u0131ld\u0131.<\/p>\n<\/p><\/div>\n<p><script async\n                    defer\n                    crossorigin=\"anonymous\"\n                    src=\"https:\/\/connect.facebook.net\/tr_TR\/sdk.js#xfbml=1&#038;version=v3.3\"\n            ><\/script><br \/>\n<br \/><br \/>\n<br \/><a href=\"https:\/\/brtk.net\/ercanda-radarlardaki-ariza-htsk-yasanacak-olumsuzluklarin-sorumlusu-calisanlar-degil-yonetenlerdir\/\">Kaynak BRT <\/a><\/p>\n","protected":false},"excerpt":{"rendered":"<p>Hava Trafik Kontrol\u00f6rleri Sendikas\u0131 (HTSK), Ercan Havaliman\u0131\u2019ndaki radarlarda meydana gelen ar\u0131za nedeniyle ya\u015fanacak olumsuzluklar\u0131n sorumlusunun \u00e7al\u0131\u015fanlar de\u011fil \u00fclkeyi y\u00f6netenler oldu\u011funu belirtti. HTSK Bas\u0131n ve Yay\u0131n Sorumlusu \u0130smail H\u00fcrmek imzas\u0131yla yap\u0131lan a\u00e7\u0131klamada, radarlardaki ar\u0131zan\u0131n hava trafi\u011fini aksatt\u0131\u011f\u0131 ve u\u00e7u\u015f emniyetini sa\u011flamak i\u00e7in zaten yo\u011fun \u00e7al\u0131\u015fan personelin i\u015f y\u00fck\u00fcne ekstra gereksiz i\u015f y\u00fckleri ekledi\u011fini kaydetti. \u201cUnutulmamal\u0131d\u0131r ki [&hellip;]<\/p>\n","protected":false},"author":908,"featured_media":13348,"comment_status":"open","ping_status":"open","sticky":false,"template":"","format":"standard","meta":{"_jetpack_memberships_contains_paid_content":false,"footnotes":"","jetpack_publicize_message":"","jetpack_publicize_feature_enabled":true,"jetpack_social_post_already_shared":true,"jetpack_social_options":{"image_generator_settings":{"template":"highway","default_image_id":0,"font":"","enabled":false},"version":2}},"categories":[253],"tags":[],"class_list":["post-14601","post","type-post","status-publish","format-standard","has-post-thumbnail","hentry","category-gundem"],"jetpack_publicize_connections":[],"jetpack_featured_media_url":"https:\/\/kibrisayna.com\/wp-content\/uploads\/2024\/12\/HTKS.jpg","jetpack_sharing_enabled":true,"_links":{"self":[{"href":"https:\/\/kibrisayna.com\/index.php\/wp-json\/wp\/v2\/posts\/14601","targetHints":{"allow":["GET"]}}],"collection":[{"href":"https:\/\/kibrisayna.com\/index.php\/wp-json\/wp\/v2\/posts"}],"about":[{"href":"https:\/\/kibrisayna.com\/index.php\/wp-json\/wp\/v2\/types\/post"}],"author":[{"embeddable":true,"href":"https:\/\/kibrisayna.com\/index.php\/wp-json\/wp\/v2\/users\/908"}],"replies":[{"embeddable":true,"href":"https:\/\/kibrisayna.com\/index.php\/wp-json\/wp\/v2\/comments?post=14601"}],"version-history":[{"count":0,"href":"https:\/\/kibrisayna.com\/index.php\/wp-json\/wp\/v2\/posts\/14601\/revisions"}],"wp:featuredmedia":[{"embeddable":true,"href":"https:\/\/kibrisayna.com\/index.php\/wp-json\/wp\/v2\/media\/13348"}],"wp:attachment":[{"href":"https:\/\/kibrisayna.com\/index.php\/wp-json\/wp\/v2\/media?parent=14601"}],"wp:term":[{"taxonomy":"category","embeddable":true,"href":"https:\/\/kibrisayna.com\/index.php\/wp-json\/wp\/v2\/categories?post=14601"},{"taxonomy":"post_tag","embeddable":true,"href":"https:\/\/kibrisayna.com\/index.php\/wp-json\/wp\/v2\/tags?post=14601"}],"curies":[{"name":"wp","href":"https:\/\/api.w.org\/{rel}","templated":true}]}}