{"id":14589,"date":"2024-12-21T09:28:56","date_gmt":"2024-12-21T06:28:56","guid":{"rendered":"https:\/\/kibrisayna.com\/index.php\/2024\/12\/21\/derinyada-ateskes-hattini-ihlal-etmek-isteyen-rum-ciftci-baris-gucu-askerini-yaraladi-brtk\/"},"modified":"2024-12-21T09:28:56","modified_gmt":"2024-12-21T06:28:56","slug":"derinyada-ateskes-hattini-ihlal-etmek-isteyen-rum-ciftci-baris-gucu-askerini-yaraladi-brtk","status":"publish","type":"post","link":"https:\/\/kibrisayna.com\/index.php\/2024\/12\/21\/derinyada-ateskes-hattini-ihlal-etmek-isteyen-rum-ciftci-baris-gucu-askerini-yaraladi-brtk\/","title":{"rendered":"Derinya\u2019da ate\u015fkes hatt\u0131n\u0131 ihlal etmek isteyen Rum \u00e7ift\u00e7i Bar\u0131\u015f G\u00fcc\u00fc askerini yaralad\u0131 \u2013 BRTK"},"content":{"rendered":"<p> <br \/>\n<\/p>\n<div>\n<div class=\"mariselle-image-container center\">\n                <img loading=\"lazy\" decoding=\"async\" width=\"1450\" height=\"1030\" class=\"lazy-image\" alt=\"\" sizes=\"auto, (max-width: 1450px) 100vw, 1450px\" src=\"https:\/\/brtk.net\/wp-content\/uploads\/2024\/12\/21\/oopp.jpg?ver=09b7bd9e5cf9b60bf10239d089ecb263\" srcset=\"https:\/\/brtk.net\/wp-content\/uploads\/2024\/12\/21\/oopp.jpg?ver=09b7bd9e5cf9b60bf10239d089ecb263 1450w, https:\/\/brtk.net\/wp-content\/uploads\/2024\/12\/21\/oopp-300x213.jpg?ver=9e529d0942a2c8d7a58ddb4500b50615 300w, https:\/\/brtk.net\/wp-content\/uploads\/2024\/12\/21\/oopp-1024x727.jpg?ver=9e529d0942a2c8d7a58ddb4500b50615 1024w, https:\/\/brtk.net\/wp-content\/uploads\/2024\/12\/21\/oopp-768x546.jpg?ver=9e529d0942a2c8d7a58ddb4500b50615 768w\"\/>                            <\/div>\n<p>Derinya b\u00f6lgesinde bir Rum \u00e7ift\u00e7i, BM kontrol\u00fcndeki ara b\u00f6lgede\u00a0KKTC\u2019ye ait ate\u015fkes hatt\u0131n\u0131 trakt\u00f6r\u00fc ile s\u00fcrmek istedi.<\/p>\n<p>BM Bar\u0131\u015f G\u00fcc\u00fc askerlerinin engelleme giri\u015fimleri \u00fczerine Rum \u00e7ift\u00e7i, trakt\u00f6r\u00fcn\u00fc askerlerin \u00fczerine s\u00fcrd\u00fc.<\/p>\n<p>Rum \u00e7ift\u00e7i, bir BM askerini yaralad\u0131 ve BM\u2019ye ait araca zarar verdi.<\/p>\n<p>Rum \u00e7ift\u00e7ilerin de arkada\u015flar\u0131na destek vermek \u00fczere b\u00f6lgeye gelmesi \u00fczerine BM askerleri ile \u00e7ift\u00e7iler aras\u0131nda uzun s\u00fcren gerginlik ya\u015fand\u0131.<\/p>\n<p>BM askerlerinin Rum \u00e7ift\u00e7ileri b\u00f6lgeden uzakla\u015ft\u0131rmas\u0131 ile gerginlik sona erdi.<\/p>\n<p>Birle\u015fmi\u015f Milletler Bar\u0131\u015f G\u00fcc\u00fc\u2019nden yap\u0131lan yaz\u0131l\u0131 a\u00e7\u0131klamada, bir bar\u0131\u015f g\u00fcc\u00fc askerinin yaraland\u0131\u011f\u0131 ve araca zarar verildi\u011fi do\u011fruland\u0131.<\/p>\n<p>A\u00e7\u0131klamada, \u201cBM bar\u0131\u015f g\u00fc\u00e7lerinin g\u00fcvenli\u011fine y\u00f6nelik tehditler ve BM m\u00fclk\u00fcne verilen zararlar kabul edilemez ve bu uluslararas\u0131 hukuka g\u00f6re ciddi bir su\u00e7 te\u015fkil edebilir. T\u00fcm \u00e7ift\u00e7ileri, tampon b\u00f6lge i\u00e7indeki \u00e7ift\u00e7ilik faaliyetlerine ili\u015fkin t\u00fcm BM kural ve d\u00fczenlemelerine uymaya \u00e7a\u011f\u0131r\u0131yoruz. En b\u00fcy\u00fck \u00f6nceli\u011fimizin, BM kontrol\u00fcndeki tampon b\u00f6lgede gerginli\u011fi \u00f6nlemek ve mevcut durumu korumak oldu\u011funu yineliyoruz.\u201d ifadesi yer ald\u0131.<\/p>\n<\/p><\/div>\n<p><script async\n                    defer\n                    crossorigin=\"anonymous\"\n                    src=\"https:\/\/connect.facebook.net\/tr_TR\/sdk.js#xfbml=1&#038;version=v3.3\"\n            ><\/script><br \/>\n<br \/><br \/>\n<br \/><a href=\"https:\/\/brtk.net\/derinyada-ateskes-hattini-ihlal-etmek-isteyen-rum-ciftci-baris-gucu-askerini-yaraladi\/\">Kaynak BRT <\/a><\/p>\n","protected":false},"excerpt":{"rendered":"<p>Derinya b\u00f6lgesinde bir Rum \u00e7ift\u00e7i, BM kontrol\u00fcndeki ara b\u00f6lgede\u00a0KKTC\u2019ye ait ate\u015fkes hatt\u0131n\u0131 trakt\u00f6r\u00fc ile s\u00fcrmek istedi. BM Bar\u0131\u015f G\u00fcc\u00fc askerlerinin engelleme giri\u015fimleri \u00fczerine Rum \u00e7ift\u00e7i, trakt\u00f6r\u00fcn\u00fc askerlerin \u00fczerine s\u00fcrd\u00fc. Rum \u00e7ift\u00e7i, bir BM askerini yaralad\u0131 ve BM\u2019ye ait araca zarar verdi. Rum \u00e7ift\u00e7ilerin de arkada\u015flar\u0131na destek vermek \u00fczere b\u00f6lgeye gelmesi \u00fczerine BM askerleri ile \u00e7ift\u00e7iler [&hellip;]<\/p>\n","protected":false},"author":908,"featured_media":14590,"comment_status":"open","ping_status":"open","sticky":false,"template":"","format":"standard","meta":{"_jetpack_memberships_contains_paid_content":false,"footnotes":"","jetpack_publicize_message":"","jetpack_publicize_feature_enabled":true,"jetpack_social_post_already_shared":true,"jetpack_social_options":{"image_generator_settings":{"template":"highway","default_image_id":0,"font":"","enabled":false},"version":2}},"categories":[253],"tags":[],"class_list":["post-14589","post","type-post","status-publish","format-standard","has-post-thumbnail","hentry","category-gundem"],"jetpack_publicize_connections":[],"jetpack_featured_media_url":"https:\/\/kibrisayna.com\/wp-content\/uploads\/2024\/12\/oopp.jpg","jetpack_sharing_enabled":true,"_links":{"self":[{"href":"https:\/\/kibrisayna.com\/index.php\/wp-json\/wp\/v2\/posts\/14589","targetHints":{"allow":["GET"]}}],"collection":[{"href":"https:\/\/kibrisayna.com\/index.php\/wp-json\/wp\/v2\/posts"}],"about":[{"href":"https:\/\/kibrisayna.com\/index.php\/wp-json\/wp\/v2\/types\/post"}],"author":[{"embeddable":true,"href":"https:\/\/kibrisayna.com\/index.php\/wp-json\/wp\/v2\/users\/908"}],"replies":[{"embeddable":true,"href":"https:\/\/kibrisayna.com\/index.php\/wp-json\/wp\/v2\/comments?post=14589"}],"version-history":[{"count":0,"href":"https:\/\/kibrisayna.com\/index.php\/wp-json\/wp\/v2\/posts\/14589\/revisions"}],"wp:featuredmedia":[{"embeddable":true,"href":"https:\/\/kibrisayna.com\/index.php\/wp-json\/wp\/v2\/media\/14590"}],"wp:attachment":[{"href":"https:\/\/kibrisayna.com\/index.php\/wp-json\/wp\/v2\/media?parent=14589"}],"wp:term":[{"taxonomy":"category","embeddable":true,"href":"https:\/\/kibrisayna.com\/index.php\/wp-json\/wp\/v2\/categories?post=14589"},{"taxonomy":"post_tag","embeddable":true,"href":"https:\/\/kibrisayna.com\/index.php\/wp-json\/wp\/v2\/tags?post=14589"}],"curies":[{"name":"wp","href":"https:\/\/api.w.org\/{rel}","templated":true}]}}