{"id":14585,"date":"2024-12-21T09:23:19","date_gmt":"2024-12-21T06:23:19","guid":{"rendered":"https:\/\/kibrisayna.com\/index.php\/2024\/12\/21\/brtk-yonetim-kurulu-baskani-tokel-takin-51-kurulus-yildonumunu-kutladi-brtk\/"},"modified":"2024-12-21T09:23:19","modified_gmt":"2024-12-21T06:23:19","slug":"brtk-yonetim-kurulu-baskani-tokel-takin-51-kurulus-yildonumunu-kutladi-brtk","status":"publish","type":"post","link":"https:\/\/kibrisayna.com\/index.php\/2024\/12\/21\/brtk-yonetim-kurulu-baskani-tokel-takin-51-kurulus-yildonumunu-kutladi-brtk\/","title":{"rendered":"BRTK Y\u00f6netim Kurulu Ba\u015fkan\u0131 Tokel, TAK\u2019\u0131n 51. kurulu\u015f y\u0131ld\u00f6n\u00fcm\u00fcn\u00fc kutlad\u0131 \u2013 BRTK"},"content":{"rendered":"<p> <br \/>\n<\/p>\n<div>\n<div class=\"mariselle-image-container center\">\n                <img loading=\"lazy\" decoding=\"async\" width=\"739\" height=\"386\" class=\"lazy-image\" alt=\"\" sizes=\"auto, (max-width: 739px) 100vw, 739px\" src=\"https:\/\/brtk.net\/wp-content\/uploads\/2024\/11\/28\/ozdemir-tokel222a.jpg?ver=cb8f00f390764cb32774cd17c6984446\" srcset=\"https:\/\/brtk.net\/wp-content\/uploads\/2024\/11\/28\/ozdemir-tokel222a.jpg?ver=cb8f00f390764cb32774cd17c6984446 739w, https:\/\/brtk.net\/wp-content\/uploads\/2024\/11\/28\/ozdemir-tokel222a-300x157.jpg?ver=abf233032b7ba3ee7a905a79509ff7f7 300w, https:\/\/brtk.net\/wp-content\/uploads\/2024\/11\/28\/ozdemir-tokel222a-736x384.jpg?ver=abf233032b7ba3ee7a905a79509ff7f7 736w\"\/>                            <\/div>\n<p>Bayrak Radyo Televizyon Kurumu Y\u00f6netim Kurulu Ba\u015fkan\u0131 \u00d6zdemir Tokel, T\u00fcrk Ajans\u0131 K\u0131br\u0131s\u2019\u0131n 51. kurulu\u015f y\u0131ld\u00f6n\u00fcm\u00fc dolay\u0131s\u0131yla TAK M\u00fcd\u00fcr\u00fc Fehmi G\u00fcrdall\u0131 ve TAK Y\u00f6netim Kurulu Ba\u015fkan\u0131 Ayd\u0131n Akkurt\u2019a mesaj g\u00f6nderdi.<\/p>\n<p>Tokel, mesaj\u0131nda \u015fu ifadeleri kulland\u0131;<\/p>\n<p>\u201c21 Aral\u0131k 1973 tarihinde, varolu\u015f m\u00fccadelemizin sesini y\u00fckseltmek ve adada tek yanl\u0131 \u00fcretilen haberlere kar\u015f\u0131 bir duru\u015f sergilemek ad\u0131na K\u0131br\u0131s T\u00fcrk Y\u00f6netimi\u2019nin kendi haber ajans\u0131na sahip olma istencini ortaya koymas\u0131 \u00fczerine Sait Terzio\u011flu ve ekibi taraf\u0131ndan kurulu\u015fu ger\u00e7ekle\u015ftirilen, T\u00fcrk Ajans\u0131 K\u0131br\u0131s bug\u00fcn 51 ya\u015f\u0131nda. O g\u00fcnden bug\u00fcne, toplumsal haf\u0131zam\u0131z\u0131n vazge\u00e7ilmez bir par\u00e7as\u0131 olan K\u0131br\u0131s T\u00fcrk Halk\u0131\u2019n\u0131n sesini, do\u011fru, tarafs\u0131z ve ilkeli bir \u015fekilde d\u00fcnyaya ula\u015ft\u0131ran, g\u00fcvenilir habercili\u011fin adresi, K\u0131br\u0131s T\u00fcrk Bas\u0131n kurulu\u015flar\u0131n\u0131n tart\u0131\u015fmas\u0131z en \u00f6nemli haber kayna\u011f\u0131 T\u00fcrk Ajans\u0131 K\u0131br\u0131s\u2019\u0131n 51. Kurulu\u015f y\u0131ld\u00f6n\u00fcm\u00fcn\u00fc selaml\u0131yorum\u201d.<br \/>\u00d6zdemir Tokel, \u00c7a\u011f\u0131m\u0131zda s\u00fcrekli geli\u015fen ve de\u011fi\u015fen medya teknolojilerini takip ederek kendini her g\u00fcn yenileyen, yapay zek\u00e2 \u00e7a\u011f\u0131nda, \u00fclkemize, devletimize ve halk\u0131m\u0131za y\u00f6nelik olas\u0131 her t\u00fcr dezenformasyon ve manip\u00fclasyonlara cevap verme kabiliyetine sahip bir Haber Ajans\u0131 olma misyonunu onurla ta\u015f\u0131yan TAK\u2019\u0131n, ayn\u0131 zamanda nesnel ve do\u011fru habercili\u011fin de bir okulu haline geldi\u011fine dikkati \u00e7ekti.\u00dclkenin en prestijli kurumlar\u0131ndan biri olan TAK\u2019\u0131n vizyoner y\u00f6netim kadrolar\u0131 ile sekt\u00f6r\u00fcn \u00f6nc\u00fcs\u00fc olmaya devam edece\u011fine de inan\u00e7 belirten Tokel, \u201cBu vesileyle, \u015fahs\u0131m ve y\u00f6netim kurulumuz ad\u0131na kurulu\u015f y\u0131ld\u00f6n\u00fcm\u00fcn\u00fcz\u00fc bir kez daha tebrik ediyor, Bayrak Radyo Televizyon Kurumu\u2019nun karde\u015f ve payda\u015f kurulu\u015fu T\u00fcrk Ajans\u0131 K\u0131br\u0131s\u2019\u0131n t\u00fcm emektarlar\u0131na \u00e7al\u0131\u015fmalar\u0131nda ba\u015far\u0131lar diliyorum\u201d ifadelerini kulland\u0131.<\/p>\n<\/p><\/div>\n<p><script async\n                    defer\n                    crossorigin=\"anonymous\"\n                    src=\"https:\/\/connect.facebook.net\/tr_TR\/sdk.js#xfbml=1&#038;version=v3.3\"\n            ><\/script><br \/>\n<br \/><br \/>\n<br \/><a href=\"https:\/\/brtk.net\/brtk-yonetim-kurulu-baskani-tokel-takin-51-kurulus-yildonumunu-kutladi\/\">Kaynak BRT <\/a><\/p>\n","protected":false},"excerpt":{"rendered":"<p>Bayrak Radyo Televizyon Kurumu Y\u00f6netim Kurulu Ba\u015fkan\u0131 \u00d6zdemir Tokel, T\u00fcrk Ajans\u0131 K\u0131br\u0131s\u2019\u0131n 51. kurulu\u015f y\u0131ld\u00f6n\u00fcm\u00fc dolay\u0131s\u0131yla TAK M\u00fcd\u00fcr\u00fc Fehmi G\u00fcrdall\u0131 ve TAK Y\u00f6netim Kurulu Ba\u015fkan\u0131 Ayd\u0131n Akkurt\u2019a mesaj g\u00f6nderdi. Tokel, mesaj\u0131nda \u015fu ifadeleri kulland\u0131; \u201c21 Aral\u0131k 1973 tarihinde, varolu\u015f m\u00fccadelemizin sesini y\u00fckseltmek ve adada tek yanl\u0131 \u00fcretilen haberlere kar\u015f\u0131 bir duru\u015f sergilemek ad\u0131na K\u0131br\u0131s T\u00fcrk [&hellip;]<\/p>\n","protected":false},"author":908,"featured_media":14586,"comment_status":"open","ping_status":"open","sticky":false,"template":"","format":"standard","meta":{"_jetpack_memberships_contains_paid_content":false,"footnotes":"","jetpack_publicize_message":"","jetpack_publicize_feature_enabled":true,"jetpack_social_post_already_shared":true,"jetpack_social_options":{"image_generator_settings":{"template":"highway","default_image_id":0,"font":"","enabled":false},"version":2}},"categories":[253],"tags":[],"class_list":["post-14585","post","type-post","status-publish","format-standard","has-post-thumbnail","hentry","category-gundem"],"jetpack_publicize_connections":[],"jetpack_featured_media_url":"https:\/\/kibrisayna.com\/wp-content\/uploads\/2024\/12\/ozdemir-tokel222a.jpg","jetpack_sharing_enabled":true,"_links":{"self":[{"href":"https:\/\/kibrisayna.com\/index.php\/wp-json\/wp\/v2\/posts\/14585","targetHints":{"allow":["GET"]}}],"collection":[{"href":"https:\/\/kibrisayna.com\/index.php\/wp-json\/wp\/v2\/posts"}],"about":[{"href":"https:\/\/kibrisayna.com\/index.php\/wp-json\/wp\/v2\/types\/post"}],"author":[{"embeddable":true,"href":"https:\/\/kibrisayna.com\/index.php\/wp-json\/wp\/v2\/users\/908"}],"replies":[{"embeddable":true,"href":"https:\/\/kibrisayna.com\/index.php\/wp-json\/wp\/v2\/comments?post=14585"}],"version-history":[{"count":0,"href":"https:\/\/kibrisayna.com\/index.php\/wp-json\/wp\/v2\/posts\/14585\/revisions"}],"wp:featuredmedia":[{"embeddable":true,"href":"https:\/\/kibrisayna.com\/index.php\/wp-json\/wp\/v2\/media\/14586"}],"wp:attachment":[{"href":"https:\/\/kibrisayna.com\/index.php\/wp-json\/wp\/v2\/media?parent=14585"}],"wp:term":[{"taxonomy":"category","embeddable":true,"href":"https:\/\/kibrisayna.com\/index.php\/wp-json\/wp\/v2\/categories?post=14585"},{"taxonomy":"post_tag","embeddable":true,"href":"https:\/\/kibrisayna.com\/index.php\/wp-json\/wp\/v2\/tags?post=14585"}],"curies":[{"name":"wp","href":"https:\/\/api.w.org\/{rel}","templated":true}]}}