{"id":14581,"date":"2024-12-21T09:01:06","date_gmt":"2024-12-21T06:01:06","guid":{"rendered":"https:\/\/kibrisayna.com\/index.php\/2024\/12\/21\/psikoloji-profesoru-acikladi-hayal-gucunden-sesler-kayboluyor\/"},"modified":"2024-12-21T09:01:06","modified_gmt":"2024-12-21T06:01:06","slug":"psikoloji-profesoru-acikladi-hayal-gucunden-sesler-kayboluyor","status":"publish","type":"post","link":"https:\/\/kibrisayna.com\/index.php\/2024\/12\/21\/psikoloji-profesoru-acikladi-hayal-gucunden-sesler-kayboluyor\/","title":{"rendered":"Psikoloji profes\u00f6r\u00fc a\u00e7\u0131klad\u0131: Hayal g\u00fcc\u00fcnden sesler kayboluyor"},"content":{"rendered":"<p> <br \/>\n<br \/><img decoding=\"async\" src=\"https:\/\/cdn1.ntv.com.tr\/gorsel\/m8hwhseNHk-jNZGehTSEZw.jpg?width=1200&amp;ampmode=crop&amp;ampscale=both\" class=\"type:primaryImage\" alt=\"Psikoloji profes\u00f6r\u00fc a\u00e7\u0131klad\u0131: Hayal g\u00fcc\u00fcnden sesler kayboluyor\" \/><\/p>\n<p>Auckland \u00dcniversitesi&#8217;ndeki bilim insanlar\u0131, sesleri hayal edemeyen bireyleri etkileyen nadir bir durum olan anauralia \u00fczerinde \u00e7al\u0131\u015f\u0131yor. Halk aras\u0131nda &#8220;sessiz zihin&#8221; olarak bilinen bu durum, insanlar\u0131n i\u00e7 sesleri ya da hayali m\u00fczikleri deneyimleyemedi\u011fi bir zihinsel yap\u0131y\u0131 ifade ediyor.<\/p>\n<section class=\"type:slideshow\">\n<figure><img decoding=\"async\" src=\"https:\/\/cdn1.ntv.com.tr\/gorsel\/5f9Oq3enh0CGGBUOE4gnag.jpg?width=1200&amp;mode=crop&amp;scale=both\" width=\"1200\" \/><figcaption>14-16 Nisan tarihleri aras\u0131nda Auckland\u2019da d\u00fczenlenecek &#8220;Mind\u2019s Ear and Inner Voice&#8221; adl\u0131 konferans, anauralia ve onun tam tersi olan hiperauralia \u00fczerine disiplinler aras\u0131 bir tart\u0131\u015fma platformu olu\u015fturmay\u0131 hedefliyor. Konferansa bilim insanlar\u0131, sanat\u00e7\u0131lar, m\u00fczisyenler ve filozoflar kat\u0131larak i\u00e7 ses fenomenini ele alacaklar.<\/figcaption><\/figure>\n<figure><img decoding=\"async\" src=\"https:\/\/cdn1.ntv.com.tr\/gorsel\/BUwHj2jyRUyFAgvZdguOLw.jpg?width=1200&amp;mode=crop&amp;scale=both\" width=\"1200\" \/><figcaption>Anauralia, i\u015fitsel hayal g\u00fcc\u00fcn\u00fcn eksikli\u011fi anlam\u0131na gelir. Bu durum, insanlar\u0131n zihinlerinde bir k\u00f6pe\u011fin havlamas\u0131n\u0131, bir \u015fark\u0131y\u0131 ya da herhangi bir ses deneyimini hayal edememesiyle karakterize edilir.<\/figcaption><\/figure>\n<figure><img decoding=\"async\" src=\"https:\/\/cdn1.ntv.com.tr\/gorsel\/mTPAx4jJkkaHK76dVbI1oA.jpg?width=1200&amp;mode=crop&amp;scale=both\" width=\"1200\" \/><figcaption>Genellikle g\u00f6rsel hayal g\u00fcc\u00fcnden yoksun olma durumu olan afantazi ile ili\u015fkilendirilen anauralia, toplumun yaln\u0131zca %1\u2019ini etkiler ve herhangi bir dezavantaj yaratmad\u0131\u011f\u0131 gibi dikkat seviyesinin artmas\u0131 gibi potansiyel faydalar sa\u011flayabilir.<\/figcaption><\/figure>\n<figure><img decoding=\"async\" src=\"https:\/\/cdn1.ntv.com.tr\/gorsel\/mNqLf6VDHUGhgKsMneGc7w.jpg?width=1200&amp;mode=crop&amp;scale=both\" width=\"1200\" \/><figcaption>Auckland \u00dcniversitesi\u2019nden Psikoloji Profes\u00f6r\u00fc Tony Lambert, bu konunun \u00f6zellikle yazarlar, m\u00fczisyenler ve \u015fairler i\u00e7in yarat\u0131c\u0131 s\u00fcre\u00e7te \u00f6nemli bir yere sahip oldu\u011funa dikkat \u00e7ekiyor. \u201cBeyin hayali sesleri nas\u0131l \u00fcretiyor ya da \u00fcretemiyor? Bu, sanat\u00e7\u0131lar i\u00e7in yarat\u0131c\u0131 s\u00fcrecin anahtar\u0131 olabilir,\u201d diyen Lambert, disiplinler aras\u0131 bak\u0131\u015f a\u00e7\u0131s\u0131n\u0131n \u00f6nemini vurguluyor.<\/figcaption><\/figure>\n<figure><img decoding=\"async\" src=\"https:\/\/cdn1.ntv.com.tr\/gorsel\/WsSSFBzbNkCDA3oKIBzvqw.jpg?width=1200&amp;mode=crop&amp;scale=both\" width=\"1200\" \/><figcaption>Konferansta yaln\u0131zca sessiz zihinler de\u011fil, son derece canl\u0131 i\u015fitsel imgelerle karakterize edilen hiperauralia da ele al\u0131nacak. Hyperauralia&#8217;ya sahip bireyler, zihinlerinde bir senfoniyi t\u00fcm ayr\u0131nt\u0131lar\u0131yla canland\u0131rabildiklerini ya da \u00e7ok g\u00fc\u00e7l\u00fc i\u015fitsel imgeler deneyimlediklerini ifade ediyor.<\/figcaption><\/figure>\n<figure><img decoding=\"async\" src=\"https:\/\/cdn1.ntv.com.tr\/gorsel\/fOM8wbKAPEiP511pkeF3TQ.jpg?width=1200&amp;mode=crop&amp;scale=both\" width=\"1200\" \/><figcaption>Anauralia deneyimi ya\u015fayan Auckland \u00dcniversitesi \u00f6\u011frencisi Sang Hyun Kim, ba\u015fkalar\u0131n\u0131n hayali sesleri duyma fikrini \u201ctuhaf\u201d buldu\u011funu belirtiyor ve bu alandaki ara\u015ft\u0131rmalardan b\u00fcy\u00fck heyecan duydu\u011funu dile getiriyor. Konferansta, ki\u015fisel deneyimlerin yan\u0131 s\u0131ra bu durumlar\u0131n psikolojik ve yarat\u0131c\u0131 etkileri de masaya yat\u0131r\u0131lacak.<\/figcaption><\/figure>\n<figure><img decoding=\"async\" src=\"https:\/\/cdn1.ntv.com.tr\/gorsel\/ps5oDTVBeUiMRJ71w7N-2g.jpg?width=1200&amp;mode=crop&amp;scale=both\" width=\"1200\" \/><figcaption>Son y\u0131llarda, i\u015fitsel imgeler g\u00f6rsel imgeler kadar ilgi g\u00f6rmemi\u015f olsa da, Lambert bu durumun de\u011fi\u015fmekte oldu\u011funa inan\u0131yor. Afantazi terimini ortaya atan bilim insan\u0131 Adam Zeman ile tan\u0131\u015ft\u0131ktan sonra konuyla ilgilenmeye ba\u015flad\u0131\u011f\u0131n\u0131 belirten Lambert, \u201cArt\u0131k sessiz bir i\u00e7 d\u00fcnyan\u0131n ne kadar yayg\u0131n oldu\u011funa dair iyi cevaplar\u0131m\u0131z var. Ancak bunun psikolojik etkilerini anlamak daha uzun s\u00fcrecek,\u201d diyor.<\/figcaption><\/figure>\n<figure><img decoding=\"async\" src=\"https:\/\/cdn1.ntv.com.tr\/gorsel\/hiKY_HenyE6bAWEdLhpFVQ.jpg?width=1200&amp;mode=crop&amp;scale=both\" width=\"1200\" \/><figcaption>Konferans, bilimin yan\u0131 s\u0131ra sanat ve felsefe alanlar\u0131n\u0131 da bir araya getirerek, sessiz zihinlerin ve canl\u0131 i\u015fitsel imgelerin insan deneyimine etkilerini anlamaya y\u00f6nelik \u00f6nemli bir ad\u0131m olarak g\u00f6r\u00fcl\u00fcyor.Bu t\u00fcr nadir zihinsel yap\u0131lar\u0131n daha geni\u015f bir ba\u011flamda yarat\u0131c\u0131 s\u00fcre\u00e7lere ve insan alg\u0131s\u0131na nas\u0131l etki etti\u011fini anlamak, hem bilimsel hem de sanatsal \u00e7evreler i\u00e7in b\u00fcy\u00fck bir ilgi oda\u011f\u0131 olmaya devam ediyor.<\/figcaption><\/figure>\n<\/section>\n<p><br \/>\n<br \/><a href=\"https:\/\/www.ntv.com.tr\/galeri\/teknoloji\/psikoloji-profesoru-acikladi-hayal-gucunden-sesler-kayboluyor,K_bhA8k2rUKJWGbdGVpk1Q\"><\/a><\/p>\n","protected":false},"excerpt":{"rendered":"<p>Auckland \u00dcniversitesi&#8217;ndeki bilim insanlar\u0131, sesleri hayal edemeyen bireyleri etkileyen nadir bir durum olan anauralia \u00fczerinde \u00e7al\u0131\u015f\u0131yor. Halk aras\u0131nda &#8220;sessiz zihin&#8221; olarak bilinen bu durum, insanlar\u0131n i\u00e7 sesleri ya da hayali m\u00fczikleri deneyimleyemedi\u011fi bir zihinsel yap\u0131y\u0131 ifade ediyor. 14-16 Nisan tarihleri aras\u0131nda Auckland\u2019da d\u00fczenlenecek &#8220;Mind\u2019s Ear and Inner Voice&#8221; adl\u0131 konferans, anauralia ve onun tam tersi [&hellip;]<\/p>\n","protected":false},"author":908,"featured_media":14582,"comment_status":"open","ping_status":"open","sticky":false,"template":"","format":"standard","meta":{"_jetpack_memberships_contains_paid_content":false,"footnotes":"","jetpack_publicize_message":"","jetpack_publicize_feature_enabled":true,"jetpack_social_post_already_shared":true,"jetpack_social_options":{"image_generator_settings":{"template":"highway","default_image_id":0,"font":"","enabled":false},"version":2}},"categories":[12],"tags":[],"class_list":["post-14581","post","type-post","status-publish","format-standard","has-post-thumbnail","hentry","category-teknoloji"],"jetpack_publicize_connections":[],"jetpack_featured_media_url":"https:\/\/kibrisayna.com\/wp-content\/uploads\/2024\/12\/m8hwhseNHk-jNZGehTSEZw.jpg","jetpack_sharing_enabled":true,"_links":{"self":[{"href":"https:\/\/kibrisayna.com\/index.php\/wp-json\/wp\/v2\/posts\/14581","targetHints":{"allow":["GET"]}}],"collection":[{"href":"https:\/\/kibrisayna.com\/index.php\/wp-json\/wp\/v2\/posts"}],"about":[{"href":"https:\/\/kibrisayna.com\/index.php\/wp-json\/wp\/v2\/types\/post"}],"author":[{"embeddable":true,"href":"https:\/\/kibrisayna.com\/index.php\/wp-json\/wp\/v2\/users\/908"}],"replies":[{"embeddable":true,"href":"https:\/\/kibrisayna.com\/index.php\/wp-json\/wp\/v2\/comments?post=14581"}],"version-history":[{"count":0,"href":"https:\/\/kibrisayna.com\/index.php\/wp-json\/wp\/v2\/posts\/14581\/revisions"}],"wp:featuredmedia":[{"embeddable":true,"href":"https:\/\/kibrisayna.com\/index.php\/wp-json\/wp\/v2\/media\/14582"}],"wp:attachment":[{"href":"https:\/\/kibrisayna.com\/index.php\/wp-json\/wp\/v2\/media?parent=14581"}],"wp:term":[{"taxonomy":"category","embeddable":true,"href":"https:\/\/kibrisayna.com\/index.php\/wp-json\/wp\/v2\/categories?post=14581"},{"taxonomy":"post_tag","embeddable":true,"href":"https:\/\/kibrisayna.com\/index.php\/wp-json\/wp\/v2\/tags?post=14581"}],"curies":[{"name":"wp","href":"https:\/\/api.w.org\/{rel}","templated":true}]}}