{"id":14578,"date":"2024-12-20T23:40:45","date_gmt":"2024-12-20T20:40:45","guid":{"rendered":"https:\/\/kibrisayna.com\/index.php\/2024\/12\/20\/cumhurbaskani-tatar-2025-butcesinin-hayirli-olmasini-diledi-brtk\/"},"modified":"2024-12-20T23:40:45","modified_gmt":"2024-12-20T20:40:45","slug":"cumhurbaskani-tatar-2025-butcesinin-hayirli-olmasini-diledi-brtk","status":"publish","type":"post","link":"https:\/\/kibrisayna.com\/index.php\/2024\/12\/20\/cumhurbaskani-tatar-2025-butcesinin-hayirli-olmasini-diledi-brtk\/","title":{"rendered":"Cumhurba\u015fkan\u0131 Tatar, 2025 B\u00fct\u00e7esi\u2019nin hay\u0131rl\u0131 olmas\u0131n\u0131 diledi \u2013 BRTK"},"content":{"rendered":"<p> <br \/>\n<\/p>\n<div>\n<div class=\"mariselle-image-container center\">\n                <img loading=\"lazy\" decoding=\"async\" width=\"864\" height=\"485\" class=\"lazy-image\" alt=\"\" sizes=\"auto, (max-width: 864px) 100vw, 864px\" src=\"https:\/\/brtk.net\/wp-content\/uploads\/2024\/11\/08\/tatar-samsun-1.jpg?ver=ab8034a6803232c4dd3b1c9240c2ccac\" srcset=\"https:\/\/brtk.net\/wp-content\/uploads\/2024\/11\/08\/tatar-samsun-1.jpg?ver=ab8034a6803232c4dd3b1c9240c2ccac 864w, https:\/\/brtk.net\/wp-content\/uploads\/2024\/11\/08\/tatar-samsun-1-300x168.jpg?ver=110531e0792ef3f721d581cf42febe5f 300w, https:\/\/brtk.net\/wp-content\/uploads\/2024\/11\/08\/tatar-samsun-1-768x431.jpg?ver=110531e0792ef3f721d581cf42febe5f 768w\"\/>                            <\/div>\n<p>Cumhurba\u015fkan\u0131 Ersin Tatar, Cumuriyet Meclis\u2019inde b\u00fct\u00e7e \u00e7al\u0131\u015fmalar\u0131n\u0131n tamamlanmas\u0131n\u0131n ard\u0131ndan onaylanan 2025 Merkezi Devlet Y\u00f6netimi B\u00fct\u00e7esi\u2019nin hay\u0131rl\u0131 olmas\u0131n\u0131 diledi.<\/p>\n<p>Onaylanan 2025 b\u00fct\u00e7esine ili\u015fkin de\u011ferlendirmelerde bulunan Cumhurba\u015fkan\u0131 Tatar, yapt\u0131\u011f\u0131 a\u00e7\u0131klamada, ekonomide istikrar\u0131n ve s\u00fcrd\u00fcr\u00fclebilirli\u011fin temini, kamu ve \u00f6zel kesim yat\u0131r\u0131mlar\u0131n\u0131n, nitelikli b\u00fcy\u00fcmenin ve istihdam\u0131n desteklenmesi, toplumsal refah\u0131n art\u0131\u015f\u0131n\u0131n \u00f6nemine dikkat \u00e7ekti. <\/p>\n<p>Cumhurba\u015fkan\u0131 Tatar, her y\u0131l oldu\u011fu gibi bu y\u0131l da b\u00fct\u00e7eye katk\u0131s\u0131 nedeniyle T\u00fcrkiye Cumhuriyeti\u2019ne te\u015fekk\u00fcr etti.<\/p>\n<p>\u201cSekt\u00f6rlerin istikrarl\u0131 b\u00fcy\u00fcmesi \u00f6nemli\u201d diyen Cumhurba\u015fkan\u0131 Tatar, Turizm, Y\u00fcksek \u00d6\u011frenim, Sanayi, Tar\u0131m ve hizmetler sekt\u00f6rlerinde b\u00fcy\u00fcme s\u00fcrecine girildi\u011fini vurgulad\u0131.<\/p>\n<p>Cumhurba\u015fkan\u0131 Tatar, Maliye Bakan\u0131 \u00d6zdemir Berova\u2019ya, b\u00fct\u00e7eyi haz\u0131rlayan Maliye Bakanl\u0131\u011f\u0131 yetkililerine, yapt\u0131klar\u0131 katk\u0131lardan dolay\u0131 t\u00fcm milletvekillerine ve t\u00fcm Meclis \u00e7al\u0131\u015fanlar\u0131na te\u015fekk\u00fcr etti.<\/p>\n<\/p><\/div>\n<p><script async\n                    defer\n                    crossorigin=\"anonymous\"\n                    src=\"https:\/\/connect.facebook.net\/tr_TR\/sdk.js#xfbml=1&#038;version=v3.3\"\n            ><\/script><br \/>\n<br \/><br \/>\n<br \/><a href=\"https:\/\/brtk.net\/cumhurbaskani-tatar-2025-butcesinin-hayirli-olmasini-diledi\/\">Kaynak BRT <\/a><\/p>\n","protected":false},"excerpt":{"rendered":"<p>Cumhurba\u015fkan\u0131 Ersin Tatar, Cumuriyet Meclis\u2019inde b\u00fct\u00e7e \u00e7al\u0131\u015fmalar\u0131n\u0131n tamamlanmas\u0131n\u0131n ard\u0131ndan onaylanan 2025 Merkezi Devlet Y\u00f6netimi B\u00fct\u00e7esi\u2019nin hay\u0131rl\u0131 olmas\u0131n\u0131 diledi. Onaylanan 2025 b\u00fct\u00e7esine ili\u015fkin de\u011ferlendirmelerde bulunan Cumhurba\u015fkan\u0131 Tatar, yapt\u0131\u011f\u0131 a\u00e7\u0131klamada, ekonomide istikrar\u0131n ve s\u00fcrd\u00fcr\u00fclebilirli\u011fin temini, kamu ve \u00f6zel kesim yat\u0131r\u0131mlar\u0131n\u0131n, nitelikli b\u00fcy\u00fcmenin ve istihdam\u0131n desteklenmesi, toplumsal refah\u0131n art\u0131\u015f\u0131n\u0131n \u00f6nemine dikkat \u00e7ekti. Cumhurba\u015fkan\u0131 Tatar, her y\u0131l oldu\u011fu gibi [&hellip;]<\/p>\n","protected":false},"author":908,"featured_media":11736,"comment_status":"open","ping_status":"open","sticky":false,"template":"","format":"standard","meta":{"_jetpack_memberships_contains_paid_content":false,"footnotes":"","jetpack_publicize_message":"","jetpack_publicize_feature_enabled":true,"jetpack_social_post_already_shared":true,"jetpack_social_options":{"image_generator_settings":{"template":"highway","default_image_id":0,"font":"","enabled":false},"version":2}},"categories":[253],"tags":[],"class_list":["post-14578","post","type-post","status-publish","format-standard","has-post-thumbnail","hentry","category-gundem"],"jetpack_publicize_connections":[],"jetpack_featured_media_url":"https:\/\/kibrisayna.com\/wp-content\/uploads\/2024\/11\/tatar-samsun-1.jpg","jetpack_sharing_enabled":true,"_links":{"self":[{"href":"https:\/\/kibrisayna.com\/index.php\/wp-json\/wp\/v2\/posts\/14578","targetHints":{"allow":["GET"]}}],"collection":[{"href":"https:\/\/kibrisayna.com\/index.php\/wp-json\/wp\/v2\/posts"}],"about":[{"href":"https:\/\/kibrisayna.com\/index.php\/wp-json\/wp\/v2\/types\/post"}],"author":[{"embeddable":true,"href":"https:\/\/kibrisayna.com\/index.php\/wp-json\/wp\/v2\/users\/908"}],"replies":[{"embeddable":true,"href":"https:\/\/kibrisayna.com\/index.php\/wp-json\/wp\/v2\/comments?post=14578"}],"version-history":[{"count":0,"href":"https:\/\/kibrisayna.com\/index.php\/wp-json\/wp\/v2\/posts\/14578\/revisions"}],"wp:featuredmedia":[{"embeddable":true,"href":"https:\/\/kibrisayna.com\/index.php\/wp-json\/wp\/v2\/media\/11736"}],"wp:attachment":[{"href":"https:\/\/kibrisayna.com\/index.php\/wp-json\/wp\/v2\/media?parent=14578"}],"wp:term":[{"taxonomy":"category","embeddable":true,"href":"https:\/\/kibrisayna.com\/index.php\/wp-json\/wp\/v2\/categories?post=14578"},{"taxonomy":"post_tag","embeddable":true,"href":"https:\/\/kibrisayna.com\/index.php\/wp-json\/wp\/v2\/tags?post=14578"}],"curies":[{"name":"wp","href":"https:\/\/api.w.org\/{rel}","templated":true}]}}