{"id":14576,"date":"2024-12-20T23:11:10","date_gmt":"2024-12-20T20:11:10","guid":{"rendered":"https:\/\/kibrisayna.com\/index.php\/2024\/12\/20\/isiasortakdavamiz-sampiyon-melekleri-yasatma-dernegi-adalet-icin-ses-ver-etkinligi-duzenledi-brtk\/"},"modified":"2024-12-20T23:11:10","modified_gmt":"2024-12-20T20:11:10","slug":"isiasortakdavamiz-sampiyon-melekleri-yasatma-dernegi-adalet-icin-ses-ver-etkinligi-duzenledi-brtk","status":"publish","type":"post","link":"https:\/\/kibrisayna.com\/index.php\/2024\/12\/20\/isiasortakdavamiz-sampiyon-melekleri-yasatma-dernegi-adalet-icin-ses-ver-etkinligi-duzenledi-brtk\/","title":{"rendered":"#isiasortakdavam\u0131z \u015eampiyon Melekleri Ya\u015fatma Derne\u011fi \u201cAdalet \u0130\u00e7in Ses Ver\u201d etkinli\u011fi d\u00fczenledi \u2013 BRTK"},"content":{"rendered":"<p> <br \/>\n<\/p>\n<div>\n<div class=\"mariselle-image-container center\">\n                <img loading=\"lazy\" decoding=\"async\" width=\"1599\" height=\"1066\" class=\"lazy-image\" alt=\"\" sizes=\"auto, (max-width: 1599px) 100vw, 1599px\" src=\"https:\/\/brtk.net\/wp-content\/uploads\/2024\/12\/20\/1734720598698sampiyon-melekler-eylem-26.jpg?ver=e8728fa2de180c306d23e4f715beb714\" srcset=\"https:\/\/brtk.net\/wp-content\/uploads\/2024\/12\/20\/1734720598698sampiyon-melekler-eylem-26.jpg?ver=e8728fa2de180c306d23e4f715beb714 1599w, https:\/\/brtk.net\/wp-content\/uploads\/2024\/12\/20\/1734720598698sampiyon-melekler-eylem-26-300x200.jpg?ver=e8728fa2de180c306d23e4f715beb714 300w, https:\/\/brtk.net\/wp-content\/uploads\/2024\/12\/20\/1734720598698sampiyon-melekler-eylem-26-1024x683.jpg?ver=e8728fa2de180c306d23e4f715beb714 1024w, https:\/\/brtk.net\/wp-content\/uploads\/2024\/12\/20\/1734720598698sampiyon-melekler-eylem-26-768x512.jpg?ver=06bb6727247e2e3b2125c6c0bd78c9c7 768w, https:\/\/brtk.net\/wp-content\/uploads\/2024\/12\/20\/1734720598698sampiyon-melekler-eylem-26-1536x1024.jpg?ver=06bb6727247e2e3b2125c6c0bd78c9c7 1536w\"\/>                            <\/div>\n<p>\u00a0<\/p>\n<p style=\"font-weight: 300;\">\u015eampiyon Melekleri Ya\u015fatma Derne\u011fi, Ad\u0131yaman 3. A\u011f\u0131r Ceza Mahkemesi\u2019nde 24 Aral\u0131k Sal\u0131 g\u00fcn\u00fc g\u00f6r\u00fc\u015f\u00fclecek \u0130sias Otel davas\u0131n\u0131n alt\u0131nc\u0131 duru\u015fmas\u0131 \u00f6ncesinde \u201cAdalet \u0130\u00e7in Ses Ver\u201d etkinli\u011fi d\u00fczenledi.<\/p>\n<p>\u00a0<\/p>\n<div class=\"mariselle-image-container center\">\n                <img loading=\"lazy\" decoding=\"async\" width=\"1599\" height=\"1066\" class=\"lazy-image\" alt=\"\" sizes=\"auto, (max-width: 1599px) 100vw, 1599px\" src=\"https:\/\/brtk.net\/wp-content\/uploads\/2024\/12\/20\/1734720598698sampiyon-melekler-eylem-25.jpg?ver=6c5c7ac6e1b977c8201ca6b8e7c922b4\" srcset=\"https:\/\/brtk.net\/wp-content\/uploads\/2024\/12\/20\/1734720598698sampiyon-melekler-eylem-25.jpg?ver=6c5c7ac6e1b977c8201ca6b8e7c922b4 1599w, https:\/\/brtk.net\/wp-content\/uploads\/2024\/12\/20\/1734720598698sampiyon-melekler-eylem-25-300x200.jpg?ver=b04ce1e93345140b592450f1b8122b98 300w, https:\/\/brtk.net\/wp-content\/uploads\/2024\/12\/20\/1734720598698sampiyon-melekler-eylem-25-1024x683.jpg?ver=b04ce1e93345140b592450f1b8122b98 1024w, https:\/\/brtk.net\/wp-content\/uploads\/2024\/12\/20\/1734720598698sampiyon-melekler-eylem-25-768x512.jpg?ver=b04ce1e93345140b592450f1b8122b98 768w, https:\/\/brtk.net\/wp-content\/uploads\/2024\/12\/20\/1734720598698sampiyon-melekler-eylem-25-1536x1024.jpg?ver=38d665245c299d9007220378d3936a8d 1536w\"\/>                            <\/div>\n<p style=\"font-weight: 300;\">Gazima\u011fusa\u2019da Nam\u0131k Kemal Meydan\u0131\u2019nda kortejle ba\u015flayan etkinlikte, meydan\u0131 dolduran kalabal\u0131k \u201cAdalet olas\u0131 kastla gelecek\u201d, \u201cMeleklere verilmi\u015f s\u00f6z\u00fcm\u00fcz var\u201d, \u201c\u0130sias ortak davam\u0131zd\u0131r\u201d sloganlar\u0131 att\u0131.<\/p>\n<p style=\"font-weight: 300;\">\u201c\u0130sias katillerinin cezas\u0131 m\u00fcebbettir\u201d d\u00f6vizleri ta\u015f\u0131nan etkinlikte, \u201c\u00c7ocuklar\u0131m\u0131z\u0131 \u00f6ld\u00fcrd\u00fcler cezas\u0131n\u0131 \u00e7ekecekler\u2026Bu gece sesimizi T\u00fcrkiye\u2019ye duyural\u0131m. Adalet i\u00e7in tek y\u00fcrek, tek ses\u201d \u00e7a\u011fr\u0131s\u0131 yap\u0131ld\u0131.<\/p>\n<p>\u00a0<\/p>\n<div class=\"mariselle-image-container center\">\n                <img loading=\"lazy\" decoding=\"async\" width=\"1599\" height=\"1066\" class=\"lazy-image\" alt=\"\" sizes=\"auto, (max-width: 1599px) 100vw, 1599px\" src=\"https:\/\/brtk.net\/wp-content\/uploads\/2024\/12\/20\/1734720598693sampiyon-melekler-eylem-15.jpg?ver=c476ecc7bff9ca3419139a0202346737\" srcset=\"https:\/\/brtk.net\/wp-content\/uploads\/2024\/12\/20\/1734720598693sampiyon-melekler-eylem-15.jpg?ver=c476ecc7bff9ca3419139a0202346737 1599w, https:\/\/brtk.net\/wp-content\/uploads\/2024\/12\/20\/1734720598693sampiyon-melekler-eylem-15-300x200.jpg?ver=c476ecc7bff9ca3419139a0202346737 300w, https:\/\/brtk.net\/wp-content\/uploads\/2024\/12\/20\/1734720598693sampiyon-melekler-eylem-15-1024x683.jpg?ver=87b1ec8f493be29a980913efdc8e85bb 1024w, https:\/\/brtk.net\/wp-content\/uploads\/2024\/12\/20\/1734720598693sampiyon-melekler-eylem-15-768x512.jpg?ver=87b1ec8f493be29a980913efdc8e85bb 768w, https:\/\/brtk.net\/wp-content\/uploads\/2024\/12\/20\/1734720598693sampiyon-melekler-eylem-15-1536x1024.jpg?ver=f9970cda4eb71ee0c39f54f7eb027b3a 1536w\"\/>                            <\/div>\n<p style=\"font-weight: 300;\">Etkinlikte aileler, kay\u0131plar\u0131 i\u00e7in g\u00f6ky\u00fcz\u00fcne balonlar da g\u00f6nderdi.<\/p>\n<p style=\"font-weight: 300;\">Adalet m\u00fccadelesine sahip \u00e7\u0131kmak ve meleklere verilen s\u00f6zleri yerine getirmek amac\u0131yla d\u00fczenlenen etkinli\u011fe, Cumhurba\u015fkan\u0131 Ersin Tatar, Cumhuriyet Meclisi Ba\u015fkan\u0131 Ziya \u00d6zt\u00fcrkler, Ba\u015fbakan \u00dcnal \u00dcstel, bakanlar, milletvekilleri, belediye ba\u015fkanlar\u0131, aileler ve \u00e7ok say\u0131da vatanda\u015f kat\u0131ld\u0131.<\/p>\n<div class=\"mariselle-image-container center\">\n                <img loading=\"lazy\" decoding=\"async\" width=\"1600\" height=\"1200\" class=\"lazy-image\" alt=\"\" sizes=\"auto, (max-width: 1600px) 100vw, 1600px\" src=\"https:\/\/brtk.net\/wp-content\/uploads\/2024\/12\/20\/1734720598695sampiyon-melekler-eylem-19.jpg?ver=fdf40dd783dcfc3c562d4c8da0653324\" srcset=\"https:\/\/brtk.net\/wp-content\/uploads\/2024\/12\/20\/1734720598695sampiyon-melekler-eylem-19.jpg?ver=fdf40dd783dcfc3c562d4c8da0653324 1600w, https:\/\/brtk.net\/wp-content\/uploads\/2024\/12\/20\/1734720598695sampiyon-melekler-eylem-19-300x225.jpg?ver=8e494650090547c78f87687c0fde289b 300w, https:\/\/brtk.net\/wp-content\/uploads\/2024\/12\/20\/1734720598695sampiyon-melekler-eylem-19-1024x768.jpg?ver=8e494650090547c78f87687c0fde289b 1024w, https:\/\/brtk.net\/wp-content\/uploads\/2024\/12\/20\/1734720598695sampiyon-melekler-eylem-19-768x576.jpg?ver=a5e1cfd9333e28756e164b7d7a3f8e80 768w, https:\/\/brtk.net\/wp-content\/uploads\/2024\/12\/20\/1734720598695sampiyon-melekler-eylem-19-1536x1152.jpg?ver=a5e1cfd9333e28756e164b7d7a3f8e80 1536w\"\/>                            <\/div>\n<p style=\"font-weight: 300;\">Etkinlikte s\u0131ras\u0131yla konu\u015fmalar da yap\u0131ld\u0131.<\/p>\n<div class=\"mariselle-image-container center\">\n                <img loading=\"lazy\" decoding=\"async\" width=\"1599\" height=\"1066\" class=\"lazy-image\" alt=\"\" sizes=\"auto, (max-width: 1599px) 100vw, 1599px\" src=\"https:\/\/brtk.net\/wp-content\/uploads\/2024\/12\/20\/1734720598694sampiyon-melekler-eylem-17.jpg?ver=ee579b6dd389f39ebd899ffc23fb3ee3\" srcset=\"https:\/\/brtk.net\/wp-content\/uploads\/2024\/12\/20\/1734720598694sampiyon-melekler-eylem-17.jpg?ver=ee579b6dd389f39ebd899ffc23fb3ee3 1599w, https:\/\/brtk.net\/wp-content\/uploads\/2024\/12\/20\/1734720598694sampiyon-melekler-eylem-17-300x200.jpg?ver=ee579b6dd389f39ebd899ffc23fb3ee3 300w, https:\/\/brtk.net\/wp-content\/uploads\/2024\/12\/20\/1734720598694sampiyon-melekler-eylem-17-1024x683.jpg?ver=ee579b6dd389f39ebd899ffc23fb3ee3 1024w, https:\/\/brtk.net\/wp-content\/uploads\/2024\/12\/20\/1734720598694sampiyon-melekler-eylem-17-768x512.jpg?ver=b63d866a08b482160a57449e0b377ccb 768w, https:\/\/brtk.net\/wp-content\/uploads\/2024\/12\/20\/1734720598694sampiyon-melekler-eylem-17-1536x1024.jpg?ver=b63d866a08b482160a57449e0b377ccb 1536w\"\/>                            <\/div>\n<p style=\"font-weight: 300;\"><strong>-G\u00f6k\u00e7ebel: \u201cOlas\u0131 kast gelecek nesilleri koruyacak\u201d \u00a0<\/strong><\/p>\n<p style=\"font-weight: 300;\">Etkinlikte ilk s\u00f6z\u00fc alan K\u0131br\u0131s T\u00fcrk Orta E\u011fitim \u00d6\u011fretmenler Sendikas\u0131 Genel Sekreteri Tahir G\u00f6k\u00e7ebel, adaletin \u00f6nemine i\u015faret etti, \u0130sias\u2019\u0131n asr\u0131n davas\u0131 oldu\u011funu, y\u00fcreklilerinin ac\u0131l\u0131 oldu\u011funu s\u00f6yledi.<\/p>\n<p style=\"font-weight: 300;\">\u00d6\u011frencileri, \u00f6\u011fretmenleri, aileleri kaybettiklerini ifade eden G\u00f6k\u00e7ebel, \u201cKalbimizde ya\u015fayacaklar\u201d dedi. G\u00f6k\u00e7ebel, olas\u0131 kast\u0131n gelecek nesilleri koruyaca\u011f\u0131n\u0131 vurgulayarak, bu davay\u0131 y\u00fcr\u00fcten, ac\u0131lar\u0131n\u0131 ya\u015famadan adalet i\u00e7in m\u00fccadele eden ailelerin ac\u0131s\u0131n\u0131 payla\u015ft\u0131.<\/p>\n<div class=\"mariselle-image-container center\">\n                <img loading=\"lazy\" decoding=\"async\" width=\"1599\" height=\"1066\" class=\"lazy-image\" alt=\"\" sizes=\"auto, (max-width: 1599px) 100vw, 1599px\" src=\"https:\/\/brtk.net\/wp-content\/uploads\/2024\/12\/20\/1734720598690sampiyon-melekler-eylem-9.jpg?ver=837cb5581057246ad39e8762bfbf3f93\" srcset=\"https:\/\/brtk.net\/wp-content\/uploads\/2024\/12\/20\/1734720598690sampiyon-melekler-eylem-9.jpg?ver=837cb5581057246ad39e8762bfbf3f93 1599w, https:\/\/brtk.net\/wp-content\/uploads\/2024\/12\/20\/1734720598690sampiyon-melekler-eylem-9-300x200.jpg?ver=2753c02751e06bd6002cfe25e6dc9fa0 300w, https:\/\/brtk.net\/wp-content\/uploads\/2024\/12\/20\/1734720598690sampiyon-melekler-eylem-9-1024x683.jpg?ver=2753c02751e06bd6002cfe25e6dc9fa0 1024w, https:\/\/brtk.net\/wp-content\/uploads\/2024\/12\/20\/1734720598690sampiyon-melekler-eylem-9-768x512.jpg?ver=2753c02751e06bd6002cfe25e6dc9fa0 768w, https:\/\/brtk.net\/wp-content\/uploads\/2024\/12\/20\/1734720598690sampiyon-melekler-eylem-9-1536x1024.jpg?ver=9c5a8242696adbd29e4fa0cde9f221e5 1536w\"\/>                            <\/div>\n<p style=\"font-weight: 300;\"><strong>-Erh\u00fcrman: \u201cBu m\u00fccadele ba\u015fka \u00e7ocuklar, aileler de ayn\u0131 ac\u0131lar\u0131 ya\u015famas\u0131n diye y\u00fcr\u00fct\u00fcl\u00fcyor\u201d<\/strong><\/p>\n<p style=\"font-weight: 300;\">Ana Muhalefet Cumhuriyet\u00e7i T\u00fcrk Partisi (CTP) Genel Ba\u015fkan\u0131 Tufan Erh\u00fcrman da, bu gece koca y\u00fcrekli insanlarla birlikte olduklar\u0131n\u0131, ac\u0131lar\u0131n\u0131 kalplerine g\u00f6merek bu davay\u0131 y\u00fcr\u00fctt\u00fcklerini ifade ederek, onlarla birlikte olmaktan gurur duydu\u011funu s\u00f6yledi.<\/p>\n<p style=\"font-weight: 300;\">Erh\u00fcrman, bu m\u00fccadelenin ba\u015fka \u00e7ocuklar, aileler de ayn\u0131 ac\u0131lar\u0131 ya\u015famas\u0131n diye y\u00fcr\u00fct\u00fcld\u00fc\u011f\u00fcn\u00fc ifade ederek, bu davan\u0131n uzun soluklu oldu\u011funu ancak bu ac\u0131n\u0131n da i\u00e7lerinden hi\u00e7 bitmeyece\u011fini vurgulad\u0131.<\/p>\n<p style=\"font-weight: 300;\">Erh\u00fcrman, adalet m\u00fccadelesinin de s\u00fcrd\u00fcr\u00fclece\u011fini ifade ederek, ailelere sab\u0131r diledi, eninde sonunda adalete kavu\u015facaklar\u0131n\u0131 s\u00f6yledi.<\/p>\n<div class=\"mariselle-image-container center\">\n                <img loading=\"lazy\" decoding=\"async\" width=\"1599\" height=\"1066\" class=\"lazy-image\" alt=\"\" sizes=\"auto, (max-width: 1599px) 100vw, 1599px\" src=\"https:\/\/brtk.net\/wp-content\/uploads\/2024\/12\/20\/1734720598692sampiyon-melekler-eylem-13.jpg?ver=337df76563d408f5056a858f23f3622d\" srcset=\"https:\/\/brtk.net\/wp-content\/uploads\/2024\/12\/20\/1734720598692sampiyon-melekler-eylem-13.jpg?ver=337df76563d408f5056a858f23f3622d 1599w, https:\/\/brtk.net\/wp-content\/uploads\/2024\/12\/20\/1734720598692sampiyon-melekler-eylem-13-300x200.jpg?ver=d344b5c0ae0213a0d75923df62cede9a 300w, https:\/\/brtk.net\/wp-content\/uploads\/2024\/12\/20\/1734720598692sampiyon-melekler-eylem-13-1024x683.jpg?ver=d344b5c0ae0213a0d75923df62cede9a 1024w, https:\/\/brtk.net\/wp-content\/uploads\/2024\/12\/20\/1734720598692sampiyon-melekler-eylem-13-768x512.jpg?ver=d344b5c0ae0213a0d75923df62cede9a 768w, https:\/\/brtk.net\/wp-content\/uploads\/2024\/12\/20\/1734720598692sampiyon-melekler-eylem-13-1536x1024.jpg?ver=721d70fe6baedf1dec5d1f4a8836ec73 1536w\"\/>                            <\/div>\n<p style=\"font-weight: 300;\"><strong>-Esenda\u011fl\u0131: \u201cDavan\u0131n sonucunun T\u00fcrkiye\u2019nin tarihine, gelece\u011fine \u0131\u015f\u0131k tutacak \u015fekilde sonu\u00e7lanaca\u011f\u0131na inan\u0131yorum\u201d<\/strong><\/p>\n<p style=\"font-weight: 300;\">Barolar Birli\u011fi Ba\u015fkan\u0131 Hasan Esenda\u011fl\u0131 da, \u00f6\u011frencileri, \u00f6\u011fretmenleri, aileleri sayg\u0131yla and\u0131. Esenda\u011fl\u0131, ailelerin g\u00f6zya\u015flar\u0131 \u00f6n\u00fcnde konu\u015fman\u0131n zorlu\u011funa i\u015faret ederek, davay\u0131 m\u00fccadeleyi toplumla birlikte s\u00fcrd\u00fcrmeye devam ettiklerini vurgulad\u0131.<\/p>\n<p style=\"font-weight: 300;\">Davan\u0131n sonucunun T\u00fcrkiye\u2019nin tarihine, gelece\u011fine \u0131\u015f\u0131k tutacak \u015fekilde sonu\u00e7lanaca\u011f\u0131na inan\u00e7 belirten Esenda\u011fl\u0131, davan\u0131n \u00e7ok kritik bir a\u015famada oldu\u011funu ve sonu\u00e7lanma a\u015famas\u0131na geldi\u011fini, bu bilin\u00e7le ailelerle birlikte m\u00fccadeleye devam edeceklerini kaydetti.<\/p>\n<div class=\"mariselle-image-container center\">\n                <img loading=\"lazy\" decoding=\"async\" width=\"1599\" height=\"1066\" class=\"lazy-image\" alt=\"\" sizes=\"auto, (max-width: 1599px) 100vw, 1599px\" src=\"https:\/\/brtk.net\/wp-content\/uploads\/2024\/12\/20\/1734720598694sampiyon-melekler-eylem-16.jpg?ver=770f110fae75df2794360eb14c2dd770\" srcset=\"https:\/\/brtk.net\/wp-content\/uploads\/2024\/12\/20\/1734720598694sampiyon-melekler-eylem-16.jpg?ver=770f110fae75df2794360eb14c2dd770 1599w, https:\/\/brtk.net\/wp-content\/uploads\/2024\/12\/20\/1734720598694sampiyon-melekler-eylem-16-300x200.jpg?ver=d914d99a506342a066877b5ab67c7578 300w, https:\/\/brtk.net\/wp-content\/uploads\/2024\/12\/20\/1734720598694sampiyon-melekler-eylem-16-1024x683.jpg?ver=25d3589c237178dd14a573da257afa7c 1024w, https:\/\/brtk.net\/wp-content\/uploads\/2024\/12\/20\/1734720598694sampiyon-melekler-eylem-16-768x512.jpg?ver=25d3589c237178dd14a573da257afa7c 768w, https:\/\/brtk.net\/wp-content\/uploads\/2024\/12\/20\/1734720598694sampiyon-melekler-eylem-16-1536x1024.jpg?ver=0c376100593fa664ffb5191d52a077fc 1536w\"\/>                            <\/div>\n<p style=\"font-weight: 300;\"><strong>-Ulu\u00e7ay: \u201cAdalet mutlaka yerini bulacak\u201d<\/strong><\/p>\n<p style=\"font-weight: 300;\">Gazima\u011fusa Belediye Ba\u015fkan\u0131 S\u00fcleyman Ulu\u00e7ay da, bu gece konu\u015fma yapman\u0131n zorlu\u011funa i\u015faret ederek, Ad\u0131yaman\u2019da deprem sonras\u0131 ya\u015fananlar\u0131 anlatt\u0131.<\/p>\n<p style=\"font-weight: 300;\">Ulu\u00e7ay, oraya vard\u0131klar\u0131nda bir toz y\u0131\u011f\u0131n\u0131 ile kar\u015f\u0131la\u015ft\u0131klar\u0131n\u0131 ve \u00e7ocuklar\u0131 kurtarmak i\u00e7in b\u00fcy\u00fck u\u011fra\u015f verdiklerini ancak y\u0131k\u0131nt\u0131n\u0131n buna izin vermedi\u011fini kaydetti.<\/p>\n<p style=\"font-weight: 300;\">Gazima\u011fusa\u2019n\u0131n \u00e7ok b\u00fcy\u00fck ac\u0131lar ya\u015fad\u0131\u011f\u0131n\u0131 belirten Ulu\u00e7ay, devletin, devlet b\u00fcy\u00fcklerinin hi\u00e7bir zaman kendilerini yaln\u0131z b\u0131rakmad\u0131\u011f\u0131n\u0131 s\u00f6yledi. Ulu\u00e7ay, \u201cadalet mutlaka yerini bulacak\u201d dedi.<\/p>\n<div class=\"mariselle-image-container center\">\n                <img loading=\"lazy\" decoding=\"async\" width=\"1599\" height=\"1066\" class=\"lazy-image\" alt=\"\" sizes=\"auto, (max-width: 1599px) 100vw, 1599px\" src=\"https:\/\/brtk.net\/wp-content\/uploads\/2024\/12\/20\/1734720598690sampiyon-melekler-eylem-7.jpg?ver=30b92a80aeb7a5d2b9bfcbe4e9554c7b\" srcset=\"https:\/\/brtk.net\/wp-content\/uploads\/2024\/12\/20\/1734720598690sampiyon-melekler-eylem-7.jpg?ver=30b92a80aeb7a5d2b9bfcbe4e9554c7b 1599w, https:\/\/brtk.net\/wp-content\/uploads\/2024\/12\/20\/1734720598690sampiyon-melekler-eylem-7-300x200.jpg?ver=30b92a80aeb7a5d2b9bfcbe4e9554c7b 300w, https:\/\/brtk.net\/wp-content\/uploads\/2024\/12\/20\/1734720598690sampiyon-melekler-eylem-7-1024x683.jpg?ver=30b92a80aeb7a5d2b9bfcbe4e9554c7b 1024w, https:\/\/brtk.net\/wp-content\/uploads\/2024\/12\/20\/1734720598690sampiyon-melekler-eylem-7-768x512.jpg?ver=eb3141430be673bc85fafcd982488f83 768w, https:\/\/brtk.net\/wp-content\/uploads\/2024\/12\/20\/1734720598690sampiyon-melekler-eylem-7-1536x1024.jpg?ver=eb3141430be673bc85fafcd982488f83 1536w\"\/>                            <\/div>\n<p style=\"font-weight: 300;\"><strong>-Hasipo\u011flu: \u201cOlas\u0131 kast\u0131n gelmesi i\u00e7in m\u00fccadele edece\u011fiz\u201d<\/strong><\/p>\n<p style=\"font-weight: 300;\">Meclis Deprem Komitesi Ba\u015fkan\u0131 O\u011fuzhan Hasipo\u011flu da, bu gece tarihi bir gece ya\u015fand\u0131\u011f\u0131n\u0131 ve T\u00fcrkiye\u2019ye davan\u0131n son a\u015famas\u0131nda seslerini duyurmay\u0131 ama\u00e7lad\u0131klar\u0131n\u0131 s\u00f6yledi.<\/p>\n<p style=\"font-weight: 300;\">Hasipo\u011flu, ka\u00e7ak yap\u0131 yapanlar\u0131n en a\u011f\u0131r cezay\u0131 almas\u0131n\u0131 istediklerini ifade ederek, davan\u0131n, asr\u0131n davas\u0131 olmas\u0131 i\u00e7in sonuna kadar takip\u00e7isi olacaklar\u0131n\u0131 ve olas\u0131 kast\u0131n gelmesi i\u00e7in m\u00fccadele edeceklerini kaydetti.<\/p>\n<p style=\"font-weight: 300;\">Bozkurt ailesini \u015fiddetle k\u0131nayan, lanetleyen Hasipo\u011flu, Ahmet Bozkurt\u2019a y\u00f6nelik \u201cbu dava senin mezar\u0131n olacak\u201d dedi.<\/p>\n<div class=\"mariselle-image-container center\">\n                <img loading=\"lazy\" decoding=\"async\" width=\"1599\" height=\"1066\" class=\"lazy-image\" alt=\"\" sizes=\"auto, (max-width: 1599px) 100vw, 1599px\" src=\"https:\/\/brtk.net\/wp-content\/uploads\/2024\/12\/20\/1734720598697sampiyon-melekler-eylem-23.jpg?ver=198923843617d6368dd7aa02237c43ad\" srcset=\"https:\/\/brtk.net\/wp-content\/uploads\/2024\/12\/20\/1734720598697sampiyon-melekler-eylem-23.jpg?ver=198923843617d6368dd7aa02237c43ad 1599w, https:\/\/brtk.net\/wp-content\/uploads\/2024\/12\/20\/1734720598697sampiyon-melekler-eylem-23-300x200.jpg?ver=114871605c71f7f04170b8ecd557d55a 300w, https:\/\/brtk.net\/wp-content\/uploads\/2024\/12\/20\/1734720598697sampiyon-melekler-eylem-23-1024x683.jpg?ver=0da2524ebc2f9099efaa9361d9e25fd2 1024w, https:\/\/brtk.net\/wp-content\/uploads\/2024\/12\/20\/1734720598697sampiyon-melekler-eylem-23-768x512.jpg?ver=0da2524ebc2f9099efaa9361d9e25fd2 768w, https:\/\/brtk.net\/wp-content\/uploads\/2024\/12\/20\/1734720598697sampiyon-melekler-eylem-23-1536x1024.jpg?ver=143ba66deea747a657613788c3104d9f 1536w\"\/>                            <\/div>\n<p style=\"font-weight: 300;\"><strong>-\u00c7avu\u015fo\u011flu: \u201cAdalet yerini bulana kadar m\u00fccadelemizden geri ad\u0131m atmayaca\u011f\u0131z\u201d<\/strong><\/p>\n<p style=\"font-weight: 300;\">Milli E\u011fitim Bakan\u0131 Naz\u0131m \u00c7avu\u015fo\u011flu da, en hakl\u0131 davalar\u0131 \u0130sias davas\u0131n\u0131 T\u00fcrkiye\u2019ye duyurmak amac\u0131yla d\u00fczenlenen etkinli\u011fin \u00f6nemine vurgu yapt\u0131.<\/p>\n<p style=\"font-weight: 300;\">\u00c7avu\u015fo\u011flu, \u201cO karl\u0131 Ad\u0131yaman gecesinde ba\u015fta aileler yand\u0131, \u0130sias katillerini asla affetmeyece\u011fiz, olas\u0131 kastla \u00f6m\u00fcr boyu cezalar\u0131n\u0131 \u00e7ekmeleri halinde belki bu ac\u0131lar so\u011fur. \u0130\u00e7imiz yand\u0131, kimse o so\u011fukta \u00fc\u015f\u00fcmedi, toplum tek y\u00fcrek oldu, Ad\u0131yaman\u2019a ko\u015ftu, \u00e7ocuklar\u0131m\u0131z\u0131 orada b\u0131rakmad\u0131k, o ac\u0131lar\u0131 m\u00fccadeleyi g\u00f6ren biri olarak adalet yerini bulana kadar m\u00fccadelemizden geri ad\u0131m atmayaca\u011f\u0131z\u201d dedi.<\/p>\n<p style=\"font-weight: 300;\">\u00c7avu\u015fo\u011flu, 6 \u015eubat\u2019tan bu yana Gazima\u011fusa\u2019da y\u0131ld\u0131zlar\u0131n da eskisi gibi parlamad\u0131\u011f\u0131na dikkat \u00e7ekerek, su\u00e7lular\u0131n olas\u0131 kastla cezaland\u0131r\u0131lmas\u0131n\u0131n y\u00fcreklerine bir nebze su serpece\u011fine vurgu yapt\u0131.<\/p>\n<div class=\"mariselle-image-container center\">\n                <img loading=\"lazy\" decoding=\"async\" width=\"1599\" height=\"1066\" class=\"lazy-image\" alt=\"\" sizes=\"auto, (max-width: 1599px) 100vw, 1599px\" src=\"https:\/\/brtk.net\/wp-content\/uploads\/2024\/12\/20\/1734720598691sampiyon-melekler-eylem-10.jpg?ver=b1695cd6b437cb16de5c893797af5a50\" srcset=\"https:\/\/brtk.net\/wp-content\/uploads\/2024\/12\/20\/1734720598691sampiyon-melekler-eylem-10.jpg?ver=b1695cd6b437cb16de5c893797af5a50 1599w, https:\/\/brtk.net\/wp-content\/uploads\/2024\/12\/20\/1734720598691sampiyon-melekler-eylem-10-300x200.jpg?ver=b1695cd6b437cb16de5c893797af5a50 300w, https:\/\/brtk.net\/wp-content\/uploads\/2024\/12\/20\/1734720598691sampiyon-melekler-eylem-10-1024x683.jpg?ver=b1695cd6b437cb16de5c893797af5a50 1024w, https:\/\/brtk.net\/wp-content\/uploads\/2024\/12\/20\/1734720598691sampiyon-melekler-eylem-10-768x512.jpg?ver=817a29f6127e4a9fab55f08993ea1934 768w, https:\/\/brtk.net\/wp-content\/uploads\/2024\/12\/20\/1734720598691sampiyon-melekler-eylem-10-1536x1024.jpg?ver=817a29f6127e4a9fab55f08993ea1934 1536w\"\/>                            <\/div>\n<p style=\"font-weight: 300;\"><strong>-\u00dcstel: \u201cHalk\u0131n b\u00fcy\u00fck ac\u0131s\u0131, ancak adaletin yerini bulmas\u0131yla bir nebze dinecek\u201d \u00a0<\/strong><\/p>\n<p style=\"font-weight: 300;\">Ba\u015fbakan \u00dcnal \u00dcstel de, 6 \u015eubat depreminden beridir hep birlikte toplum olarak ac\u0131 \u00e7ektiklerini vurgulad\u0131.<\/p>\n<p style=\"font-weight: 300;\">\u00dcstel, toplum olarak tek v\u00fccut tek y\u00fcrek olduklar\u0131n\u0131 ifade ederek, bu m\u00fccadelenin KKTC\u2019nin ortak m\u00fccadelesi oldu\u011funu ve ac\u0131lar\u0131n\u0131n dinmeyece\u011fini vurgulad\u0131.<\/p>\n<p style=\"font-weight: 300;\">T\u00fcrkiye Cumhuriyeti\u2019nin adaletine g\u00fcvendiklerini ve adalet m\u00fccadelesine devam edeceklerini ifade eden \u00dcstel, halk\u0131n b\u00fcy\u00fck ac\u0131s\u0131n\u0131n, ancak adaletin yerini bulmas\u0131yla bir nebze olsun dinece\u011fini, buna sebep olanlar\u0131n en a\u011f\u0131r cezay\u0131 almas\u0131 i\u00e7in m\u00fccadeleye devam edeceklerini kaydetti.<\/p>\n<p style=\"font-weight: 300;\">\u00dcstel, ailelerin ac\u0131s\u0131n\u0131n ac\u0131lar\u0131 oldu\u011funu ifade ederek, pazartesi Ad\u0131yaman\u2019da olacaklar\u0131n\u0131 ve olas\u0131 kast\u0131n gelmesi ile ac\u0131lar\u0131n\u0131n azalaca\u011f\u0131na inan\u00e7 belirtti.<\/p>\n<div class=\"mariselle-image-container center\">\n                <img loading=\"lazy\" decoding=\"async\" width=\"1599\" height=\"1066\" class=\"lazy-image\" alt=\"\" sizes=\"auto, (max-width: 1599px) 100vw, 1599px\" src=\"https:\/\/brtk.net\/wp-content\/uploads\/2024\/12\/20\/1734720598695sampiyon-melekler-eylem-18.jpg?ver=22845bb1893f0e5eaad0b4e742540940\" srcset=\"https:\/\/brtk.net\/wp-content\/uploads\/2024\/12\/20\/1734720598695sampiyon-melekler-eylem-18.jpg?ver=22845bb1893f0e5eaad0b4e742540940 1599w, https:\/\/brtk.net\/wp-content\/uploads\/2024\/12\/20\/1734720598695sampiyon-melekler-eylem-18-300x200.jpg?ver=16b1a709520d65a1f51978fc54b1d0e9 300w, https:\/\/brtk.net\/wp-content\/uploads\/2024\/12\/20\/1734720598695sampiyon-melekler-eylem-18-1024x683.jpg?ver=16b1a709520d65a1f51978fc54b1d0e9 1024w, https:\/\/brtk.net\/wp-content\/uploads\/2024\/12\/20\/1734720598695sampiyon-melekler-eylem-18-768x512.jpg?ver=16b1a709520d65a1f51978fc54b1d0e9 768w, https:\/\/brtk.net\/wp-content\/uploads\/2024\/12\/20\/1734720598695sampiyon-melekler-eylem-18-1536x1024.jpg?ver=77497374123730d6441a5fbda6db0397 1536w\"\/>                            <\/div>\n<p style=\"font-weight: 300;\"><strong>-Tatar: \u201c\u0130sias ortak davam\u0131zd\u0131r, bu dava ile adalet yerini bulacak\u201d<\/strong><\/p>\n<p style=\"font-weight: 300;\">Cumhurba\u015fkan\u0131 Ersin Tatar da, \u015eampiyon Melekleri and\u0131, bu meydan\u0131n tarihinin en h\u00fcz\u00fcnl\u00fc gecelerinden birini ya\u015fad\u0131\u011f\u0131n\u0131, Ad\u0131yaman\u2019da 6 \u015eubat\u2019ta saatlerin durdu\u011funu, g\u00f6zya\u015flar\u0131n\u0131n durmad\u0131\u011f\u0131n\u0131, ac\u0131lar\u0131n\u0131n dinmedi\u011fini, \u0131\u015f\u0131klar\u0131n\u0131n s\u00f6nd\u00fc\u011f\u00fcn\u00fc kaydetti.<\/p>\n<p style=\"font-weight: 300;\">Birlik beraberlik i\u00e7erisinde adalet i\u00e7in burada \u201cpar\u00e7aland\u0131klar\u0131n\u0131\u201d \u00e7\u00fcnk\u00fc kalplerinin par\u00e7aland\u0131\u011f\u0131n\u0131 ifade eden Tatar, \u201cBurada verilen ses gelecek i\u00e7indir, b\u00f6yle bir vah\u015fet bir daha ya\u015fanmas\u0131n diyedir\u201d dedi.<\/p>\n<p style=\"font-weight: 300;\">Cumhurba\u015fkan\u0131 Tatar, aileleri m\u00fccadelelerinden dolay\u0131 tebrik ederek, K\u0131br\u0131s T\u00fcrk halk\u0131n\u0131n bu davada birlikte neleri ba\u015farabilece\u011fini bir kez daha g\u00f6sterdi\u011fini s\u00f6yledi.<\/p>\n<p style=\"font-weight: 300;\">Tatar, T\u00fcrk halk\u0131n\u0131n da ac\u0131lar\u0131n\u0131 payla\u015ft\u0131klar\u0131n\u0131, T\u00fcrk adaletine g\u00fcvendiklerini, adaletin olas\u0131 kastla gelece\u011fini, gelecek nesiller i\u00e7in bu m\u00fccadelenin \u00f6nemine vurgu yapt\u0131.<\/p>\n<p style=\"font-weight: 300;\">\u201c\u0130sias ortak davam\u0131zd\u0131r, bu dava ile adalet yerini bulacak\u201d \u015feklinde konu\u015fan Cumhurba\u015fkan\u0131 Ersin Tatar, giden kay\u0131plar\u0131n geri gelmesinin m\u00fcmk\u00fcn olmad\u0131\u011f\u0131n\u0131 ama b\u00f6ylesi bir yap\u0131n\u0131n devam etmemesi i\u00e7in bu davan\u0131n \u00f6rnek olmas\u0131 gerekti\u011fine i\u015faret etti.<\/p>\n<div class=\"mariselle-image-container center\">\n                <img loading=\"lazy\" decoding=\"async\" width=\"1599\" height=\"1066\" class=\"lazy-image\" alt=\"\" sizes=\"auto, (max-width: 1599px) 100vw, 1599px\" src=\"https:\/\/brtk.net\/wp-content\/uploads\/2024\/12\/20\/1734720598688sampiyon-melekler-eylem-1.jpg?ver=943f068ec234dd3c92e30f24e8e2e8b9\" srcset=\"https:\/\/brtk.net\/wp-content\/uploads\/2024\/12\/20\/1734720598688sampiyon-melekler-eylem-1.jpg?ver=943f068ec234dd3c92e30f24e8e2e8b9 1599w, https:\/\/brtk.net\/wp-content\/uploads\/2024\/12\/20\/1734720598688sampiyon-melekler-eylem-1-300x200.jpg?ver=bdcf6da2d66f7d2a2273bfe4ebfa0042 300w, https:\/\/brtk.net\/wp-content\/uploads\/2024\/12\/20\/1734720598688sampiyon-melekler-eylem-1-1024x683.jpg?ver=bdcf6da2d66f7d2a2273bfe4ebfa0042 1024w, https:\/\/brtk.net\/wp-content\/uploads\/2024\/12\/20\/1734720598688sampiyon-melekler-eylem-1-768x512.jpg?ver=bdcf6da2d66f7d2a2273bfe4ebfa0042 768w, https:\/\/brtk.net\/wp-content\/uploads\/2024\/12\/20\/1734720598688sampiyon-melekler-eylem-1-1536x1024.jpg?ver=51cb2682efdb1a2ac7c73f50830598a4 1536w\"\/>                            <\/div>\n<p style=\"font-weight: 300;\"><strong>-Karakaya: \u201cY\u00fcre\u011fimizde ya\u015fatt\u0131\u011f\u0131m\u0131z t\u00fcm meleklerin her birinin hayalleri, an\u0131lar\u0131 ve \u0131\u015f\u0131\u011f\u0131 i\u00e7in kararl\u0131l\u0131kla y\u00fcr\u00fcyoruz\u201d<\/strong><\/p>\n<p style=\"font-weight: 300;\">\u015eampiyon Melekleri Ya\u015fatma Derne\u011fi Ba\u015fkan\u0131 Ru\u015fen Y\u00fccesoylu Karakaya da, y\u00fcreklerinde ya\u015fatt\u0131klar\u0131 t\u00fcm meleklerin her birinin hayalleri, an\u0131lar\u0131 ve \u0131\u015f\u0131\u011f\u0131 i\u00e7in kararl\u0131l\u0131kla y\u00fcr\u00fcd\u00fcklerini s\u00f6yleyerek, su\u00e7lular hak ettikleri cezay\u0131 alana kadar durmayacaklar\u0131n\u0131 vurgulad\u0131.<\/p>\n<p style=\"font-weight: 300;\">Karakaya, \u201cBug\u00fcn meleklerimizin her biri i\u00e7in buraday\u0131z. Tek tek y\u00fcre\u011fimizde ya\u015fatt\u0131\u011f\u0131m\u0131z t\u00fcm meleklerimiz i\u00e7in sesleniyoruz; sizi asla unutmayaca\u011f\u0131z. S\u00f6z veriyoruz, adalet m\u00fccadelenizden d\u00f6nmeyece\u011fiz. Adalet, onlar\u0131n isimlerini sonsuza dek ya\u015fatacak.\u201d dedi.<\/p>\n<div class=\"mariselle-image-container center\">\n                <img loading=\"lazy\" decoding=\"async\" width=\"1600\" height=\"1200\" class=\"lazy-image\" alt=\"\" sizes=\"auto, (max-width: 1600px) 100vw, 1600px\" src=\"https:\/\/brtk.net\/wp-content\/uploads\/2024\/12\/20\/1734720598695sampiyon-melekler-eylem-19.jpg?ver=fdf40dd783dcfc3c562d4c8da0653324\" srcset=\"https:\/\/brtk.net\/wp-content\/uploads\/2024\/12\/20\/1734720598695sampiyon-melekler-eylem-19.jpg?ver=fdf40dd783dcfc3c562d4c8da0653324 1600w, https:\/\/brtk.net\/wp-content\/uploads\/2024\/12\/20\/1734720598695sampiyon-melekler-eylem-19-300x225.jpg?ver=8e494650090547c78f87687c0fde289b 300w, https:\/\/brtk.net\/wp-content\/uploads\/2024\/12\/20\/1734720598695sampiyon-melekler-eylem-19-1024x768.jpg?ver=8e494650090547c78f87687c0fde289b 1024w, https:\/\/brtk.net\/wp-content\/uploads\/2024\/12\/20\/1734720598695sampiyon-melekler-eylem-19-768x576.jpg?ver=a5e1cfd9333e28756e164b7d7a3f8e80 768w, https:\/\/brtk.net\/wp-content\/uploads\/2024\/12\/20\/1734720598695sampiyon-melekler-eylem-19-1536x1152.jpg?ver=a5e1cfd9333e28756e164b7d7a3f8e80 1536w\"\/>                            <\/div>\n<p style=\"font-weight: 300;\"><strong>-\u201c\u00c7\u00fcnk\u00fc \u015fampiyonlar\u0131m\u0131z \u00f6lmez, adalet asla susmaz\u201d \u00a0<\/strong><\/p>\n<p style=\"font-weight: 300;\">Kendilerinin bir arada ve tek y\u00fcrek olduklar\u0131n\u0131 m\u00fccadelelerini kararl\u0131l\u0131kla sonuna kadar devam ettireceklerini ifade eden Karakaya, \u201c\u00c7\u00fcnk\u00fc \u015fampiyonlar\u0131m\u0131z \u00f6lmez, adalet asla susmaz\u201d \u015feklinde konu\u015ftu.<\/p>\n<p style=\"font-weight: 300;\">Bug\u00fcn, her biri \u0131\u015f\u0131\u011f\u0131yla hayatlar\u0131na dokunan, 6 \u015eubat 2023 gecesi aralar\u0131ndan kopar\u0131lan \u015fampiyon melekler i\u00e7in topland\u0131klar\u0131n\u0131 s\u00f6yleyen Karakaya, melekleri bir kez daha anmak, adalet aray\u0131\u015flar\u0131ndaki kararl\u0131l\u0131klar\u0131n\u0131 hayk\u0131rmak ve her birini y\u00fcreklerinde ya\u015fatmak i\u00e7in bug\u00fcnk\u00fc etkinli\u011fi ger\u00e7ekle\u015ftirdiklerini kaydetti.<\/p>\n<div class=\"mariselle-image-container center\">\n                <img loading=\"lazy\" decoding=\"async\" width=\"1599\" height=\"1066\" class=\"lazy-image\" alt=\"\" sizes=\"auto, (max-width: 1599px) 100vw, 1599px\" src=\"https:\/\/brtk.net\/wp-content\/uploads\/2024\/12\/20\/1734720598692sampiyon-melekler-eylem-14.jpg?ver=51e3bc8ba11fb7ed4346281d6a58d594\" srcset=\"https:\/\/brtk.net\/wp-content\/uploads\/2024\/12\/20\/1734720598692sampiyon-melekler-eylem-14.jpg?ver=51e3bc8ba11fb7ed4346281d6a58d594 1599w, https:\/\/brtk.net\/wp-content\/uploads\/2024\/12\/20\/1734720598692sampiyon-melekler-eylem-14-300x200.jpg?ver=c8d09c9240c92948f139d90c84616242 300w, https:\/\/brtk.net\/wp-content\/uploads\/2024\/12\/20\/1734720598692sampiyon-melekler-eylem-14-1024x683.jpg?ver=c8d09c9240c92948f139d90c84616242 1024w, https:\/\/brtk.net\/wp-content\/uploads\/2024\/12\/20\/1734720598692sampiyon-melekler-eylem-14-768x512.jpg?ver=6cc8bf047935f8c6a631747374ba0708 768w, https:\/\/brtk.net\/wp-content\/uploads\/2024\/12\/20\/1734720598692sampiyon-melekler-eylem-14-1536x1024.jpg?ver=6cc8bf047935f8c6a631747374ba0708 1536w\"\/>                            <\/div>\n<p style=\"font-weight: 300;\"><strong>-\u201cMeleklerimiz sadece bir isim ya da birer foto\u011fraf karesi de\u011fil; her biri bir hayaldi, bir sevgiydi, bir \u0131\u015f\u0131k kayna\u011f\u0131yd\u0131\u201d<\/strong><\/p>\n<p style=\"font-weight: 300;\">Karakaya her bir mele\u011fi ayr\u0131 ayr\u0131 anarak s\u00f6zlerini \u015f\u00f6yle s\u00fcrd\u00fcrd\u00fc:<\/p>\n<p style=\"font-weight: 300;\">\u201cMeleklerimiz sadece bir isim ya da birer foto\u011fraf karesi de\u011fil; her biri bir hayaldi, bir sevgiydi, bir \u0131\u015f\u0131k kayna\u011f\u0131yd\u0131. Bug\u00fcn onlar\u0131n her birini bize katt\u0131klar\u0131 g\u00fczelliklerle, b\u0131rakt\u0131klar\u0131 izlerle hat\u0131rlayarak, sesleniyoruz. Selin ve Serin kararl\u0131l\u0131klar\u0131 ve lider ruhlar\u0131yla hem sahada hem hayatlar\u0131nda birer y\u0131ld\u0131zd\u0131lar. Adalet m\u00fccadelemizin \u00f6nc\u00fcs\u00fc, rehberimiz olacaklar.<\/p>\n<p style=\"font-weight: 300;\">Sahil ve Asya tertemiz g\u00fcl\u00fc\u015fleriyle, her daim pozitif enerjisiyle \u00e7evresine mutluluk sa\u00e7an birer melektiler. Onlar\u0131n \u0131\u015f\u0131\u011f\u0131n\u0131, bu karanl\u0131k davada rehberimiz yapaca\u011f\u0131z.<\/p>\n<p style=\"font-weight: 300;\">Lavin ve Nehir ailesine ve arkada\u015flar\u0131na sevgi dolu birer kalptiler. Onlar\u0131n azmi, bize g\u00fc\u00e7 vermeye devam ediyor. Hayal ve Perihan, hayalleri olan birer gen\u00e7 k\u0131zd\u0131lar. Bug\u00fcn, onlar\u0131n hayalleri bizim adalet m\u00fccadelemize y\u00f6n veriyor. Abide ve Nazife, birbirinden kopmayan iki karde\u015f. Onlar\u0131n karde\u015f sevgisi ve ba\u011fl\u0131l\u0131\u011f\u0131, bizi bir arada tutan g\u00fc\u00e7t\u00fcr. Elvin, Ecem ve Havin, insan sevgisiyle dolu birer y\u00fcrektiler. Onlar\u0131n sevgisi, m\u00fccadelemizin kalbinde at\u0131yor.<\/p>\n<p style=\"font-weight: 300;\">Mehmet Arif, Aykan ve Hasan aslan y\u00fcrekli delikanl\u0131lar\u0131m\u0131z. Cesareti ve heyecan\u0131 hayat\u0131 dolu dolu ya\u015famay\u0131 \u00f6\u011fretiyordu. Bug\u00fcn onlar\u0131n cesaretiyle hayk\u0131r\u0131yoruz: Adalet istiyoruz!<\/p>\n<p style=\"font-weight: 300;\">Atakan, Mert ve Ka\u011fan Selim gen\u00e7 ya\u015flar\u0131na ra\u011fmen hayata ne\u015fe ve umut katan birer evlatt\u0131lar. Onlar\u0131n umudu, bizleri ayakta tutuyor.<\/p>\n<p style=\"font-weight: 300;\">Aras, mavinin en g\u00fczeli. \u0130zcan ve Mustafa, hayat\u0131 sanat gibi ya\u015fayan bu g\u00fczel y\u00fcrekler, bug\u00fcn bizlere hayat\u0131n de\u011ferini bir kez daha \u00f6\u011fretiyor.\u201d<\/p>\n<p style=\"font-weight: 300;\">Alp ve Doruk\u2019un a\u011f\u0131r ba\u015fl\u0131l\u0131\u011f\u0131 ve g\u00fcvenilirli\u011fi ile herkesin sevgisini kazanm\u0131\u015f birer delikanl\u0131 olduklar\u0131n\u0131 an\u0131msatan Karakaya, \u201cBug\u00fcn onlar\u0131n g\u00fcven veren varl\u0131\u011f\u0131n\u0131 hissediyoruz.\u201d dedi.<\/p>\n<div class=\"mariselle-image-container center\">\n                <img loading=\"lazy\" decoding=\"async\" width=\"1599\" height=\"1066\" class=\"lazy-image\" alt=\"\" sizes=\"auto, (max-width: 1599px) 100vw, 1599px\" src=\"https:\/\/brtk.net\/wp-content\/uploads\/2024\/12\/20\/1734720598697sampiyon-melekler-eylem-24.jpg?ver=1fab694e310a8fbc9fa77bfb39fa609c\" srcset=\"https:\/\/brtk.net\/wp-content\/uploads\/2024\/12\/20\/1734720598697sampiyon-melekler-eylem-24.jpg?ver=1fab694e310a8fbc9fa77bfb39fa609c 1599w, https:\/\/brtk.net\/wp-content\/uploads\/2024\/12\/20\/1734720598697sampiyon-melekler-eylem-24-300x200.jpg?ver=6494598d71b53eb7e22ab27425c2c366 300w, https:\/\/brtk.net\/wp-content\/uploads\/2024\/12\/20\/1734720598697sampiyon-melekler-eylem-24-1024x683.jpg?ver=09aeeae32f92a7ba2004069ceba08fcc 1024w, https:\/\/brtk.net\/wp-content\/uploads\/2024\/12\/20\/1734720598697sampiyon-melekler-eylem-24-768x512.jpg?ver=09aeeae32f92a7ba2004069ceba08fcc 768w, https:\/\/brtk.net\/wp-content\/uploads\/2024\/12\/20\/1734720598697sampiyon-melekler-eylem-24-1536x1024.jpg?ver=09aeeae32f92a7ba2004069ceba08fcc 1536w\"\/>                            <\/div>\n<p style=\"font-weight: 300;\">Karakaya s\u00f6zlerini \u015f\u00f6yle s\u00fcrd\u00fcrd\u00fc:<\/p>\n<p style=\"font-weight: 300;\">\u201c\u00d6zg\u00fcr ve Fahri, yetene\u011fi ve zekas\u0131yla ailesinin ve arkada\u015flar\u0131n\u0131n gururuydular. Onlar\u0131n \u00f6zg\u00fcr ruhu, adalet m\u00fccadelemizde bizlere yol g\u00f6steriyor. Osman, h\u0131rs\u0131 ve disipliniyle \u00f6\u011frencileri i\u00e7in bir \u00f6rnekti. Bug\u00fcn onun azmiyle hi\u00e7bir engelden y\u0131lm\u0131yoruz.<\/p>\n<p style=\"font-weight: 300;\">Pamir, \u0130brahim ve Ali \u00f6zverili birer \u00f6\u011fretmen, fedakar bir yol g\u00f6stericisiydiler. \u00d6\u011frencilerinin hayatlar\u0131na dokunduklar\u0131 gibi, bizlere de insan olman\u0131n de\u011ferini \u00f6\u011frettiler. Havva, Bedriye, M\u00fclkiye ve Duygu hayat dolu birer anne. Sevgi dolu kalpleriyle ailesini ve \u00e7evresini hep s\u0131cak tutard\u0131lar. Onlar\u0131n sevgisini m\u00fccadelemizde hissediyoruz. Evren, fedakarl\u0131\u011f\u0131 ve sabr\u0131yla herkese \u00f6rnek olan bir baba. Rehber gen\u00e7lerimiz sevgi dolu kalpleriyle gelece\u011fimizdiler. Bug\u00fcn onlar\u0131n sabr\u0131, inanc\u0131 ve enerjisi ile kararl\u0131y\u0131z.\u201d<\/p>\n<p style=\"font-weight: 300;\">Karakaya, \u201cBiz bir araday\u0131z, tek y\u00fcre\u011fiz ve sonuna kadar burada olaca\u011f\u0131z. \u00c7\u00fcnk\u00fc \u015fampiyonlar\u0131m\u0131z \u00f6lmez, adalet asla susmaz\u201d dedi.<\/p>\n<p style=\"font-weight: 300;\">6 \u015eubat 2023\u2019teki depremlerde, \u015eampiyon Meleklerin hayat\u0131n\u0131 kaybetti\u011fi Ad\u0131yaman\u2019daki\u00a0\u0130sias Otel\u2019le ilgili davan\u0131n alt\u0131nc\u0131 duru\u015fmas\u0131 24 Aral\u0131k Sal\u0131 g\u00fcn\u00fc ba\u015flayacak. \u0130ki g\u00fcn olmas\u0131 \u00f6ng\u00f6r\u00fclen duru\u015fmada karar a\u00e7\u0131klanmas\u0131 bekleniyor.<\/p>\n<p>\u00a0<\/p>\n<div class=\"mariselle-image-container center\">\n                <img loading=\"lazy\" decoding=\"async\" width=\"1599\" height=\"1066\" class=\"lazy-image\" alt=\"\" sizes=\"auto, (max-width: 1599px) 100vw, 1599px\" src=\"https:\/\/brtk.net\/wp-content\/uploads\/2024\/12\/20\/1734720598696sampiyon-melekler-eylem-21.jpg?ver=e435c0868514a56ef93e585cb19db7f9\" srcset=\"https:\/\/brtk.net\/wp-content\/uploads\/2024\/12\/20\/1734720598696sampiyon-melekler-eylem-21.jpg?ver=e435c0868514a56ef93e585cb19db7f9 1599w, https:\/\/brtk.net\/wp-content\/uploads\/2024\/12\/20\/1734720598696sampiyon-melekler-eylem-21-300x200.jpg?ver=e435c0868514a56ef93e585cb19db7f9 300w, https:\/\/brtk.net\/wp-content\/uploads\/2024\/12\/20\/1734720598696sampiyon-melekler-eylem-21-1024x683.jpg?ver=0105fa6f0630df3173a413837280b3a1 1024w, https:\/\/brtk.net\/wp-content\/uploads\/2024\/12\/20\/1734720598696sampiyon-melekler-eylem-21-768x512.jpg?ver=0105fa6f0630df3173a413837280b3a1 768w, https:\/\/brtk.net\/wp-content\/uploads\/2024\/12\/20\/1734720598696sampiyon-melekler-eylem-21-1536x1024.jpg?ver=230d645a17b6a56e30b57412cd7ead3c 1536w\"\/>                            <\/div>\n<\/p><\/div>\n<p><script async\n                    defer\n                    crossorigin=\"anonymous\"\n                    src=\"https:\/\/connect.facebook.net\/tr_TR\/sdk.js#xfbml=1&#038;version=v3.3\"\n            ><\/script><br \/>\n<br \/><br \/>\n<br \/><a href=\"https:\/\/brtk.net\/isiasortakdavamiz-sampiyon-melekleri-yasatma-dernegi-adalet-icin-ses-ver-etkinligi-duzenledi\/\">Kaynak BRT <\/a><\/p>\n","protected":false},"excerpt":{"rendered":"<p>\u00a0 \u015eampiyon Melekleri Ya\u015fatma Derne\u011fi, Ad\u0131yaman 3. A\u011f\u0131r Ceza Mahkemesi\u2019nde 24 Aral\u0131k Sal\u0131 g\u00fcn\u00fc g\u00f6r\u00fc\u015f\u00fclecek \u0130sias Otel davas\u0131n\u0131n alt\u0131nc\u0131 duru\u015fmas\u0131 \u00f6ncesinde \u201cAdalet \u0130\u00e7in Ses Ver\u201d etkinli\u011fi d\u00fczenledi. \u00a0 Gazima\u011fusa\u2019da Nam\u0131k Kemal Meydan\u0131\u2019nda kortejle ba\u015flayan etkinlikte, meydan\u0131 dolduran kalabal\u0131k \u201cAdalet olas\u0131 kastla gelecek\u201d, \u201cMeleklere verilmi\u015f s\u00f6z\u00fcm\u00fcz var\u201d, \u201c\u0130sias ortak davam\u0131zd\u0131r\u201d sloganlar\u0131 att\u0131. \u201c\u0130sias katillerinin cezas\u0131 m\u00fcebbettir\u201d [&hellip;]<\/p>\n","protected":false},"author":908,"featured_media":14577,"comment_status":"open","ping_status":"open","sticky":false,"template":"","format":"standard","meta":{"_jetpack_memberships_contains_paid_content":false,"footnotes":"","jetpack_publicize_message":"","jetpack_publicize_feature_enabled":true,"jetpack_social_post_already_shared":true,"jetpack_social_options":{"image_generator_settings":{"template":"highway","default_image_id":0,"font":"","enabled":false},"version":2}},"categories":[253],"tags":[],"class_list":["post-14576","post","type-post","status-publish","format-standard","has-post-thumbnail","hentry","category-gundem"],"jetpack_publicize_connections":[],"jetpack_featured_media_url":"https:\/\/kibrisayna.com\/wp-content\/uploads\/2024\/12\/1734720598693sampiyon-melekler-eylem-15.jpg","jetpack_sharing_enabled":true,"_links":{"self":[{"href":"https:\/\/kibrisayna.com\/index.php\/wp-json\/wp\/v2\/posts\/14576","targetHints":{"allow":["GET"]}}],"collection":[{"href":"https:\/\/kibrisayna.com\/index.php\/wp-json\/wp\/v2\/posts"}],"about":[{"href":"https:\/\/kibrisayna.com\/index.php\/wp-json\/wp\/v2\/types\/post"}],"author":[{"embeddable":true,"href":"https:\/\/kibrisayna.com\/index.php\/wp-json\/wp\/v2\/users\/908"}],"replies":[{"embeddable":true,"href":"https:\/\/kibrisayna.com\/index.php\/wp-json\/wp\/v2\/comments?post=14576"}],"version-history":[{"count":0,"href":"https:\/\/kibrisayna.com\/index.php\/wp-json\/wp\/v2\/posts\/14576\/revisions"}],"wp:featuredmedia":[{"embeddable":true,"href":"https:\/\/kibrisayna.com\/index.php\/wp-json\/wp\/v2\/media\/14577"}],"wp:attachment":[{"href":"https:\/\/kibrisayna.com\/index.php\/wp-json\/wp\/v2\/media?parent=14576"}],"wp:term":[{"taxonomy":"category","embeddable":true,"href":"https:\/\/kibrisayna.com\/index.php\/wp-json\/wp\/v2\/categories?post=14576"},{"taxonomy":"post_tag","embeddable":true,"href":"https:\/\/kibrisayna.com\/index.php\/wp-json\/wp\/v2\/tags?post=14576"}],"curies":[{"name":"wp","href":"https:\/\/api.w.org\/{rel}","templated":true}]}}