{"id":14559,"date":"2024-12-20T20:48:37","date_gmt":"2024-12-20T17:48:37","guid":{"rendered":"https:\/\/kibrisayna.com\/index.php\/2024\/12\/20\/isiasortakdavamiz-cavusoglubir-tek-andimiz-var-bu-cocuklari-aramizdan-alan-katillerin-olasi-kastla-ceza-almalaridir-brtk\/"},"modified":"2024-12-20T20:48:37","modified_gmt":"2024-12-20T17:48:37","slug":"isiasortakdavamiz-cavusoglubir-tek-andimiz-var-bu-cocuklari-aramizdan-alan-katillerin-olasi-kastla-ceza-almalaridir-brtk","status":"publish","type":"post","link":"https:\/\/kibrisayna.com\/index.php\/2024\/12\/20\/isiasortakdavamiz-cavusoglubir-tek-andimiz-var-bu-cocuklari-aramizdan-alan-katillerin-olasi-kastla-ceza-almalaridir-brtk\/","title":{"rendered":"#isiasortakdavam\u0131z \u00c7avu\u015fo\u011flu:Bir tek and\u0131m\u0131z var bu \u00e7ocuklar\u0131 aram\u0131zdan alan katillerin olas\u0131 kastla ceza almalar\u0131d\u0131r \u2013 BRTK"},"content":{"rendered":"<p> <br \/>\n<\/p>\n<div>\n<div class=\"mariselle-image-container center\">\n                <img loading=\"lazy\" decoding=\"async\" width=\"971\" height=\"551\" class=\"lazy-image\" alt=\"\" sizes=\"auto, (max-width: 971px) 100vw, 971px\" src=\"https:\/\/brtk.net\/wp-content\/uploads\/2024\/12\/20\/v2kbrshaberler78907477582_1734712838.jpg?ver=8eba89037222d7a021df006fb5178dd8\" srcset=\"https:\/\/brtk.net\/wp-content\/uploads\/2024\/12\/20\/v2kbrshaberler78907477582_1734712838.jpg?ver=8eba89037222d7a021df006fb5178dd8 971w, https:\/\/brtk.net\/wp-content\/uploads\/2024\/12\/20\/v2kbrshaberler78907477582_1734712838-300x170.jpg?ver=bc1cfd02cdd495f478df88404666dfcb 300w, https:\/\/brtk.net\/wp-content\/uploads\/2024\/12\/20\/v2kbrshaberler78907477582_1734712838-768x436.jpg?ver=bc1cfd02cdd495f478df88404666dfcb 768w\"\/>                            <\/div>\n<p>\u015eampiyon Melekleri Ya\u015fatma Derne\u011fi taraf\u0131ndan Gazima\u011fusa Nam\u0131k Kemal Meydan\u0131\u2019nda \u201cAdalet \u0130\u00e7in Ses Ver\u201d etkinli\u011fi d\u00fczenlendi.<\/p>\n<div class=\"mariselle-image-container center\">\n                <img loading=\"lazy\" decoding=\"async\" width=\"1024\" height=\"601\" class=\"lazy-image\" alt=\"\" sizes=\"auto, (max-width: 1024px) 100vw, 1024px\" src=\"https:\/\/brtk.net\/wp-content\/uploads\/2024\/12\/20\/cavusoglu-isias.jpeg?ver=2f574e9872eee892074b5c2c209ad194\" srcset=\"https:\/\/brtk.net\/wp-content\/uploads\/2024\/12\/20\/cavusoglu-isias.jpeg?ver=2f574e9872eee892074b5c2c209ad194 1024w, https:\/\/brtk.net\/wp-content\/uploads\/2024\/12\/20\/cavusoglu-isias-300x176.jpeg?ver=2f574e9872eee892074b5c2c209ad194 300w, https:\/\/brtk.net\/wp-content\/uploads\/2024\/12\/20\/cavusoglu-isias-768x451.jpeg?ver=61d7a59b6a2da759a724e245d69b153a 768w, https:\/\/brtk.net\/wp-content\/uploads\/2024\/12\/20\/cavusoglu-isias-379x222.jpeg?ver=61d7a59b6a2da759a724e245d69b153a 379w\"\/>                            <\/div>\n<p>Etkinlikte konu\u015fan Milli E\u011fitim Bakan\u0131 Naz\u0131m \u00c7avu\u015fo\u011flu, \u201cAilelerin feryad\u0131n\u0131 ate\u015fini en yak\u0131ndan g\u00f6r\u00fcnen biri olarak K\u0131br\u0131s T\u00fcrk halk\u0131n\u0131n 1974 sonras\u0131 birle\u015fti\u011fi tek konuydu. Kimseyi geride b\u0131rakmad\u0131k onlar\u0131 istedi\u011fimiz gibi getiremedik.K\u0131br\u0131s T\u00fcrk halk\u0131 yand\u0131..Burada art\u0131k insanlar eskisi gibi g\u00fclm\u00fcyor. Bir tek and\u0131m\u0131z var bu \u00e7ocuklar\u0131 aram\u0131zdan alan katillerin olas\u0131 kastla ceza almalar\u0131d\u0131r\u201d dedi.<\/p>\n<\/p><\/div>\n<p><script async\n                    defer\n                    crossorigin=\"anonymous\"\n                    src=\"https:\/\/connect.facebook.net\/tr_TR\/sdk.js#xfbml=1&#038;version=v3.3\"\n            ><\/script><br \/>\n<br \/><br \/>\n<br \/><a href=\"https:\/\/brtk.net\/isiasortakdavamiz-cavusoglubir-tek-andimiz-var-bu-cocuklari-aramizdan-alan-katillerin-olasi-kastla-ceza-almalaridir\/\">Kaynak BRT <\/a><\/p>\n","protected":false},"excerpt":{"rendered":"<p>\u015eampiyon Melekleri Ya\u015fatma Derne\u011fi taraf\u0131ndan Gazima\u011fusa Nam\u0131k Kemal Meydan\u0131\u2019nda \u201cAdalet \u0130\u00e7in Ses Ver\u201d etkinli\u011fi d\u00fczenlendi. Etkinlikte konu\u015fan Milli E\u011fitim Bakan\u0131 Naz\u0131m \u00c7avu\u015fo\u011flu, \u201cAilelerin feryad\u0131n\u0131 ate\u015fini en yak\u0131ndan g\u00f6r\u00fcnen biri olarak K\u0131br\u0131s T\u00fcrk halk\u0131n\u0131n 1974 sonras\u0131 birle\u015fti\u011fi tek konuydu. Kimseyi geride b\u0131rakmad\u0131k onlar\u0131 istedi\u011fimiz gibi getiremedik.K\u0131br\u0131s T\u00fcrk halk\u0131 yand\u0131..Burada art\u0131k insanlar eskisi gibi g\u00fclm\u00fcyor. Bir tek [&hellip;]<\/p>\n","protected":false},"author":908,"featured_media":14560,"comment_status":"open","ping_status":"open","sticky":false,"template":"","format":"standard","meta":{"_jetpack_memberships_contains_paid_content":false,"footnotes":"","jetpack_publicize_message":"","jetpack_publicize_feature_enabled":true,"jetpack_social_post_already_shared":true,"jetpack_social_options":{"image_generator_settings":{"template":"highway","default_image_id":0,"font":"","enabled":false},"version":2}},"categories":[253],"tags":[],"class_list":["post-14559","post","type-post","status-publish","format-standard","has-post-thumbnail","hentry","category-gundem"],"jetpack_publicize_connections":[],"jetpack_featured_media_url":"https:\/\/kibrisayna.com\/wp-content\/uploads\/2024\/12\/cavusoglu-isias.jpeg","jetpack_sharing_enabled":true,"_links":{"self":[{"href":"https:\/\/kibrisayna.com\/index.php\/wp-json\/wp\/v2\/posts\/14559","targetHints":{"allow":["GET"]}}],"collection":[{"href":"https:\/\/kibrisayna.com\/index.php\/wp-json\/wp\/v2\/posts"}],"about":[{"href":"https:\/\/kibrisayna.com\/index.php\/wp-json\/wp\/v2\/types\/post"}],"author":[{"embeddable":true,"href":"https:\/\/kibrisayna.com\/index.php\/wp-json\/wp\/v2\/users\/908"}],"replies":[{"embeddable":true,"href":"https:\/\/kibrisayna.com\/index.php\/wp-json\/wp\/v2\/comments?post=14559"}],"version-history":[{"count":0,"href":"https:\/\/kibrisayna.com\/index.php\/wp-json\/wp\/v2\/posts\/14559\/revisions"}],"wp:featuredmedia":[{"embeddable":true,"href":"https:\/\/kibrisayna.com\/index.php\/wp-json\/wp\/v2\/media\/14560"}],"wp:attachment":[{"href":"https:\/\/kibrisayna.com\/index.php\/wp-json\/wp\/v2\/media?parent=14559"}],"wp:term":[{"taxonomy":"category","embeddable":true,"href":"https:\/\/kibrisayna.com\/index.php\/wp-json\/wp\/v2\/categories?post=14559"},{"taxonomy":"post_tag","embeddable":true,"href":"https:\/\/kibrisayna.com\/index.php\/wp-json\/wp\/v2\/tags?post=14559"}],"curies":[{"name":"wp","href":"https:\/\/api.w.org\/{rel}","templated":true}]}}