{"id":14557,"date":"2024-12-20T20:41:06","date_gmt":"2024-12-20T17:41:06","guid":{"rendered":"https:\/\/kibrisayna.com\/index.php\/2024\/12\/20\/tum-sorumlular-suclarinin-karsiligini-alana-kadar-mucadelemiz-devam-edecek-brtk\/"},"modified":"2024-12-20T20:41:06","modified_gmt":"2024-12-20T17:41:06","slug":"tum-sorumlular-suclarinin-karsiligini-alana-kadar-mucadelemiz-devam-edecek-brtk","status":"publish","type":"post","link":"https:\/\/kibrisayna.com\/index.php\/2024\/12\/20\/tum-sorumlular-suclarinin-karsiligini-alana-kadar-mucadelemiz-devam-edecek-brtk\/","title":{"rendered":"\u201cT\u00fcm sorumlular su\u00e7lar\u0131n\u0131n kar\u015f\u0131l\u0131\u011f\u0131n\u0131 alana kadar m\u00fccadelemiz devam edecek\u201d \u2013 BRTK"},"content":{"rendered":"<p> <br \/>\n<\/p>\n<div>\n<div class=\"mariselle-image-container center\">\n                <img loading=\"lazy\" decoding=\"async\" width=\"400\" height=\"400\" class=\"lazy-image\" alt=\"\" sizes=\"auto, (max-width: 400px) 100vw, 400px\" src=\"https:\/\/brtk.net\/wp-content\/uploads\/2024\/12\/20\/1734710893157RL8j7MDq_400x400.jpg?ver=bed285c18c74dea4c996c385e737a478\" srcset=\"https:\/\/brtk.net\/wp-content\/uploads\/2024\/12\/20\/1734710893157RL8j7MDq_400x400.jpg?ver=bed285c18c74dea4c996c385e737a478 400w, https:\/\/brtk.net\/wp-content\/uploads\/2024\/12\/20\/1734710893157RL8j7MDq_400x400-300x300.jpg?ver=bed285c18c74dea4c996c385e737a478 300w, https:\/\/brtk.net\/wp-content\/uploads\/2024\/12\/20\/1734710893157RL8j7MDq_400x400-150x150.jpg?ver=bed285c18c74dea4c996c385e737a478 150w\"\/>                            <\/div>\n<p>Rehberler \u0130\u00e7in Adalet Platformu \u00fcyeleri, Kahramanmara\u015f merkezli depremlerde 72 ki\u015finin ya\u015fam\u0131n\u0131 yitirdi\u011fi Ad\u0131yaman \u0130sias Otel konusunda sorumlulu\u011fu bulunanlar gerekli cezay\u0131 alana kadar m\u00fccadeleyi s\u00fcrd\u00fcreceklerini bildirdi.<\/p>\n<p>Platform \u00fcyeleri, \u0130sias Otel\u2019e ili\u015fkin a\u00e7\u0131lan davan\u0131n karar duru\u015fmas\u0131 \u00f6ncesinde \u0130stanbul Barosu\u2019nda bas\u0131n a\u00e7\u0131klamas\u0131 d\u00fczenledi.<\/p>\n<div class=\"mariselle-image-container center\">\n                <img loading=\"lazy\" decoding=\"async\" width=\"1280\" height=\"720\" class=\"lazy-image\" alt=\"\" sizes=\"auto, (max-width: 1280px) 100vw, 1280px\" src=\"https:\/\/brtk.net\/wp-content\/uploads\/2024\/12\/20\/1734710866911photo-5981178178489664756-y.webp?ver=7f3dbeaeb57367645df86daa9e460a5a\" srcset=\"https:\/\/brtk.net\/wp-content\/uploads\/2024\/12\/20\/1734710866911photo-5981178178489664756-y.webp?ver=7f3dbeaeb57367645df86daa9e460a5a 1280w, https:\/\/brtk.net\/wp-content\/uploads\/2024\/12\/20\/1734710866911photo-5981178178489664756-y-300x169.webp?ver=5dd83500bf583fae38502c1e07a34358 300w, https:\/\/brtk.net\/wp-content\/uploads\/2024\/12\/20\/1734710866911photo-5981178178489664756-y-1024x576.webp?ver=5dd83500bf583fae38502c1e07a34358 1024w, https:\/\/brtk.net\/wp-content\/uploads\/2024\/12\/20\/1734710866911photo-5981178178489664756-y-768x432.webp?ver=5dd83500bf583fae38502c1e07a34358 768w\"\/>                            <\/div>\n<p>Depremde \u0130sias Otel\u2019de e\u015fini kaybeden platform \u00fcyesi Burcu Y\u0131lmaz, ilk g\u00fcnden bu yana otelin yap\u0131m\u0131nda ve i\u015fletmesindeki kusurlara ili\u015fkin dile getirdikleri her konunun bilirki\u015fi raporuyla do\u011fruland\u0131\u011f\u0131n\u0131 s\u00f6yledi.<\/p>\n<p>Y\u0131lmaz, bilirki\u015fi raporunda tespit edilen kusurlara i\u015faret ederek, otelin in\u015faat\u0131nda yap\u0131lan hatalar\u0131n, ihmal ve denetimsizliklerin konaklayanlar\u0131n g\u00fcvenli\u011fini tehlikeye att\u0131\u011f\u0131n\u0131 ifade etti.<\/p>\n<p>Ya\u015fanan kay\u0131plar\u0131n sadece ihmal ve taksirle a\u00e7\u0131klanamayaca\u011f\u0131n\u0131 belirten Y\u0131lmaz, \u201cBizler, Rehberler \u0130\u00e7in Adalet Platformu ve \u015eampiyon Melekleri Ya\u015fatma Derne\u011fi ad\u0131na, t\u00fcm su\u00e7lular\u0131n \u2018olas\u0131 kast ile insan \u00f6ld\u00fcrme\u2019 su\u00e7undan cezaland\u0131r\u0131lmalar\u0131n\u0131 talep ediyoruz.\u201d dedi.<\/p>\n<p>Y\u0131lmaz, \u0130sias Otel\u2019de \u00e7ocuklar\u0131n, gencecik su\u00e7suz insanlar\u0131n hayat\u0131n\u0131 kaybetti\u011fini ifade ederek, \u201cBu otelde \u00f6lenler rant u\u011fruna \u00f6ld\u00fc. Bu otelle birlikte y\u00fczlerce hayat 22 ayd\u0131r ya\u015farken her g\u00fcn \u00f6lmeye devam ediyor. Adalet aray\u0131\u015f\u0131m\u0131z bitmeyecek. T\u00fcm sorumlular su\u00e7lar\u0131n\u0131n kar\u015f\u0131l\u0131\u011f\u0131n\u0131 alana kadar m\u00fccadelemiz devam edecek.\u201d diye konu\u015ftu.<\/p>\n<p>A\u00e7\u0131klaman\u0131n ard\u0131ndan grup, \u0130stanbul Barosu Ba\u015fkan\u0131 \u0130brahim Kabo\u011flu\u2019nu ziyaret etti.<\/p>\n<\/p><\/div>\n<p><script async\n                    defer\n                    crossorigin=\"anonymous\"\n                    src=\"https:\/\/connect.facebook.net\/tr_TR\/sdk.js#xfbml=1&#038;version=v3.3\"\n            ><\/script><br \/>\n<br \/><br \/>\n<br \/><a href=\"https:\/\/brtk.net\/istanbulda-rehberler-icin-adalet-platformu-isias-otel-durusmasi-oncesi-basin-aciklamasi-yapti-tum-sorumlular-suclarinin-karsiligini-alana-kadar-mucadelemiz-devam-edecek\/\"><\/a><\/p>\n","protected":false},"excerpt":{"rendered":"<p>Rehberler \u0130\u00e7in Adalet Platformu \u00fcyeleri, Kahramanmara\u015f merkezli depremlerde 72 ki\u015finin ya\u015fam\u0131n\u0131 yitirdi\u011fi Ad\u0131yaman \u0130sias Otel konusunda sorumlulu\u011fu bulunanlar gerekli cezay\u0131 alana kadar m\u00fccadeleyi s\u00fcrd\u00fcreceklerini bildirdi. Platform \u00fcyeleri, \u0130sias Otel\u2019e ili\u015fkin a\u00e7\u0131lan davan\u0131n karar duru\u015fmas\u0131 \u00f6ncesinde \u0130stanbul Barosu\u2019nda bas\u0131n a\u00e7\u0131klamas\u0131 d\u00fczenledi. Depremde \u0130sias Otel\u2019de e\u015fini kaybeden platform \u00fcyesi Burcu Y\u0131lmaz, ilk g\u00fcnden bu yana otelin yap\u0131m\u0131nda [&hellip;]<\/p>\n","protected":false},"author":908,"featured_media":14558,"comment_status":"open","ping_status":"open","sticky":false,"template":"","format":"standard","meta":{"_jetpack_memberships_contains_paid_content":false,"footnotes":"","jetpack_publicize_message":"","jetpack_publicize_feature_enabled":true,"jetpack_social_post_already_shared":true,"jetpack_social_options":{"image_generator_settings":{"template":"highway","default_image_id":0,"font":"","enabled":false},"version":2}},"categories":[587],"tags":[],"class_list":["post-14557","post","type-post","status-publish","format-standard","has-post-thumbnail","hentry","category-dunya"],"jetpack_publicize_connections":[],"jetpack_featured_media_url":"https:\/\/kibrisayna.com\/wp-content\/uploads\/2024\/12\/1734710866911photo-5981178178489664756-y.webp","jetpack_sharing_enabled":true,"_links":{"self":[{"href":"https:\/\/kibrisayna.com\/index.php\/wp-json\/wp\/v2\/posts\/14557","targetHints":{"allow":["GET"]}}],"collection":[{"href":"https:\/\/kibrisayna.com\/index.php\/wp-json\/wp\/v2\/posts"}],"about":[{"href":"https:\/\/kibrisayna.com\/index.php\/wp-json\/wp\/v2\/types\/post"}],"author":[{"embeddable":true,"href":"https:\/\/kibrisayna.com\/index.php\/wp-json\/wp\/v2\/users\/908"}],"replies":[{"embeddable":true,"href":"https:\/\/kibrisayna.com\/index.php\/wp-json\/wp\/v2\/comments?post=14557"}],"version-history":[{"count":0,"href":"https:\/\/kibrisayna.com\/index.php\/wp-json\/wp\/v2\/posts\/14557\/revisions"}],"wp:featuredmedia":[{"embeddable":true,"href":"https:\/\/kibrisayna.com\/index.php\/wp-json\/wp\/v2\/media\/14558"}],"wp:attachment":[{"href":"https:\/\/kibrisayna.com\/index.php\/wp-json\/wp\/v2\/media?parent=14557"}],"wp:term":[{"taxonomy":"category","embeddable":true,"href":"https:\/\/kibrisayna.com\/index.php\/wp-json\/wp\/v2\/categories?post=14557"},{"taxonomy":"post_tag","embeddable":true,"href":"https:\/\/kibrisayna.com\/index.php\/wp-json\/wp\/v2\/tags?post=14557"}],"curies":[{"name":"wp","href":"https:\/\/api.w.org\/{rel}","templated":true}]}}