{"id":14554,"date":"2024-12-20T20:37:07","date_gmt":"2024-12-20T17:37:07","guid":{"rendered":"https:\/\/kibrisayna.com\/index.php\/2024\/12\/20\/cumhuriyet-meclisinde-yeniden-olusturulan-surekli-komiteler-milletvekillerinin-bilgisine-getirildi-brtk\/"},"modified":"2024-12-20T20:37:07","modified_gmt":"2024-12-20T17:37:07","slug":"cumhuriyet-meclisinde-yeniden-olusturulan-surekli-komiteler-milletvekillerinin-bilgisine-getirildi-brtk","status":"publish","type":"post","link":"https:\/\/kibrisayna.com\/index.php\/2024\/12\/20\/cumhuriyet-meclisinde-yeniden-olusturulan-surekli-komiteler-milletvekillerinin-bilgisine-getirildi-brtk\/","title":{"rendered":"Cumhuriyet Meclisi\u2019nde yeniden olu\u015fturulan s\u00fcrekli komiteler milletvekillerinin bilgisine getirildi \u2013 BRTK"},"content":{"rendered":"<p> <br \/>\n<\/p>\n<div>\n<div class=\"mariselle-image-container center\">\n                <img loading=\"lazy\" decoding=\"async\" width=\"1600\" height=\"1066\" class=\"lazy-image\" alt=\"\" sizes=\"auto, (max-width: 1600px) 100vw, 1600px\" src=\"https:\/\/brtk.net\/wp-content\/uploads\/2024\/12\/20\/1734701029969MECLIS-GENEL-1-1.jpg?ver=252266ddd61190ceef02476f8ee6af20\" srcset=\"https:\/\/brtk.net\/wp-content\/uploads\/2024\/12\/20\/1734701029969MECLIS-GENEL-1-1.jpg?ver=252266ddd61190ceef02476f8ee6af20 1600w, https:\/\/brtk.net\/wp-content\/uploads\/2024\/12\/20\/1734701029969MECLIS-GENEL-1-1-300x200.jpg?ver=252266ddd61190ceef02476f8ee6af20 300w, https:\/\/brtk.net\/wp-content\/uploads\/2024\/12\/20\/1734701029969MECLIS-GENEL-1-1-1024x682.jpg?ver=35e9ccae4546d790b60d23dcbd227081 1024w, https:\/\/brtk.net\/wp-content\/uploads\/2024\/12\/20\/1734701029969MECLIS-GENEL-1-1-768x512.jpg?ver=35e9ccae4546d790b60d23dcbd227081 768w, https:\/\/brtk.net\/wp-content\/uploads\/2024\/12\/20\/1734701029969MECLIS-GENEL-1-1-1536x1023.jpg?ver=46bd102a1c428f29035dcd62ee047490 1536w\"\/>                            <\/div>\n<p>Cumhuriyet Meclisi\u2019nde yeniden olu\u015fturulan s\u00fcrekli komiteler, bug\u00fcn Meclis Genel Kurulu\u2019nda milletvekillerinin bilgisine getirildi.<\/p>\n<p>Cumhuriyet Meclisi\u2019nden verilen bilgiye g\u00f6re, Cumhuriyet Meclisi Ba\u015fkanl\u0131k Divan\u0131\u2019n\u0131n, \u201cSiyasal parti gruplar\u0131na s\u00fcrekli komitelerde d\u00fc\u015fen \u00fcyeliklere ili\u015fkin karar\u0131\u201d uyar\u0131nca siyasal parti gruplar\u0131n\u0131n komite \u00fcyeli\u011fi adaylar\u0131n\u0131 g\u00f6steren liste \u015f\u00f6yle:<\/p>\n<p><strong>\u201cI. Ekonomi, Maliye, B\u00fct\u00e7e Ve Pl\u00e2n Komitesi: (5 \u00fcye)<\/strong><\/p>\n<p>UBP grubunu temsilen Resmiye Ero\u011flu Canaltay, Hasan K\u00fc\u00e7\u00fck ve Ali\u015fan \u015ean. CTP grubunu temsilen Erkut \u015eahali ve Salahi \u015eahiner.<\/p>\n<p><strong>II. Hukuk, Siyasi \u0130\u015fler, D\u0131\u015fili\u015fkiler Ve Savunma Komitesi: (5 \u00fcye)<\/strong><\/p>\n<p>UBP grubunu temsilen F\u0131rt\u0131na Karanfil, Hasan K\u00fc\u00e7\u00fck ve Yasemi \u00d6zt\u00fcrk. CTP grubunu temsilen \u00dcr\u00fcn Solyal\u0131 ve Ongun Talat.<\/p>\n<p><strong>III. \u0130dari, Kamu Ve Sa\u011fl\u0131k \u0130\u015fleri Komitesi: (5 \u00fcye)<\/strong><\/p>\n<p>UBP grubunu temsilen Sunat Atun, \u0130zlem G\u00fcr\u00e7a\u011f Altu\u011fra ve Ahmet Sava\u015fan. CTP grubunu temsilen Devrim Bar\u00e7\u0131n ve Filiz Besim<\/p>\n<p><strong>IV. Dilek\u00e7e ve Ombudsman Komitesi: (7 \u00fcye)<\/strong><\/p>\n<p>UBP grubunu temsilen F\u0131rt\u0131na Karanfil, Ali Pilli, Ali\u015fan \u015ean ve Emrah Ye\u015fil\u0131rmak. CTP grubunu temsilen Biray Hamzao\u011fullar\u0131, Salahi \u015eahiner ve Teberr\u00fcken Ulu\u00e7ay.<\/p>\n<p><strong>V. Say\u0131\u015ftay Komitesi (5 \u00fcye):<\/strong><\/p>\n<p>UBP grubunu temsilen F\u0131rt\u0131na Karanfil, Ali Pilli ve Emrah Ye\u015fil\u0131rmak. CTP grubunu temsilen Sami \u00d6zuslu ve Teberr\u00fcken Ulu\u00e7ay.\u201d<\/p>\n<\/p><\/div>\n<p><script async\n                    defer\n                    crossorigin=\"anonymous\"\n                    src=\"https:\/\/connect.facebook.net\/tr_TR\/sdk.js#xfbml=1&#038;version=v3.3\"\n            ><\/script><br \/>\n<br \/><br \/>\n<br \/><a href=\"https:\/\/brtk.net\/cumhuriyet-meclisinde-yeniden-olusturulan-surekli-komiteler-milletvekillerinin-bilgisine-getirildi\/\">Kaynak BRT <\/a><\/p>\n","protected":false},"excerpt":{"rendered":"<p>Cumhuriyet Meclisi\u2019nde yeniden olu\u015fturulan s\u00fcrekli komiteler, bug\u00fcn Meclis Genel Kurulu\u2019nda milletvekillerinin bilgisine getirildi. Cumhuriyet Meclisi\u2019nden verilen bilgiye g\u00f6re, Cumhuriyet Meclisi Ba\u015fkanl\u0131k Divan\u0131\u2019n\u0131n, \u201cSiyasal parti gruplar\u0131na s\u00fcrekli komitelerde d\u00fc\u015fen \u00fcyeliklere ili\u015fkin karar\u0131\u201d uyar\u0131nca siyasal parti gruplar\u0131n\u0131n komite \u00fcyeli\u011fi adaylar\u0131n\u0131 g\u00f6steren liste \u015f\u00f6yle: \u201cI. Ekonomi, Maliye, B\u00fct\u00e7e Ve Pl\u00e2n Komitesi: (5 \u00fcye) UBP grubunu temsilen Resmiye Ero\u011flu [&hellip;]<\/p>\n","protected":false},"author":908,"featured_media":14556,"comment_status":"open","ping_status":"open","sticky":false,"template":"","format":"standard","meta":{"_jetpack_memberships_contains_paid_content":false,"footnotes":"","jetpack_publicize_message":"","jetpack_publicize_feature_enabled":true,"jetpack_social_post_already_shared":true,"jetpack_social_options":{"image_generator_settings":{"template":"highway","default_image_id":0,"font":"","enabled":false},"version":2}},"categories":[253],"tags":[],"class_list":["post-14554","post","type-post","status-publish","format-standard","has-post-thumbnail","hentry","category-gundem"],"jetpack_publicize_connections":[],"jetpack_featured_media_url":"https:\/\/kibrisayna.com\/wp-content\/uploads\/2024\/12\/meclis-bina12.jpg","jetpack_sharing_enabled":true,"_links":{"self":[{"href":"https:\/\/kibrisayna.com\/index.php\/wp-json\/wp\/v2\/posts\/14554","targetHints":{"allow":["GET"]}}],"collection":[{"href":"https:\/\/kibrisayna.com\/index.php\/wp-json\/wp\/v2\/posts"}],"about":[{"href":"https:\/\/kibrisayna.com\/index.php\/wp-json\/wp\/v2\/types\/post"}],"author":[{"embeddable":true,"href":"https:\/\/kibrisayna.com\/index.php\/wp-json\/wp\/v2\/users\/908"}],"replies":[{"embeddable":true,"href":"https:\/\/kibrisayna.com\/index.php\/wp-json\/wp\/v2\/comments?post=14554"}],"version-history":[{"count":0,"href":"https:\/\/kibrisayna.com\/index.php\/wp-json\/wp\/v2\/posts\/14554\/revisions"}],"wp:featuredmedia":[{"embeddable":true,"href":"https:\/\/kibrisayna.com\/index.php\/wp-json\/wp\/v2\/media\/14556"}],"wp:attachment":[{"href":"https:\/\/kibrisayna.com\/index.php\/wp-json\/wp\/v2\/media?parent=14554"}],"wp:term":[{"taxonomy":"category","embeddable":true,"href":"https:\/\/kibrisayna.com\/index.php\/wp-json\/wp\/v2\/categories?post=14554"},{"taxonomy":"post_tag","embeddable":true,"href":"https:\/\/kibrisayna.com\/index.php\/wp-json\/wp\/v2\/tags?post=14554"}],"curies":[{"name":"wp","href":"https:\/\/api.w.org\/{rel}","templated":true}]}}