{"id":14553,"date":"2024-12-20T20:37:05","date_gmt":"2024-12-20T17:37:05","guid":{"rendered":"https:\/\/kibrisayna.com\/index.php\/2024\/12\/20\/cumhurbaskani-tatar-gazimagusa-belediye-baskani-ulucayi-kabul-etti-brtk\/"},"modified":"2024-12-20T20:37:05","modified_gmt":"2024-12-20T17:37:05","slug":"cumhurbaskani-tatar-gazimagusa-belediye-baskani-ulucayi-kabul-etti-brtk","status":"publish","type":"post","link":"https:\/\/kibrisayna.com\/index.php\/2024\/12\/20\/cumhurbaskani-tatar-gazimagusa-belediye-baskani-ulucayi-kabul-etti-brtk\/","title":{"rendered":"Cumhurba\u015fkan\u0131 Tatar, Gazima\u011fusa Belediye Ba\u015fkan\u0131 Ulu\u00e7ay\u2019\u0131 kabul etti \u2013 BRTK"},"content":{"rendered":"<p> <br \/>\n<\/p>\n<div>\n<div class=\"mariselle-image-container center\">\n                <img loading=\"lazy\" decoding=\"async\" width=\"2560\" height=\"1631\" class=\"lazy-image\" alt=\"\" sizes=\"auto, (max-width: 2560px) 100vw, 2560px\" src=\"https:\/\/brtk.net\/wp-content\/uploads\/2024\/12\/20\/1734712236170Cumhurbaskani-Ersin-Tatar-Gazimagusa-Belediye-Baskani-Suleyman-Ulucayi-kabul-etti-2-scaled.jpeg?ver=172b6719dafaa24b7db1f6bc9c117521\" srcset=\"https:\/\/brtk.net\/wp-content\/uploads\/2024\/12\/20\/1734712236170Cumhurbaskani-Ersin-Tatar-Gazimagusa-Belediye-Baskani-Suleyman-Ulucayi-kabul-etti-2-scaled.jpeg?ver=172b6719dafaa24b7db1f6bc9c117521 2560w, https:\/\/brtk.net\/wp-content\/uploads\/2024\/12\/20\/1734712236170Cumhurbaskani-Ersin-Tatar-Gazimagusa-Belediye-Baskani-Suleyman-Ulucayi-kabul-etti-2-300x191.jpeg?ver=172b6719dafaa24b7db1f6bc9c117521 300w, https:\/\/brtk.net\/wp-content\/uploads\/2024\/12\/20\/1734712236170Cumhurbaskani-Ersin-Tatar-Gazimagusa-Belediye-Baskani-Suleyman-Ulucayi-kabul-etti-2-1024x652.jpeg?ver=7520b362f3892135acca869bbfc3e563 1024w, https:\/\/brtk.net\/wp-content\/uploads\/2024\/12\/20\/1734712236170Cumhurbaskani-Ersin-Tatar-Gazimagusa-Belediye-Baskani-Suleyman-Ulucayi-kabul-etti-2-768x489.jpeg?ver=7520b362f3892135acca869bbfc3e563 768w, https:\/\/brtk.net\/wp-content\/uploads\/2024\/12\/20\/1734712236170Cumhurbaskani-Ersin-Tatar-Gazimagusa-Belediye-Baskani-Suleyman-Ulucayi-kabul-etti-2-1536x978.jpeg?ver=8f20387ab84e47f3d2437a488435fddd 1536w, https:\/\/brtk.net\/wp-content\/uploads\/2024\/12\/20\/1734712236170Cumhurbaskani-Ersin-Tatar-Gazimagusa-Belediye-Baskani-Suleyman-Ulucayi-kabul-etti-2-2048x1305.jpeg?ver=c6bc3d95779dd68c02bc923ff3162596 2048w, https:\/\/brtk.net\/wp-content\/uploads\/2024\/12\/20\/1734712236170Cumhurbaskani-Ersin-Tatar-Gazimagusa-Belediye-Baskani-Suleyman-Ulucayi-kabul-etti-2-566x360.jpeg?ver=af75744a618c60a74b2c170df78b96a8 566w\"\/>                            <\/div>\n<p>Cumhurba\u015fkan\u0131 Ersin Tatar, Gazima\u011fusa Belediye Ba\u015fkan\u0131 S\u00fcleyman Ulu\u00e7ay\u2019\u0131 kabul ederek g\u00f6r\u00fc\u015ft\u00fc.<\/p>\n<p>Cumhurba\u015fkanl\u0131\u011f\u0131\u2019ndan verilen bilgiye g\u00f6re Tatar, kabulde yapt\u0131\u011f\u0131 konu\u015fmada, 6 \u015eubat\u2019ta T\u00fcrkiye\u2019de meydana gelen depremde yak\u0131nlar\u0131n\u0131 kaybeden Gazima\u011fusa Belediye Ba\u015fkan\u0131 S\u00fcleyman Ulu\u00e7ay\u2019\u0131n o zor s\u00fcre\u00e7te, bizzat deprem b\u00f6lgesine giderek ac\u0131l\u0131 ailelerin yan\u0131nda oldu\u011funu ve \u00e7al\u0131\u015fmalara katk\u0131da bulundu\u011funu s\u00f6yleyerek, kendisine te\u015fekk\u00fcr etti.<\/p>\n<p>Deprem felaketinde hayat\u0131n\u0131 kaybeden canlara Allah\u2019tan rahmet dileyen Tatar, bu ac\u0131n\u0131n asla unutulmayaca\u011f\u0131n\u0131 ve her zaman ailelerin yan\u0131nda olmaya devam edece\u011fini ifade etti.<\/p>\n<p>Bunun kendisinin sorumlulu\u011fu oldu\u011funu belirten Tatar, K\u0131br\u0131s T\u00fcrk halk\u0131n\u0131n bu depremde tek y\u00fcrek oldu\u011funu ve m\u00fccadelesinde b\u00fcy\u00fck bir s\u0131nav verdi\u011fini kaydetti.<\/p>\n<p>Cumhurba\u015fkan\u0131 Tatar; liman\u0131, \u00fcniversiteleri ve turizmiyle Gazima\u011fusa\u2019n\u0131n \u00e7ok \u00f6nemli bir yerle\u015fim yeri oldu\u011funu vurgulad\u0131.<\/p>\n<p>Mara\u015f a\u00e7\u0131l\u0131m\u0131yla da Gazima\u011fusa\u2019n\u0131n bamba\u015fka bir boyut kazand\u0131\u011f\u0131n\u0131 belirten Tatar, Gazima\u011fusa Belediye Ba\u015fkan\u0131 Ulu\u00e7ay\u2019\u0131n b\u00f6lgeye \u00e7ok b\u00fcy\u00fck katk\u0131lar\u0131n\u0131n oldu\u011funu s\u00f6yledi.<\/p>\n<p>\u00c7e\u015fitli projelerle Gazima\u011fusa\u2019daki refah\u0131n ve s\u00fcrd\u00fcr\u00fclebilir bir ya\u015fam\u0131n hayat bulmas\u0131 i\u00e7in \u00e7al\u0131\u015fmalar\u0131n devam etti\u011fini ifade eden Tatar, emek veren t\u00fcm belediye \u00e7al\u0131\u015fanlar\u0131na ba\u015far\u0131lar diledi.<\/p>\n<p>Cumhurba\u015fkan\u0131 olarak her zaman ve her yerde deste\u011fini s\u00fcrd\u00fcrmeye devam etti\u011fini belirten Tatar,  Gazima\u011fusa gibi \u00f6nemli bir kente destek vermenin ve birlikte \u00e7al\u0131\u015fabilmenin \u00f6nemli oldu\u011funu s\u00f6yledi.<\/p>\n<p>Gazima\u011fusa Belediye Ba\u015fkan\u0131 S\u00fcleyman Ulu\u00e7ay da, Cumhurba\u015fkan\u0131\u2019n\u0131n milletin birli\u011fini temsil etti\u011fini belirterek, Gazima\u011fusa halk\u0131n\u0131n ya\u015fad\u0131\u011f\u0131 k\u00f6t\u00fc olayda Cumhurba\u015fkan\u0131 Ersin Tatar\u2019\u0131n her zaman yanlar\u0131nda ve en b\u00fcy\u00fck destek\u00e7ilerinden oldu\u011funu vurgulad\u0131.<\/p>\n<p>Ulu\u00e7ay, ya\u015fan\u0131lan \u00fcz\u00fcnt\u00fcn\u00fcn unutulmayaca\u011f\u0131n\u0131 belirterek, Cumhurba\u015fkan\u0131\u2019n\u0131n \u0130sias davas\u0131nda g\u00f6sterdi\u011fi \u00f6zverinin teselli niteli\u011finde oldu\u011funu kaydetti ve te\u015fekk\u00fcrlerini sundu.<\/p>\n<\/p><\/div>\n<p><script async\n                    defer\n                    crossorigin=\"anonymous\"\n                    src=\"https:\/\/connect.facebook.net\/tr_TR\/sdk.js#xfbml=1&#038;version=v3.3\"\n            ><\/script><br \/>\n<br \/><br \/>\n<br \/><a href=\"https:\/\/brtk.net\/cumhurbaskani-tatar-gazimagusa-belediye-baskani-ulucayi-kabul-etti-2\/\">Kaynak BRT <\/a><\/p>\n","protected":false},"excerpt":{"rendered":"<p>Cumhurba\u015fkan\u0131 Ersin Tatar, Gazima\u011fusa Belediye Ba\u015fkan\u0131 S\u00fcleyman Ulu\u00e7ay\u2019\u0131 kabul ederek g\u00f6r\u00fc\u015ft\u00fc. Cumhurba\u015fkanl\u0131\u011f\u0131\u2019ndan verilen bilgiye g\u00f6re Tatar, kabulde yapt\u0131\u011f\u0131 konu\u015fmada, 6 \u015eubat\u2019ta T\u00fcrkiye\u2019de meydana gelen depremde yak\u0131nlar\u0131n\u0131 kaybeden Gazima\u011fusa Belediye Ba\u015fkan\u0131 S\u00fcleyman Ulu\u00e7ay\u2019\u0131n o zor s\u00fcre\u00e7te, bizzat deprem b\u00f6lgesine giderek ac\u0131l\u0131 ailelerin yan\u0131nda oldu\u011funu ve \u00e7al\u0131\u015fmalara katk\u0131da bulundu\u011funu s\u00f6yleyerek, kendisine te\u015fekk\u00fcr etti. Deprem felaketinde hayat\u0131n\u0131 kaybeden [&hellip;]<\/p>\n","protected":false},"author":908,"featured_media":14555,"comment_status":"open","ping_status":"open","sticky":false,"template":"","format":"standard","meta":{"_jetpack_memberships_contains_paid_content":false,"footnotes":"","jetpack_publicize_message":"","jetpack_publicize_feature_enabled":true,"jetpack_social_post_already_shared":true,"jetpack_social_options":{"image_generator_settings":{"template":"highway","default_image_id":0,"font":"","enabled":false},"version":2}},"categories":[253],"tags":[],"class_list":["post-14553","post","type-post","status-publish","format-standard","has-post-thumbnail","hentry","category-gundem"],"jetpack_publicize_connections":[],"jetpack_featured_media_url":"https:\/\/kibrisayna.com\/wp-content\/uploads\/2024\/12\/1734712236170Cumhurbaskani-Ersin-Tatar-Gazimagusa-Belediye-Baskani-Suleyman-Ulucayi-kabul-etti-2-scaled.jpeg","jetpack_sharing_enabled":true,"_links":{"self":[{"href":"https:\/\/kibrisayna.com\/index.php\/wp-json\/wp\/v2\/posts\/14553","targetHints":{"allow":["GET"]}}],"collection":[{"href":"https:\/\/kibrisayna.com\/index.php\/wp-json\/wp\/v2\/posts"}],"about":[{"href":"https:\/\/kibrisayna.com\/index.php\/wp-json\/wp\/v2\/types\/post"}],"author":[{"embeddable":true,"href":"https:\/\/kibrisayna.com\/index.php\/wp-json\/wp\/v2\/users\/908"}],"replies":[{"embeddable":true,"href":"https:\/\/kibrisayna.com\/index.php\/wp-json\/wp\/v2\/comments?post=14553"}],"version-history":[{"count":0,"href":"https:\/\/kibrisayna.com\/index.php\/wp-json\/wp\/v2\/posts\/14553\/revisions"}],"wp:featuredmedia":[{"embeddable":true,"href":"https:\/\/kibrisayna.com\/index.php\/wp-json\/wp\/v2\/media\/14555"}],"wp:attachment":[{"href":"https:\/\/kibrisayna.com\/index.php\/wp-json\/wp\/v2\/media?parent=14553"}],"wp:term":[{"taxonomy":"category","embeddable":true,"href":"https:\/\/kibrisayna.com\/index.php\/wp-json\/wp\/v2\/categories?post=14553"},{"taxonomy":"post_tag","embeddable":true,"href":"https:\/\/kibrisayna.com\/index.php\/wp-json\/wp\/v2\/tags?post=14553"}],"curies":[{"name":"wp","href":"https:\/\/api.w.org\/{rel}","templated":true}]}}