{"id":14547,"date":"2024-12-20T20:23:50","date_gmt":"2024-12-20T17:23:50","guid":{"rendered":"https:\/\/kibrisayna.com\/index.php\/2024\/12\/20\/isiasortakdavamiz-esendaglidavamiz-sonuclanma-asamasinda-kritik-bir-asamadadir-brtk\/"},"modified":"2024-12-20T20:23:50","modified_gmt":"2024-12-20T17:23:50","slug":"isiasortakdavamiz-esendaglidavamiz-sonuclanma-asamasinda-kritik-bir-asamadadir-brtk","status":"publish","type":"post","link":"https:\/\/kibrisayna.com\/index.php\/2024\/12\/20\/isiasortakdavamiz-esendaglidavamiz-sonuclanma-asamasinda-kritik-bir-asamadadir-brtk\/","title":{"rendered":"#isiasortakdavam\u0131z Esenda\u011fl\u0131:Davam\u0131z sonu\u00e7lanma a\u015famas\u0131nda kritik bir a\u015famadad\u0131r \u2013 BRTK"},"content":{"rendered":"<p> <br \/>\n<\/p>\n<div>\n<div class=\"mariselle-image-container center\">\n                <img loading=\"lazy\" decoding=\"async\" width=\"705\" height=\"406\" class=\"lazy-image\" alt=\"\" sizes=\"auto, (max-width: 705px) 100vw, 705px\" src=\"https:\/\/brtk.net\/wp-content\/uploads\/2024\/12\/20\/esendagli-isias.jpg?ver=09673432535203f1997c54ca74f32e17\" srcset=\"https:\/\/brtk.net\/wp-content\/uploads\/2024\/12\/20\/esendagli-isias.jpg?ver=09673432535203f1997c54ca74f32e17 705w, https:\/\/brtk.net\/wp-content\/uploads\/2024\/12\/20\/esendagli-isias-300x173.jpg?ver=c5e22e49a45139d5a9e16f8c71e9fee1 300w\"\/>                            <\/div>\n<p>\u015eampiyon Melekleri Ya\u015fatma Derne\u011fi taraf\u0131ndan Gazima\u011fusa Nam\u0131k Kemal Meydan\u0131\u2019nda \u201cAdalet \u0130\u00e7in Ses Ver\u201d etkinli\u011fi d\u00fczenlendi.<\/p>\n<p>Etkinlikte konu\u015fan  Barolar Birli\u011fi Ba\u015fkan\u0131 Hasan Esenda\u011fl\u0131, \u0130sias Otel davas\u0131n\u0131n kritik bir a\u015famada oldu\u011funu s\u00f6yledi.<\/p>\n<p>2 y\u0131ld\u0131r adalet i\u00e7in b\u00fcy\u00fck bir m\u00fccadele verildi\u011fini belirten Esenda\u011fl\u0131, \u201cDavam\u0131z sonu\u00e7lanma a\u015famas\u0131nda kritik bir a\u015famadad\u0131r. 2 g\u00fcnl\u00fck yo\u011fun ve stresli bir duru\u015fma program\u0131 bizi bekliyor. Neticenin vicdanlar\u0131 rahatlatacak bir sonu\u00e7 olmas\u0131 i\u00e7in m\u00fccadele veriyoruz\u201d ifadelerini kulland\u0131.<\/p>\n<\/p><\/div>\n<p><script async\n                    defer\n                    crossorigin=\"anonymous\"\n                    src=\"https:\/\/connect.facebook.net\/tr_TR\/sdk.js#xfbml=1&#038;version=v3.3\"\n            ><\/script><br \/>\n<br \/><br \/>\n<br \/><a href=\"https:\/\/brtk.net\/isiasortakdavamiz-esendaglidavamiz-sonuclanma-asamasinda-kritik-bir-asamadadir\/\">Kaynak BRT <\/a><\/p>\n","protected":false},"excerpt":{"rendered":"<p>\u015eampiyon Melekleri Ya\u015fatma Derne\u011fi taraf\u0131ndan Gazima\u011fusa Nam\u0131k Kemal Meydan\u0131\u2019nda \u201cAdalet \u0130\u00e7in Ses Ver\u201d etkinli\u011fi d\u00fczenlendi. Etkinlikte konu\u015fan Barolar Birli\u011fi Ba\u015fkan\u0131 Hasan Esenda\u011fl\u0131, \u0130sias Otel davas\u0131n\u0131n kritik bir a\u015famada oldu\u011funu s\u00f6yledi. 2 y\u0131ld\u0131r adalet i\u00e7in b\u00fcy\u00fck bir m\u00fccadele verildi\u011fini belirten Esenda\u011fl\u0131, \u201cDavam\u0131z sonu\u00e7lanma a\u015famas\u0131nda kritik bir a\u015famadad\u0131r. 2 g\u00fcnl\u00fck yo\u011fun ve stresli bir duru\u015fma program\u0131 bizi [&hellip;]<\/p>\n","protected":false},"author":908,"featured_media":14548,"comment_status":"open","ping_status":"open","sticky":false,"template":"","format":"standard","meta":{"_jetpack_memberships_contains_paid_content":false,"footnotes":"","jetpack_publicize_message":"","jetpack_publicize_feature_enabled":true,"jetpack_social_post_already_shared":true,"jetpack_social_options":{"image_generator_settings":{"template":"highway","default_image_id":0,"font":"","enabled":false},"version":2}},"categories":[253],"tags":[],"class_list":["post-14547","post","type-post","status-publish","format-standard","has-post-thumbnail","hentry","category-gundem"],"jetpack_publicize_connections":[],"jetpack_featured_media_url":"https:\/\/kibrisayna.com\/wp-content\/uploads\/2024\/12\/esendagli-isias.jpg","jetpack_sharing_enabled":true,"_links":{"self":[{"href":"https:\/\/kibrisayna.com\/index.php\/wp-json\/wp\/v2\/posts\/14547","targetHints":{"allow":["GET"]}}],"collection":[{"href":"https:\/\/kibrisayna.com\/index.php\/wp-json\/wp\/v2\/posts"}],"about":[{"href":"https:\/\/kibrisayna.com\/index.php\/wp-json\/wp\/v2\/types\/post"}],"author":[{"embeddable":true,"href":"https:\/\/kibrisayna.com\/index.php\/wp-json\/wp\/v2\/users\/908"}],"replies":[{"embeddable":true,"href":"https:\/\/kibrisayna.com\/index.php\/wp-json\/wp\/v2\/comments?post=14547"}],"version-history":[{"count":0,"href":"https:\/\/kibrisayna.com\/index.php\/wp-json\/wp\/v2\/posts\/14547\/revisions"}],"wp:featuredmedia":[{"embeddable":true,"href":"https:\/\/kibrisayna.com\/index.php\/wp-json\/wp\/v2\/media\/14548"}],"wp:attachment":[{"href":"https:\/\/kibrisayna.com\/index.php\/wp-json\/wp\/v2\/media?parent=14547"}],"wp:term":[{"taxonomy":"category","embeddable":true,"href":"https:\/\/kibrisayna.com\/index.php\/wp-json\/wp\/v2\/categories?post=14547"},{"taxonomy":"post_tag","embeddable":true,"href":"https:\/\/kibrisayna.com\/index.php\/wp-json\/wp\/v2\/tags?post=14547"}],"curies":[{"name":"wp","href":"https:\/\/api.w.org\/{rel}","templated":true}]}}