{"id":14545,"date":"2024-12-20T20:17:43","date_gmt":"2024-12-20T17:17:43","guid":{"rendered":"https:\/\/kibrisayna.com\/index.php\/2024\/12\/20\/isiasortakdavamiz-erhurmaneninde-sonunda-adalet-yerini-bulacaktir-buna-yurekten-inaniyorum-brtk\/"},"modified":"2024-12-20T20:17:43","modified_gmt":"2024-12-20T17:17:43","slug":"isiasortakdavamiz-erhurmaneninde-sonunda-adalet-yerini-bulacaktir-buna-yurekten-inaniyorum-brtk","status":"publish","type":"post","link":"https:\/\/kibrisayna.com\/index.php\/2024\/12\/20\/isiasortakdavamiz-erhurmaneninde-sonunda-adalet-yerini-bulacaktir-buna-yurekten-inaniyorum-brtk\/","title":{"rendered":"#isiasortakdavam\u0131z Erh\u00fcrman:Eninde sonunda adalet yerini bulacakt\u0131r buna y\u00fcrekten inan\u0131yorum \u2013 BRTK"},"content":{"rendered":"<p> <br \/>\n<\/p>\n<div>\n<div class=\"mariselle-image-container center\">\n                <img loading=\"lazy\" decoding=\"async\" width=\"1024\" height=\"610\" class=\"lazy-image\" alt=\"\" sizes=\"auto, (max-width: 1024px) 100vw, 1024px\" src=\"https:\/\/brtk.net\/wp-content\/uploads\/2024\/12\/20\/asda.jpeg?ver=ac32b8b6c51f45eb9bade8375c715342\" srcset=\"https:\/\/brtk.net\/wp-content\/uploads\/2024\/12\/20\/asda.jpeg?ver=ac32b8b6c51f45eb9bade8375c715342 1024w, https:\/\/brtk.net\/wp-content\/uploads\/2024\/12\/20\/asda-300x179.jpeg?ver=e0137581191caa7464277f4a779fac52 300w, https:\/\/brtk.net\/wp-content\/uploads\/2024\/12\/20\/asda-768x458.jpeg?ver=e0137581191caa7464277f4a779fac52 768w\"\/>                            <\/div>\n<p>\u015eampiyon Melekleri Ya\u015fatma Derne\u011fi taraf\u0131ndan Gazima\u011fusa Nam\u0131k Kemal Meydan\u0131\u2019nda \u201cAdalet \u0130\u00e7in Ses Ver\u201d etkinli\u011fi d\u00fczenlendi.<\/p>\n<p>Etkinlikte konu\u015fan Ana Muhalefet CTP Ba\u015fkan\u0131 Tufan Erh\u00fcrman \u201cBu ac\u0131 i\u00e7imizden hi\u00e7bir zaman gitmeyecek. Bu adalet m\u00fccadelesi sonuna kadar ta\u015f\u0131nacak. \u00c7ocuklar\u0131m\u0131zla, ailelerimizle her zaman gurur duyuyoruz. Koca y\u00fcrekli m\u00fccadeleci ailelerle ayni havay\u0131 almaktan gurur duyuyorum. Eninde sonunda adalet yerini bulacakt\u0131r buna y\u00fcrekten inan\u0131yorum\u201d dedi.<\/p>\n<\/p><\/div>\n<p><script async\n                    defer\n                    crossorigin=\"anonymous\"\n                    src=\"https:\/\/connect.facebook.net\/tr_TR\/sdk.js#xfbml=1&#038;version=v3.3\"\n            ><\/script><br \/>\n<br \/><br \/>\n<br \/><a href=\"https:\/\/brtk.net\/isiasortakdavamiz-erhurmaneninde-sonunda-adalet-yerini-bulacaktir-buna-yurekten-inaniyorum\/\">Kaynak BRT <\/a><\/p>\n","protected":false},"excerpt":{"rendered":"<p>\u015eampiyon Melekleri Ya\u015fatma Derne\u011fi taraf\u0131ndan Gazima\u011fusa Nam\u0131k Kemal Meydan\u0131\u2019nda \u201cAdalet \u0130\u00e7in Ses Ver\u201d etkinli\u011fi d\u00fczenlendi. Etkinlikte konu\u015fan Ana Muhalefet CTP Ba\u015fkan\u0131 Tufan Erh\u00fcrman \u201cBu ac\u0131 i\u00e7imizden hi\u00e7bir zaman gitmeyecek. Bu adalet m\u00fccadelesi sonuna kadar ta\u015f\u0131nacak. \u00c7ocuklar\u0131m\u0131zla, ailelerimizle her zaman gurur duyuyoruz. Koca y\u00fcrekli m\u00fccadeleci ailelerle ayni havay\u0131 almaktan gurur duyuyorum. Eninde sonunda adalet yerini bulacakt\u0131r [&hellip;]<\/p>\n","protected":false},"author":908,"featured_media":14546,"comment_status":"open","ping_status":"open","sticky":false,"template":"","format":"standard","meta":{"_jetpack_memberships_contains_paid_content":false,"footnotes":"","jetpack_publicize_message":"","jetpack_publicize_feature_enabled":true,"jetpack_social_post_already_shared":true,"jetpack_social_options":{"image_generator_settings":{"template":"highway","default_image_id":0,"font":"","enabled":false},"version":2}},"categories":[253],"tags":[],"class_list":["post-14545","post","type-post","status-publish","format-standard","has-post-thumbnail","hentry","category-gundem"],"jetpack_publicize_connections":[],"jetpack_featured_media_url":"https:\/\/kibrisayna.com\/wp-content\/uploads\/2024\/12\/asda.jpeg","jetpack_sharing_enabled":true,"_links":{"self":[{"href":"https:\/\/kibrisayna.com\/index.php\/wp-json\/wp\/v2\/posts\/14545","targetHints":{"allow":["GET"]}}],"collection":[{"href":"https:\/\/kibrisayna.com\/index.php\/wp-json\/wp\/v2\/posts"}],"about":[{"href":"https:\/\/kibrisayna.com\/index.php\/wp-json\/wp\/v2\/types\/post"}],"author":[{"embeddable":true,"href":"https:\/\/kibrisayna.com\/index.php\/wp-json\/wp\/v2\/users\/908"}],"replies":[{"embeddable":true,"href":"https:\/\/kibrisayna.com\/index.php\/wp-json\/wp\/v2\/comments?post=14545"}],"version-history":[{"count":0,"href":"https:\/\/kibrisayna.com\/index.php\/wp-json\/wp\/v2\/posts\/14545\/revisions"}],"wp:featuredmedia":[{"embeddable":true,"href":"https:\/\/kibrisayna.com\/index.php\/wp-json\/wp\/v2\/media\/14546"}],"wp:attachment":[{"href":"https:\/\/kibrisayna.com\/index.php\/wp-json\/wp\/v2\/media?parent=14545"}],"wp:term":[{"taxonomy":"category","embeddable":true,"href":"https:\/\/kibrisayna.com\/index.php\/wp-json\/wp\/v2\/categories?post=14545"},{"taxonomy":"post_tag","embeddable":true,"href":"https:\/\/kibrisayna.com\/index.php\/wp-json\/wp\/v2\/tags?post=14545"}],"curies":[{"name":"wp","href":"https:\/\/api.w.org\/{rel}","templated":true}]}}