{"id":14543,"date":"2024-12-20T20:07:28","date_gmt":"2024-12-20T17:07:28","guid":{"rendered":"https:\/\/kibrisayna.com\/index.php\/2024\/12\/20\/isiasortakdavamiz-kibris-turk-halki-gazimagusada-tek-yurek-brtk\/"},"modified":"2024-12-20T20:07:28","modified_gmt":"2024-12-20T17:07:28","slug":"isiasortakdavamiz-kibris-turk-halki-gazimagusada-tek-yurek-brtk","status":"publish","type":"post","link":"https:\/\/kibrisayna.com\/index.php\/2024\/12\/20\/isiasortakdavamiz-kibris-turk-halki-gazimagusada-tek-yurek-brtk\/","title":{"rendered":"#isiasortakdavam\u0131z K\u0131br\u0131s T\u00fcrk halk\u0131 Gazima\u011fusa\u2019da tek y\u00fcrek \u2013 BRTK"},"content":{"rendered":"<p> <br \/>\n<\/p>\n<div>\n<div class=\"mariselle-image-container center\">\n                <img loading=\"lazy\" decoding=\"async\" width=\"971\" height=\"551\" class=\"lazy-image\" alt=\"\" sizes=\"auto, (max-width: 971px) 100vw, 971px\" src=\"https:\/\/brtk.net\/wp-content\/uploads\/2024\/12\/20\/asldjla.jpg?ver=63f2800feb1bf4e3da512afd0475b579\" srcset=\"https:\/\/brtk.net\/wp-content\/uploads\/2024\/12\/20\/asldjla.jpg?ver=63f2800feb1bf4e3da512afd0475b579 971w, https:\/\/brtk.net\/wp-content\/uploads\/2024\/12\/20\/asldjla-300x170.jpg?ver=9f493d0251c29558d3a7f572eab7b052 300w, https:\/\/brtk.net\/wp-content\/uploads\/2024\/12\/20\/asldjla-768x436.jpg?ver=9f493d0251c29558d3a7f572eab7b052 768w\"\/>                            <\/div>\n<p>\u015eampiyon Melekleri Ya\u015fatma Derne\u011fi, Gazima\u011fusa Nam\u0131k Kemal Meydan\u0131\u2019nda \u201cAdalet \u0130\u00e7in Ses Ver\u201d etkinli\u011fi ger\u00e7ekle\u015fiyor.<\/p>\n<p>Adalet i\u00e7in \u2018Tek Y\u00fcrek, Tek Ses\u2019 olmak ad\u0131na halk Gazima\u011fusa\u2019da Nam\u0131k Kemal Meydan\u0131\u2019nda topland\u0131.<\/p>\n<p>Pankartlar ve me\u015falelerle \u2018\u015eampiyon Melekler\u2019imizin hakk\u0131 aran\u0131yor.<\/p>\n<p>Etkinli\u011fe Cumhurba\u015fkan\u0131 Ersin Tatar, Ba\u015fbakan \u00dcnal \u00dcstel, Ba\u015fbakan Yard\u0131mc\u0131s\u0131 Fikri Atao\u011flu ve \u0130\u00e7i\u015fleri Bakan\u0131 Dursun O\u011fuz da kat\u0131ld\u0131.<\/p>\n<\/p><\/div>\n<p><script async\n                    defer\n                    crossorigin=\"anonymous\"\n                    src=\"https:\/\/connect.facebook.net\/tr_TR\/sdk.js#xfbml=1&#038;version=v3.3\"\n            ><\/script><br \/>\n<br \/><br \/>\n<br \/><a href=\"https:\/\/brtk.net\/isiasortakdavamiz-kibris-turk-halki-gazimagusada-tek-yurek\/\">Kaynak BRT <\/a><\/p>\n","protected":false},"excerpt":{"rendered":"<p>\u015eampiyon Melekleri Ya\u015fatma Derne\u011fi, Gazima\u011fusa Nam\u0131k Kemal Meydan\u0131\u2019nda \u201cAdalet \u0130\u00e7in Ses Ver\u201d etkinli\u011fi ger\u00e7ekle\u015fiyor. Adalet i\u00e7in \u2018Tek Y\u00fcrek, Tek Ses\u2019 olmak ad\u0131na halk Gazima\u011fusa\u2019da Nam\u0131k Kemal Meydan\u0131\u2019nda topland\u0131. Pankartlar ve me\u015falelerle \u2018\u015eampiyon Melekler\u2019imizin hakk\u0131 aran\u0131yor. Etkinli\u011fe Cumhurba\u015fkan\u0131 Ersin Tatar, Ba\u015fbakan \u00dcnal \u00dcstel, Ba\u015fbakan Yard\u0131mc\u0131s\u0131 Fikri Atao\u011flu ve \u0130\u00e7i\u015fleri Bakan\u0131 Dursun O\u011fuz da kat\u0131ld\u0131. Kaynak BRT<\/p>\n","protected":false},"author":908,"featured_media":14544,"comment_status":"open","ping_status":"open","sticky":false,"template":"","format":"standard","meta":{"_jetpack_memberships_contains_paid_content":false,"footnotes":"","jetpack_publicize_message":"","jetpack_publicize_feature_enabled":true,"jetpack_social_post_already_shared":true,"jetpack_social_options":{"image_generator_settings":{"template":"highway","default_image_id":0,"font":"","enabled":false},"version":2}},"categories":[253],"tags":[],"class_list":["post-14543","post","type-post","status-publish","format-standard","has-post-thumbnail","hentry","category-gundem"],"jetpack_publicize_connections":[],"jetpack_featured_media_url":"https:\/\/kibrisayna.com\/wp-content\/uploads\/2024\/12\/asldjla.jpg","jetpack_sharing_enabled":true,"_links":{"self":[{"href":"https:\/\/kibrisayna.com\/index.php\/wp-json\/wp\/v2\/posts\/14543","targetHints":{"allow":["GET"]}}],"collection":[{"href":"https:\/\/kibrisayna.com\/index.php\/wp-json\/wp\/v2\/posts"}],"about":[{"href":"https:\/\/kibrisayna.com\/index.php\/wp-json\/wp\/v2\/types\/post"}],"author":[{"embeddable":true,"href":"https:\/\/kibrisayna.com\/index.php\/wp-json\/wp\/v2\/users\/908"}],"replies":[{"embeddable":true,"href":"https:\/\/kibrisayna.com\/index.php\/wp-json\/wp\/v2\/comments?post=14543"}],"version-history":[{"count":0,"href":"https:\/\/kibrisayna.com\/index.php\/wp-json\/wp\/v2\/posts\/14543\/revisions"}],"wp:featuredmedia":[{"embeddable":true,"href":"https:\/\/kibrisayna.com\/index.php\/wp-json\/wp\/v2\/media\/14544"}],"wp:attachment":[{"href":"https:\/\/kibrisayna.com\/index.php\/wp-json\/wp\/v2\/media?parent=14543"}],"wp:term":[{"taxonomy":"category","embeddable":true,"href":"https:\/\/kibrisayna.com\/index.php\/wp-json\/wp\/v2\/categories?post=14543"},{"taxonomy":"post_tag","embeddable":true,"href":"https:\/\/kibrisayna.com\/index.php\/wp-json\/wp\/v2\/tags?post=14543"}],"curies":[{"name":"wp","href":"https:\/\/api.w.org\/{rel}","templated":true}]}}