{"id":14492,"date":"2024-12-20T14:53:35","date_gmt":"2024-12-20T11:53:35","guid":{"rendered":"https:\/\/kibrisayna.com\/index.php\/2024\/12\/20\/arikli-taekwondoculari-kabul-etti-brtk\/"},"modified":"2024-12-20T14:53:35","modified_gmt":"2024-12-20T11:53:35","slug":"arikli-taekwondoculari-kabul-etti-brtk","status":"publish","type":"post","link":"https:\/\/kibrisayna.com\/index.php\/2024\/12\/20\/arikli-taekwondoculari-kabul-etti-brtk\/","title":{"rendered":"Ar\u0131kl\u0131, Taekwondocular\u0131 kabul etti \u2013 BRTK"},"content":{"rendered":"<p> <br \/>\n<\/p>\n<div>\n<div class=\"mariselle-image-container center\">\n                <img loading=\"lazy\" decoding=\"async\" width=\"1600\" height=\"719\" class=\"lazy-image\" alt=\"\" sizes=\"auto, (max-width: 1600px) 100vw, 1600px\" src=\"https:\/\/brtk.net\/wp-content\/uploads\/2024\/12\/20\/ARIKLI.jpeg?ver=84c57ed55bf5191aa416f60d0f2644f5\" srcset=\"https:\/\/brtk.net\/wp-content\/uploads\/2024\/12\/20\/ARIKLI.jpeg?ver=84c57ed55bf5191aa416f60d0f2644f5 1600w, https:\/\/brtk.net\/wp-content\/uploads\/2024\/12\/20\/ARIKLI-300x135.jpeg?ver=84c57ed55bf5191aa416f60d0f2644f5 300w, https:\/\/brtk.net\/wp-content\/uploads\/2024\/12\/20\/ARIKLI-1024x460.jpeg?ver=f2b3bd9e878b50eafc98b7547ba5b697 1024w, https:\/\/brtk.net\/wp-content\/uploads\/2024\/12\/20\/ARIKLI-768x345.jpeg?ver=f2b3bd9e878b50eafc98b7547ba5b697 768w, https:\/\/brtk.net\/wp-content\/uploads\/2024\/12\/20\/ARIKLI-1536x690.jpeg?ver=f2b3bd9e878b50eafc98b7547ba5b697 1536w\"\/>                            <\/div>\n<p>Uluslararas\u0131 Tekvando M\u00fcsabakalar\u0131nda toplam 11 alt\u0131n 3 g\u00fcm\u00fc\u015f madalya ile genel klasmanda tak\u0131m olarak ikinci, gen\u00e7ler kategorisinde de \u015fampiyon olan KKTC Taekwondo Milli Tak\u0131m\u0131\u2019n\u0131 kabul etti.<\/p>\n<p>Bay\u0131nd\u0131rl\u0131k ve Ula\u015ft\u0131rma Bakan\u0131 Ar\u0131kl\u0131, ev sahibi G\u00fcney Afrika, Kanada, Amerika Birle\u015fik Devletleri, Zimbabve, Etiyopya ve Mozambik\u2019ten 120 civar\u0131nda sporcunun kat\u0131ld\u0131\u011f\u0131 turnuvada, elde edilen ba\u015far\u0131lar\u0131n yan\u0131nda KKTC <\/p>\n<p>Milli Tak\u0131m\u0131\u2019n\u0131n turnuvan\u0131n en iyi tak\u0131m\u0131 se\u00e7ildi\u011fini, bundan dolay\u0131 olduk\u00e7a mutlu ve gururlu oldu\u011funu ifade etti.<\/p>\n<\/p><\/div>\n<p><script async\n                    defer\n                    crossorigin=\"anonymous\"\n                    src=\"https:\/\/connect.facebook.net\/tr_TR\/sdk.js#xfbml=1&#038;version=v3.3\"\n            ><\/script><br \/>\n<br \/><br \/>\n<br \/><a href=\"https:\/\/brtk.net\/arikli-taekwondoculari-kabul-etti\/\">Kaynak BRT <\/a><\/p>\n","protected":false},"excerpt":{"rendered":"<p>Uluslararas\u0131 Tekvando M\u00fcsabakalar\u0131nda toplam 11 alt\u0131n 3 g\u00fcm\u00fc\u015f madalya ile genel klasmanda tak\u0131m olarak ikinci, gen\u00e7ler kategorisinde de \u015fampiyon olan KKTC Taekwondo Milli Tak\u0131m\u0131\u2019n\u0131 kabul etti. Bay\u0131nd\u0131rl\u0131k ve Ula\u015ft\u0131rma Bakan\u0131 Ar\u0131kl\u0131, ev sahibi G\u00fcney Afrika, Kanada, Amerika Birle\u015fik Devletleri, Zimbabve, Etiyopya ve Mozambik\u2019ten 120 civar\u0131nda sporcunun kat\u0131ld\u0131\u011f\u0131 turnuvada, elde edilen ba\u015far\u0131lar\u0131n yan\u0131nda KKTC Milli Tak\u0131m\u0131\u2019n\u0131n [&hellip;]<\/p>\n","protected":false},"author":908,"featured_media":14493,"comment_status":"open","ping_status":"open","sticky":false,"template":"","format":"standard","meta":{"_jetpack_memberships_contains_paid_content":false,"footnotes":"","jetpack_publicize_message":"","jetpack_publicize_feature_enabled":true,"jetpack_social_post_already_shared":true,"jetpack_social_options":{"image_generator_settings":{"template":"highway","default_image_id":0,"font":"","enabled":false},"version":2}},"categories":[9],"tags":[],"class_list":["post-14492","post","type-post","status-publish","format-standard","has-post-thumbnail","hentry","category-spor"],"jetpack_publicize_connections":[],"jetpack_featured_media_url":"https:\/\/kibrisayna.com\/wp-content\/uploads\/2024\/12\/ARIKLI.jpeg","jetpack_sharing_enabled":true,"_links":{"self":[{"href":"https:\/\/kibrisayna.com\/index.php\/wp-json\/wp\/v2\/posts\/14492","targetHints":{"allow":["GET"]}}],"collection":[{"href":"https:\/\/kibrisayna.com\/index.php\/wp-json\/wp\/v2\/posts"}],"about":[{"href":"https:\/\/kibrisayna.com\/index.php\/wp-json\/wp\/v2\/types\/post"}],"author":[{"embeddable":true,"href":"https:\/\/kibrisayna.com\/index.php\/wp-json\/wp\/v2\/users\/908"}],"replies":[{"embeddable":true,"href":"https:\/\/kibrisayna.com\/index.php\/wp-json\/wp\/v2\/comments?post=14492"}],"version-history":[{"count":0,"href":"https:\/\/kibrisayna.com\/index.php\/wp-json\/wp\/v2\/posts\/14492\/revisions"}],"wp:featuredmedia":[{"embeddable":true,"href":"https:\/\/kibrisayna.com\/index.php\/wp-json\/wp\/v2\/media\/14493"}],"wp:attachment":[{"href":"https:\/\/kibrisayna.com\/index.php\/wp-json\/wp\/v2\/media?parent=14492"}],"wp:term":[{"taxonomy":"category","embeddable":true,"href":"https:\/\/kibrisayna.com\/index.php\/wp-json\/wp\/v2\/categories?post=14492"},{"taxonomy":"post_tag","embeddable":true,"href":"https:\/\/kibrisayna.com\/index.php\/wp-json\/wp\/v2\/tags?post=14492"}],"curies":[{"name":"wp","href":"https:\/\/api.w.org\/{rel}","templated":true}]}}