{"id":14490,"date":"2024-12-20T14:47:59","date_gmt":"2024-12-20T11:47:59","guid":{"rendered":"https:\/\/kibrisayna.com\/index.php\/2024\/12\/20\/2024-ab-arastirmaci-gazetecilik-odulleri-verildi-brtk\/"},"modified":"2024-12-20T14:47:59","modified_gmt":"2024-12-20T11:47:59","slug":"2024-ab-arastirmaci-gazetecilik-odulleri-verildi-brtk","status":"publish","type":"post","link":"https:\/\/kibrisayna.com\/index.php\/2024\/12\/20\/2024-ab-arastirmaci-gazetecilik-odulleri-verildi-brtk\/","title":{"rendered":"2024 AB Ara\u015ft\u0131rmac\u0131 Gazetecilik \u00d6d\u00fclleri verildi \u2013 BRTK"},"content":{"rendered":"<p> <br \/>\n<\/p>\n<div>\n<div class=\"mariselle-image-container center\">\n                <img loading=\"lazy\" decoding=\"async\" width=\"2560\" height=\"1707\" class=\"lazy-image\" alt=\"\" sizes=\"auto, (max-width: 2560px) 100vw, 2560px\" src=\"https:\/\/brtk.net\/wp-content\/uploads\/2024\/12\/20\/1734689778983AB-BILGI-MERKEZI2-scaled.jpg?ver=1d01d10b6fffe190e92ea9d7949212c1\" srcset=\"https:\/\/brtk.net\/wp-content\/uploads\/2024\/12\/20\/1734689778983AB-BILGI-MERKEZI2-scaled.jpg?ver=1d01d10b6fffe190e92ea9d7949212c1 2560w, https:\/\/brtk.net\/wp-content\/uploads\/2024\/12\/20\/1734689778983AB-BILGI-MERKEZI2-300x200.jpg?ver=1d01d10b6fffe190e92ea9d7949212c1 300w, https:\/\/brtk.net\/wp-content\/uploads\/2024\/12\/20\/1734689778983AB-BILGI-MERKEZI2-1024x683.jpg?ver=ed9f3daf54a1e69a8c2a70f381664efe 1024w, https:\/\/brtk.net\/wp-content\/uploads\/2024\/12\/20\/1734689778983AB-BILGI-MERKEZI2-768x512.jpg?ver=0482f84959b5ca46f8f419de00a1d17b 768w, https:\/\/brtk.net\/wp-content\/uploads\/2024\/12\/20\/1734689778983AB-BILGI-MERKEZI2-1536x1024.jpg?ver=4fec256917ccced8c7c9dcb5e5bd5192 1536w, https:\/\/brtk.net\/wp-content\/uploads\/2024\/12\/20\/1734689778983AB-BILGI-MERKEZI2-2048x1366.jpg?ver=dd22fb4d095e7aee23dad8914df3d2ef 2048w\"\/>                            <\/div>\n<p>AB Bilgi Merkezi\u2019nin, Avrupa Birli\u011fi deste\u011fiyle ve K\u0131br\u0131s T\u00fcrk Gazeteciler Birli\u011fi (KTGB) ile i\u015f birli\u011finde d\u00fczenledi\u011fi \u201c2024 AB Ara\u015ft\u0131rmac\u0131 Gazetecilik \u00d6d\u00fclleri\u201d d\u00fcn ak\u015fam sahiplerini buldu.<\/p>\n<p>AB Bilgi Merkezi\u2019nden yap\u0131lan a\u00e7\u0131klamaya g\u00f6re yar\u0131\u015fman\u0131n birincilik \u00f6d\u00fcl\u00fcn\u00fc, trafik kazalar\u0131na dair ara\u015ft\u0131rma dizisi haz\u0131rlayan Ramazan \u00c7elikel ve Samet Karako\u00e7 kazan\u0131rken; ikincilik \u00f6d\u00fcl\u00fc, \u00e7al\u0131\u015fma izinlerindeki yolsuzluklar\u0131 konu alan ara\u015ft\u0131rma dizisiyle Ay\u015femden Ak\u0131n\u2019a verildi. \u00dc\u00e7\u00fcnc\u00fcl\u00fck \u00f6d\u00fcl\u00fcn\u00fc ise ayn\u0131 konuda haz\u0131rlad\u0131\u011f\u0131 ara\u015ft\u0131rma dizisiyle P\u0131nar Barut ald\u0131.<\/p>\n<p>KTGB tesislerindeki etkinli\u011fe, bas\u0131n mensuplar\u0131 ve di\u011fer payda\u015flar kat\u0131ld\u0131. T\u00f6renin a\u00e7\u0131l\u0131\u015f konu\u015fmalar\u0131n\u0131 Avrupa Komisyonu K\u0131br\u0131s \u00c7\u00f6z\u00fcm Destek Birimi \u0130\u015f Birli\u011fi M\u00fcd\u00fcr\u00fc Stefan Simosas ile K\u0131br\u0131s T\u00fcrk Gazeteciler Birli\u011fi Ba\u015fkan\u0131 Efdal Keser yapt\u0131.<\/p>\n<p>Simosas konu\u015fmas\u0131nda, \u201cAvrupa Birli\u011fi, bas\u0131n ve ifade \u00f6zg\u00fcrl\u00fc\u011f\u00fcn\u00fcn sadece demokratik bir toplumun temel ta\u015f\u0131 de\u011fil, ayn\u0131 zamanda toplumu bilin\u00e7lendirme, \u015feffafl\u0131k sa\u011flama ve vatanda\u015flar\u0131n haklar\u0131n\u0131 koruma a\u00e7\u0131s\u0131ndan kritik bir \u00f6neme sahip oldu\u011funa inanmaktad\u0131r\u201d dedi.<\/p>\n<p>KTGB Ba\u015fkan\u0131 Efdal Keser de konu\u015fmas\u0131nda, d\u00fcnyada gazetecili\u011fin her ge\u00e7en g\u00fcn biraz daha zorla\u015ft\u0131\u011f\u0131na i\u015faret ederek \u201c\u00d6zellikle sava\u015flar\u0131n ya\u015fand\u0131\u011f\u0131 g\u00fcn\u00fcm\u00fczde gazetecili\u011fin ne kadar zor bir meslek oldu\u011fu bir kez daha idrak ediliyor.\u201d dedi.<\/p>\n<p>Keser, \u00fclkede ise bas\u0131n, ifade ve d\u00fc\u015f\u00fcnce \u00f6zg\u00fcrl\u00fc\u011f\u00fcn\u00fcn anayasan\u0131n korumas\u0131 alt\u0131nda olmas\u0131na ra\u011fmen gazetecilerin polise \u00e7a\u011fr\u0131larak veya mahkemeye verilerek bask\u0131 alt\u0131na al\u0131nmaya \u00e7al\u0131\u015f\u0131ld\u0131\u011f\u0131n\u0131 s\u00f6yledi. Keser, bas\u0131n, ifade ve d\u00fc\u015f\u00fcnce \u00f6zg\u00fcrl\u00fc\u011f\u00fcn\u00fcn korunmas\u0131 i\u00e7in birlikte m\u00fccadele edeceklerini vurgulayarak yar\u0131\u015fmaya kat\u0131lan t\u00fcm meslekta\u015flar\u0131n\u0131 kutlad\u0131. <\/p>\n<p>2024 AB Ara\u015ft\u0131rmac\u0131 Gazetecilik Yar\u0131\u015fmas\u0131, K\u0131br\u0131s T\u00fcrk toplumunda ara\u015ft\u0131rmac\u0131 gazetecili\u011fin standartlar\u0131n\u0131 y\u00fckseltmek ve bu alandaki \u00e7al\u0131\u015fmalar\u0131n g\u00f6r\u00fcn\u00fcrl\u00fc\u011f\u00fc ile etkisini art\u0131rmak amac\u0131yla d\u00fczenlendi.<\/p>\n<p>Yar\u0131\u015fmaya, K\u0131br\u0131s T\u00fcrk toplumunda bas\u0131l\u0131, \u00e7evrimi\u00e7i, radyo ve televizyon platformlar\u0131nda faaliyet g\u00f6steren sar\u0131 bas\u0131n kart\u0131 sahibi gazeteciler kat\u0131ld\u0131. Ba\u015fvurular\u0131n K\u0131br\u0131s T\u00fcrk medyas\u0131nda T\u00fcrk\u00e7e olarak, 1 Ocak-1 Aral\u0131k 2024 tarihleri aras\u0131nda yay\u0131mlanm\u0131\u015f olmas\u0131 \u015fart\u0131 arand\u0131.<\/p>\n<p>Ba\u015fvurular, ifade \u00f6zg\u00fcrl\u00fc\u011f\u00fc, hukukun \u00fcst\u00fcnl\u00fc\u011f\u00fc, \u015feffafl\u0131k, temel haklar, toplumsal cinsiyet e\u015fitli\u011fi, \u00e7evre koruma ve yolsuzlukla m\u00fccadele gibi alanlarda fark\u0131ndal\u0131k yaratmay\u0131 hedefleyen; derinlemesine ara\u015ft\u0131rma ve \u00f6zg\u00fcn bak\u0131\u015f a\u00e7\u0131lar\u0131 sunan eserlerden olu\u015ftu.<\/p>\n<p>Kat\u0131l\u0131mc\u0131 gazetecilerin \u00e7al\u0131\u015fmalar\u0131, j\u00fcri taraf\u0131ndan ara\u015ft\u0131rman\u0131n uygunlu\u011fu ve kalitesi, tarafs\u0131zl\u0131k, \u00f6zg\u00fcnl\u00fck, gazetecinin adanm\u0131\u015fl\u0131\u011f\u0131, etik b\u00fct\u00fcnl\u00fck ve eserin etkisi kriterlerine g\u00f6re de\u011ferlendirildi.<\/p>\n<p>Yar\u0131\u015fman\u0131n gelecek y\u0131llarda da d\u00fczenlenmesi planlan\u0131yor.<\/p>\n<\/p><\/div>\n<p><script async\n                    defer\n                    crossorigin=\"anonymous\"\n                    src=\"https:\/\/connect.facebook.net\/tr_TR\/sdk.js#xfbml=1&#038;version=v3.3\"\n            ><\/script><br \/>\n<br \/><br \/>\n<br \/><a href=\"https:\/\/brtk.net\/2024-ab-arastirmaci-gazetecilik-odulleri-verildi\/\">Kaynak BRT <\/a><\/p>\n","protected":false},"excerpt":{"rendered":"<p>AB Bilgi Merkezi\u2019nin, Avrupa Birli\u011fi deste\u011fiyle ve K\u0131br\u0131s T\u00fcrk Gazeteciler Birli\u011fi (KTGB) ile i\u015f birli\u011finde d\u00fczenledi\u011fi \u201c2024 AB Ara\u015ft\u0131rmac\u0131 Gazetecilik \u00d6d\u00fclleri\u201d d\u00fcn ak\u015fam sahiplerini buldu. AB Bilgi Merkezi\u2019nden yap\u0131lan a\u00e7\u0131klamaya g\u00f6re yar\u0131\u015fman\u0131n birincilik \u00f6d\u00fcl\u00fcn\u00fc, trafik kazalar\u0131na dair ara\u015ft\u0131rma dizisi haz\u0131rlayan Ramazan \u00c7elikel ve Samet Karako\u00e7 kazan\u0131rken; ikincilik \u00f6d\u00fcl\u00fc, \u00e7al\u0131\u015fma izinlerindeki yolsuzluklar\u0131 konu alan ara\u015ft\u0131rma dizisiyle [&hellip;]<\/p>\n","protected":false},"author":908,"featured_media":14491,"comment_status":"open","ping_status":"open","sticky":false,"template":"","format":"standard","meta":{"_jetpack_memberships_contains_paid_content":false,"footnotes":"","jetpack_publicize_message":"","jetpack_publicize_feature_enabled":true,"jetpack_social_post_already_shared":true,"jetpack_social_options":{"image_generator_settings":{"template":"highway","default_image_id":0,"font":"","enabled":false},"version":2}},"categories":[253],"tags":[],"class_list":["post-14490","post","type-post","status-publish","format-standard","has-post-thumbnail","hentry","category-gundem"],"jetpack_publicize_connections":[],"jetpack_featured_media_url":"https:\/\/kibrisayna.com\/wp-content\/uploads\/2024\/12\/1734689778983AB-BILGI-MERKEZI2-scaled.jpg","jetpack_sharing_enabled":true,"_links":{"self":[{"href":"https:\/\/kibrisayna.com\/index.php\/wp-json\/wp\/v2\/posts\/14490","targetHints":{"allow":["GET"]}}],"collection":[{"href":"https:\/\/kibrisayna.com\/index.php\/wp-json\/wp\/v2\/posts"}],"about":[{"href":"https:\/\/kibrisayna.com\/index.php\/wp-json\/wp\/v2\/types\/post"}],"author":[{"embeddable":true,"href":"https:\/\/kibrisayna.com\/index.php\/wp-json\/wp\/v2\/users\/908"}],"replies":[{"embeddable":true,"href":"https:\/\/kibrisayna.com\/index.php\/wp-json\/wp\/v2\/comments?post=14490"}],"version-history":[{"count":0,"href":"https:\/\/kibrisayna.com\/index.php\/wp-json\/wp\/v2\/posts\/14490\/revisions"}],"wp:featuredmedia":[{"embeddable":true,"href":"https:\/\/kibrisayna.com\/index.php\/wp-json\/wp\/v2\/media\/14491"}],"wp:attachment":[{"href":"https:\/\/kibrisayna.com\/index.php\/wp-json\/wp\/v2\/media?parent=14490"}],"wp:term":[{"taxonomy":"category","embeddable":true,"href":"https:\/\/kibrisayna.com\/index.php\/wp-json\/wp\/v2\/categories?post=14490"},{"taxonomy":"post_tag","embeddable":true,"href":"https:\/\/kibrisayna.com\/index.php\/wp-json\/wp\/v2\/tags?post=14490"}],"curies":[{"name":"wp","href":"https:\/\/api.w.org\/{rel}","templated":true}]}}