{"id":14488,"date":"2024-12-20T14:41:07","date_gmt":"2024-12-20T11:41:07","guid":{"rendered":"https:\/\/kibrisayna.com\/index.php\/2024\/12\/20\/ataoglu-kktc-taekwondo-milli-takimini-kabul-etti-brtk\/"},"modified":"2024-12-20T14:41:07","modified_gmt":"2024-12-20T11:41:07","slug":"ataoglu-kktc-taekwondo-milli-takimini-kabul-etti-brtk","status":"publish","type":"post","link":"https:\/\/kibrisayna.com\/index.php\/2024\/12\/20\/ataoglu-kktc-taekwondo-milli-takimini-kabul-etti-brtk\/","title":{"rendered":"Atao\u011flu, KKTC Taekwondo Milli Tak\u0131m\u0131\u2019n\u0131 kabul etti \u2013 BRTK"},"content":{"rendered":"<p> <br \/>\n<\/p>\n<div>\n<div class=\"mariselle-image-container center\">\n                <img loading=\"lazy\" decoding=\"async\" width=\"2560\" height=\"1711\" class=\"lazy-image\" alt=\"\" sizes=\"auto, (max-width: 2560px) 100vw, 2560px\" src=\"https:\/\/brtk.net\/wp-content\/uploads\/2024\/12\/20\/1734689246033ATAOGLU-TEKVANDOCULAR2-scaled.jpg?ver=dd6e49126997c6a63840155b4db0bd38\" srcset=\"https:\/\/brtk.net\/wp-content\/uploads\/2024\/12\/20\/1734689246033ATAOGLU-TEKVANDOCULAR2-scaled.jpg?ver=dd6e49126997c6a63840155b4db0bd38 2560w, https:\/\/brtk.net\/wp-content\/uploads\/2024\/12\/20\/1734689246033ATAOGLU-TEKVANDOCULAR2-300x201.jpg?ver=dd6e49126997c6a63840155b4db0bd38 300w, https:\/\/brtk.net\/wp-content\/uploads\/2024\/12\/20\/1734689246033ATAOGLU-TEKVANDOCULAR2-1024x684.jpg?ver=22f85652d305801377ec72400ef88bcf 1024w, https:\/\/brtk.net\/wp-content\/uploads\/2024\/12\/20\/1734689246033ATAOGLU-TEKVANDOCULAR2-768x513.jpg?ver=39505a7d04aae0de356ddddac0966074 768w, https:\/\/brtk.net\/wp-content\/uploads\/2024\/12\/20\/1734689246033ATAOGLU-TEKVANDOCULAR2-1536x1027.jpg?ver=db5211319b8c64fb20553487a2a2badf 1536w, https:\/\/brtk.net\/wp-content\/uploads\/2024\/12\/20\/1734689246033ATAOGLU-TEKVANDOCULAR2-2048x1369.jpg?ver=bf69a3d0fcb7a93d915a2a5a635b0f75 2048w\"\/>                            <\/div>\n<p>Ba\u015fbakan Yard\u0131mc\u0131s\u0131, Turizm K\u00fclt\u00fcr Gen\u00e7lik ve \u00c7evre Bakan\u0131 Fikri Atao\u011flu, G\u00fcney Afrika\u2019da yap\u0131lan Park Jung Tae Uluslararas\u0131 Tekvando M\u00fcsabakalar\u0131\u2019nda genel klasmanda ikinci, gen\u00e7ler kategorisinde ise \u015fampiyonluk elde eden KKTC Taekwondo Milli Tak\u0131m\u0131\u2019n\u0131 kabul etti.<\/p>\n<p>Yap\u0131lan a\u00e7\u0131klamaya g\u00f6re, Atao\u011flu, sergiledikleri \u00fcst\u00fcn performanstan \u00f6t\u00fcr\u00fc KKTC Taekwondo Milli Tak\u0131m\u0131\u2019n\u0131 kutlad\u0131, gen\u00e7lerinin bu ba\u015far\u0131lar\u0131ndan \u00f6t\u00fcr\u00fc gurur duyduklar\u0131n\u0131 belirtti.<\/p>\n<p>Atao\u011flu, KKTC Taekwondo Karate Judo Aikido Federasyon Ba\u015fkan\u0131 Ey\u00fcp Zafer G\u00f6kbilen\u2019e de b\u00f6ylesi gen\u00e7leri yeti\u015ftirdi\u011fi i\u00e7in te\u015fekk\u00fcr ederken, yeni ba\u015far\u0131lar\u0131n da devam\u0131n\u0131 diledi.<\/p>\n<\/p><\/div>\n<p><script async\n                    defer\n                    crossorigin=\"anonymous\"\n                    src=\"https:\/\/connect.facebook.net\/tr_TR\/sdk.js#xfbml=1&#038;version=v3.3\"\n            ><\/script><br \/>\n<br \/><br \/>\n<br \/><a href=\"https:\/\/brtk.net\/ataoglu-kktc-taekwondo-milli-takimini-kabul-etti\/\">Kaynak BRT <\/a><\/p>\n","protected":false},"excerpt":{"rendered":"<p>Ba\u015fbakan Yard\u0131mc\u0131s\u0131, Turizm K\u00fclt\u00fcr Gen\u00e7lik ve \u00c7evre Bakan\u0131 Fikri Atao\u011flu, G\u00fcney Afrika\u2019da yap\u0131lan Park Jung Tae Uluslararas\u0131 Tekvando M\u00fcsabakalar\u0131\u2019nda genel klasmanda ikinci, gen\u00e7ler kategorisinde ise \u015fampiyonluk elde eden KKTC Taekwondo Milli Tak\u0131m\u0131\u2019n\u0131 kabul etti. Yap\u0131lan a\u00e7\u0131klamaya g\u00f6re, Atao\u011flu, sergiledikleri \u00fcst\u00fcn performanstan \u00f6t\u00fcr\u00fc KKTC Taekwondo Milli Tak\u0131m\u0131\u2019n\u0131 kutlad\u0131, gen\u00e7lerinin bu ba\u015far\u0131lar\u0131ndan \u00f6t\u00fcr\u00fc gurur duyduklar\u0131n\u0131 belirtti. Atao\u011flu, [&hellip;]<\/p>\n","protected":false},"author":908,"featured_media":14489,"comment_status":"open","ping_status":"open","sticky":false,"template":"","format":"standard","meta":{"_jetpack_memberships_contains_paid_content":false,"footnotes":"","jetpack_publicize_message":"","jetpack_publicize_feature_enabled":true,"jetpack_social_post_already_shared":true,"jetpack_social_options":{"image_generator_settings":{"template":"highway","default_image_id":0,"font":"","enabled":false},"version":2}},"categories":[253],"tags":[],"class_list":["post-14488","post","type-post","status-publish","format-standard","has-post-thumbnail","hentry","category-gundem"],"jetpack_publicize_connections":[],"jetpack_featured_media_url":"https:\/\/kibrisayna.com\/wp-content\/uploads\/2024\/12\/1734689246033ATAOGLU-TEKVANDOCULAR2-scaled.jpg","jetpack_sharing_enabled":true,"_links":{"self":[{"href":"https:\/\/kibrisayna.com\/index.php\/wp-json\/wp\/v2\/posts\/14488","targetHints":{"allow":["GET"]}}],"collection":[{"href":"https:\/\/kibrisayna.com\/index.php\/wp-json\/wp\/v2\/posts"}],"about":[{"href":"https:\/\/kibrisayna.com\/index.php\/wp-json\/wp\/v2\/types\/post"}],"author":[{"embeddable":true,"href":"https:\/\/kibrisayna.com\/index.php\/wp-json\/wp\/v2\/users\/908"}],"replies":[{"embeddable":true,"href":"https:\/\/kibrisayna.com\/index.php\/wp-json\/wp\/v2\/comments?post=14488"}],"version-history":[{"count":0,"href":"https:\/\/kibrisayna.com\/index.php\/wp-json\/wp\/v2\/posts\/14488\/revisions"}],"wp:featuredmedia":[{"embeddable":true,"href":"https:\/\/kibrisayna.com\/index.php\/wp-json\/wp\/v2\/media\/14489"}],"wp:attachment":[{"href":"https:\/\/kibrisayna.com\/index.php\/wp-json\/wp\/v2\/media?parent=14488"}],"wp:term":[{"taxonomy":"category","embeddable":true,"href":"https:\/\/kibrisayna.com\/index.php\/wp-json\/wp\/v2\/categories?post=14488"},{"taxonomy":"post_tag","embeddable":true,"href":"https:\/\/kibrisayna.com\/index.php\/wp-json\/wp\/v2\/tags?post=14488"}],"curies":[{"name":"wp","href":"https:\/\/api.w.org\/{rel}","templated":true}]}}