{"id":14479,"date":"2024-12-20T13:26:50","date_gmt":"2024-12-20T10:26:50","guid":{"rendered":"https:\/\/kibrisayna.com\/index.php\/2024\/12\/20\/cumhurbaskani-tatar-spor-yazari-raif-ozguren-icin-lefkosada-kabri-basinda-duzenlenen-anma-torenine-katildi-brtk\/"},"modified":"2024-12-20T13:26:50","modified_gmt":"2024-12-20T10:26:50","slug":"cumhurbaskani-tatar-spor-yazari-raif-ozguren-icin-lefkosada-kabri-basinda-duzenlenen-anma-torenine-katildi-brtk","status":"publish","type":"post","link":"https:\/\/kibrisayna.com\/index.php\/2024\/12\/20\/cumhurbaskani-tatar-spor-yazari-raif-ozguren-icin-lefkosada-kabri-basinda-duzenlenen-anma-torenine-katildi-brtk\/","title":{"rendered":"Cumhurba\u015fkan\u0131 Tatar, spor yazar\u0131 Raif \u00d6zg\u00fcren i\u00e7in Lefko\u015fa\u2019da kabri ba\u015f\u0131nda d\u00fczenlenen anma t\u00f6renine kat\u0131ld\u0131 \u2013 BRTK"},"content":{"rendered":"<p> <br \/>\n<\/p>\n<div>\n<div class=\"mariselle-image-container center\">\n                <img loading=\"lazy\" decoding=\"async\" width=\"1600\" height=\"1066\" class=\"lazy-image\" alt=\"\" sizes=\"auto, (max-width: 1600px) 100vw, 1600px\" src=\"https:\/\/brtk.net\/wp-content\/uploads\/2024\/12\/20\/1000308390.jpg?ver=822bad2e1adab3bd48174584bf4f6156\" srcset=\"https:\/\/brtk.net\/wp-content\/uploads\/2024\/12\/20\/1000308390.jpg?ver=822bad2e1adab3bd48174584bf4f6156 1600w, https:\/\/brtk.net\/wp-content\/uploads\/2024\/12\/20\/1000308390-300x200.jpg?ver=0f4e6040dc6ca52be5924a3481638f15 300w, https:\/\/brtk.net\/wp-content\/uploads\/2024\/12\/20\/1000308390-1024x682.jpg?ver=0f4e6040dc6ca52be5924a3481638f15 1024w, https:\/\/brtk.net\/wp-content\/uploads\/2024\/12\/20\/1000308390-768x512.jpg?ver=0def05f0d4eec69745a4ea185062f3eb 768w, https:\/\/brtk.net\/wp-content\/uploads\/2024\/12\/20\/1000308390-1536x1023.jpg?ver=0def05f0d4eec69745a4ea185062f3eb 1536w\"\/>                            <\/div>\n<p>Cumhurba\u015fkan\u0131 Ersin Tatar, spor yazar\u0131 Raif \u00d6zg\u00fcren i\u00e7in Lefko\u015fa\u2019da kabri ba\u015f\u0131nda d\u00fczenlenen anma t\u00f6renine kat\u0131ld\u0131<\/p>\n<p>Cumhurba\u015fkan\u0131 Ersin Tatar, anma t\u00f6reninde yapt\u0131\u011f\u0131 konu\u015fmada, Raif \u00d6zg\u00fcren\u2019i \u00f6zellikle Yenicami kul\u00fcp ba\u015fkanl\u0131\u011f\u0131 d\u00f6neminde yak\u0131ndan tan\u0131d\u0131\u011f\u0131n\u0131 belirtti.<\/p>\n<p>Cumhurba\u015fkan\u0131 Tatar, \u201cRaif \u00d6zg\u00fcren, aktif, \u00e7al\u0131\u015fkan, halk\u0131na b\u00fcy\u00fck hizmetler vermi\u015f olan, K\u0131br\u0131s T\u00fcrk halk\u0131n\u0131n ya\u015fam m\u00fccadelesine yapt\u0131\u011f\u0131 \u00e7al\u0131\u015fmalarla b\u00fcy\u00fck katk\u0131 sa\u011flayan, \u00e7ok sevdi\u011fimiz, sayg\u0131 duydu\u011fumuz bir ki\u015fiydi. Geride b\u0131rakt\u0131\u011f\u0131 hizmetler ve g\u00fczelliklerle her zaman an\u0131lar\u0131m\u0131zda hat\u0131rlanacakt\u0131r. K\u0131br\u0131s T\u00fcrk gen\u00e7li\u011fine ve spora b\u00fcy\u00fck katk\u0131larda bulundu. Kendisini rahmetle an\u0131yorum\u201d ifadelerini kulland\u0131.<\/p>\n<\/p><\/div>\n<p><script async\n                    defer\n                    crossorigin=\"anonymous\"\n                    src=\"https:\/\/connect.facebook.net\/tr_TR\/sdk.js#xfbml=1&#038;version=v3.3\"\n            ><\/script><br \/>\n<br \/><br \/>\n<br \/><a href=\"https:\/\/brtk.net\/cumhurbaskani-tatar-spor-yazari-raif-ozguren-icin-lefkosada-kabri-basinda-duzenlenen-anma-torenine-katildi\/\">Kaynak BRT <\/a><\/p>\n","protected":false},"excerpt":{"rendered":"<p>Cumhurba\u015fkan\u0131 Ersin Tatar, spor yazar\u0131 Raif \u00d6zg\u00fcren i\u00e7in Lefko\u015fa\u2019da kabri ba\u015f\u0131nda d\u00fczenlenen anma t\u00f6renine kat\u0131ld\u0131 Cumhurba\u015fkan\u0131 Ersin Tatar, anma t\u00f6reninde yapt\u0131\u011f\u0131 konu\u015fmada, Raif \u00d6zg\u00fcren\u2019i \u00f6zellikle Yenicami kul\u00fcp ba\u015fkanl\u0131\u011f\u0131 d\u00f6neminde yak\u0131ndan tan\u0131d\u0131\u011f\u0131n\u0131 belirtti. Cumhurba\u015fkan\u0131 Tatar, \u201cRaif \u00d6zg\u00fcren, aktif, \u00e7al\u0131\u015fkan, halk\u0131na b\u00fcy\u00fck hizmetler vermi\u015f olan, K\u0131br\u0131s T\u00fcrk halk\u0131n\u0131n ya\u015fam m\u00fccadelesine yapt\u0131\u011f\u0131 \u00e7al\u0131\u015fmalarla b\u00fcy\u00fck katk\u0131 sa\u011flayan, \u00e7ok sevdi\u011fimiz, [&hellip;]<\/p>\n","protected":false},"author":908,"featured_media":14480,"comment_status":"open","ping_status":"open","sticky":false,"template":"","format":"standard","meta":{"_jetpack_memberships_contains_paid_content":false,"footnotes":"","jetpack_publicize_message":"","jetpack_publicize_feature_enabled":true,"jetpack_social_post_already_shared":true,"jetpack_social_options":{"image_generator_settings":{"template":"highway","default_image_id":0,"font":"","enabled":false},"version":2}},"categories":[253],"tags":[],"class_list":["post-14479","post","type-post","status-publish","format-standard","has-post-thumbnail","hentry","category-gundem"],"jetpack_publicize_connections":[],"jetpack_featured_media_url":"https:\/\/kibrisayna.com\/wp-content\/uploads\/2024\/12\/1000308390.jpg","jetpack_sharing_enabled":true,"_links":{"self":[{"href":"https:\/\/kibrisayna.com\/index.php\/wp-json\/wp\/v2\/posts\/14479","targetHints":{"allow":["GET"]}}],"collection":[{"href":"https:\/\/kibrisayna.com\/index.php\/wp-json\/wp\/v2\/posts"}],"about":[{"href":"https:\/\/kibrisayna.com\/index.php\/wp-json\/wp\/v2\/types\/post"}],"author":[{"embeddable":true,"href":"https:\/\/kibrisayna.com\/index.php\/wp-json\/wp\/v2\/users\/908"}],"replies":[{"embeddable":true,"href":"https:\/\/kibrisayna.com\/index.php\/wp-json\/wp\/v2\/comments?post=14479"}],"version-history":[{"count":0,"href":"https:\/\/kibrisayna.com\/index.php\/wp-json\/wp\/v2\/posts\/14479\/revisions"}],"wp:featuredmedia":[{"embeddable":true,"href":"https:\/\/kibrisayna.com\/index.php\/wp-json\/wp\/v2\/media\/14480"}],"wp:attachment":[{"href":"https:\/\/kibrisayna.com\/index.php\/wp-json\/wp\/v2\/media?parent=14479"}],"wp:term":[{"taxonomy":"category","embeddable":true,"href":"https:\/\/kibrisayna.com\/index.php\/wp-json\/wp\/v2\/categories?post=14479"},{"taxonomy":"post_tag","embeddable":true,"href":"https:\/\/kibrisayna.com\/index.php\/wp-json\/wp\/v2\/tags?post=14479"}],"curies":[{"name":"wp","href":"https:\/\/api.w.org\/{rel}","templated":true}]}}