{"id":14477,"date":"2024-12-20T13:20:43","date_gmt":"2024-12-20T10:20:43","guid":{"rendered":"https:\/\/kibrisayna.com\/index.php\/2024\/12\/20\/dipkarpaz-cevre-koruma-ve-sosyal-aktivite-dernegi-tarihi-yapilarin-turizm-amacli-genclere-verilmesi-gerektigini-belirtti-brtk\/"},"modified":"2024-12-20T13:20:43","modified_gmt":"2024-12-20T10:20:43","slug":"dipkarpaz-cevre-koruma-ve-sosyal-aktivite-dernegi-tarihi-yapilarin-turizm-amacli-genclere-verilmesi-gerektigini-belirtti-brtk","status":"publish","type":"post","link":"https:\/\/kibrisayna.com\/index.php\/2024\/12\/20\/dipkarpaz-cevre-koruma-ve-sosyal-aktivite-dernegi-tarihi-yapilarin-turizm-amacli-genclere-verilmesi-gerektigini-belirtti-brtk\/","title":{"rendered":"Dipkarpaz \u00c7evre Koruma ve Sosyal Aktivite Derne\u011fi, tarihi yap\u0131lar\u0131n turizm ama\u00e7l\u0131 gen\u00e7lere verilmesi gerekti\u011fini belirtti \u2013 BRTK"},"content":{"rendered":"<p> <br \/>\n<\/p>\n<div>\n<div class=\"mariselle-image-container center\">\n                <img loading=\"lazy\" decoding=\"async\" width=\"591\" height=\"327\" class=\"lazy-image\" alt=\"\" sizes=\"auto, (max-width: 591px) 100vw, 591px\" src=\"https:\/\/brtk.net\/wp-content\/uploads\/2024\/12\/20\/1734685001521Ekran-goruntusu-2024-12-20-105624.png?ver=d722cf9652b84b563aa40345b8517ad2\" srcset=\"https:\/\/brtk.net\/wp-content\/uploads\/2024\/12\/20\/1734685001521Ekran-goruntusu-2024-12-20-105624.png?ver=d722cf9652b84b563aa40345b8517ad2 591w, https:\/\/brtk.net\/wp-content\/uploads\/2024\/12\/20\/1734685001521Ekran-goruntusu-2024-12-20-105624-300x166.png?ver=eaa703aa9f0c8250590bd62aab96099c 300w\"\/>                            <\/div>\n<p>Dipkarpaz \u00c7evre Koruma ve Sosyal Aktivite Derne\u011fi, Karpaz b\u00f6lgesinde bulunan tarihi yap\u0131lar\u0131n, turizm alan\u0131nda kullan\u0131lmak \u00fczere b\u00f6lge gen\u00e7li\u011fine verilmesini istedi. Dernek, gen\u00e7lerin i\u015fsizli\u011finin \u00f6n\u00fcne ge\u00e7ilmemesi halinde g\u00f6\u00e7\u00fcn ka\u00e7\u0131n\u0131lmaz olaca\u011f\u0131 uyar\u0131s\u0131nda bulundu.<\/p>\n<p>Dernek Ba\u015fkan\u0131 F\u0131rat Borak yapt\u0131\u011f\u0131 yaz\u0131l\u0131 a\u00e7\u0131klamada, Karpaz b\u00f6lgesindeki eski ve tarihi yap\u0131lar\u0131n turizm ve tar\u0131m \u00fcretim alanlar\u0131nda kullan\u0131lmak \u015fart\u0131yla b\u00f6lge gen\u00e7lerine verilmesi, bunun i\u00e7in ayr\u0131ca te\u015fvik sistemi getirilmesini istedi.<\/p>\n<p>Eko turizm alan\u0131nda geli\u015fen b\u00f6lgede eski yap\u0131lar\u0131n turizme kazand\u0131r\u0131lmas\u0131n\u0131n \u00f6nemli oldu\u011funu belirten Borak, \u201cTarihi yap\u0131lar\u0131n betonarme yap\u0131lara \u00e7evrilmesi ve farkl\u0131 ama\u00e7larda kullan\u0131larak do\u011fal yap\u0131lar\u0131ndan uzakla\u015ft\u0131r\u0131lmas\u0131 b\u00f6lge zenginliklerinin yok olmas\u0131na sebep olmaktad\u0131r\u201d dedi.<\/p>\n<p>B\u00f6lge i\u00e7in ekonomik planlamalar\u0131n yap\u0131lmas\u0131 gerekti\u011fini belirten Borak, \u201cB\u00f6lge gen\u00e7lerinin ekonomik anlamda kalk\u0131nmas\u0131n\u0131 sa\u011flayacak kalk\u0131nma planlar\u0131 olu\u015fturularak, i\u015fsizli\u011fin \u00f6n\u00fcne ge\u00e7ilmesi gerekmektedir. Aksi durumda g\u00f6\u00e7 ka\u00e7\u0131n\u0131lmazd\u0131r.\u201d de\u011ferlendirmesinde bulundu.<\/p>\n<\/p><\/div>\n<p><script async\n                    defer\n                    crossorigin=\"anonymous\"\n                    src=\"https:\/\/connect.facebook.net\/tr_TR\/sdk.js#xfbml=1&#038;version=v3.3\"\n            ><\/script><br \/>\n<br \/><br \/>\n<br \/><a href=\"https:\/\/brtk.net\/dipkarpaz-cevre-koruma-ve-sosyal-aktivite-dernegi-tarihi-yapilarin-turizm-amacli-genclere-verilmesi-gerektigini-belirtti\/\">Kaynak BRT <\/a><\/p>\n","protected":false},"excerpt":{"rendered":"<p>Dipkarpaz \u00c7evre Koruma ve Sosyal Aktivite Derne\u011fi, Karpaz b\u00f6lgesinde bulunan tarihi yap\u0131lar\u0131n, turizm alan\u0131nda kullan\u0131lmak \u00fczere b\u00f6lge gen\u00e7li\u011fine verilmesini istedi. Dernek, gen\u00e7lerin i\u015fsizli\u011finin \u00f6n\u00fcne ge\u00e7ilmemesi halinde g\u00f6\u00e7\u00fcn ka\u00e7\u0131n\u0131lmaz olaca\u011f\u0131 uyar\u0131s\u0131nda bulundu. Dernek Ba\u015fkan\u0131 F\u0131rat Borak yapt\u0131\u011f\u0131 yaz\u0131l\u0131 a\u00e7\u0131klamada, Karpaz b\u00f6lgesindeki eski ve tarihi yap\u0131lar\u0131n turizm ve tar\u0131m \u00fcretim alanlar\u0131nda kullan\u0131lmak \u015fart\u0131yla b\u00f6lge gen\u00e7lerine verilmesi, bunun [&hellip;]<\/p>\n","protected":false},"author":908,"featured_media":14478,"comment_status":"open","ping_status":"open","sticky":false,"template":"","format":"standard","meta":{"_jetpack_memberships_contains_paid_content":false,"footnotes":"","jetpack_publicize_message":"","jetpack_publicize_feature_enabled":true,"jetpack_social_post_already_shared":true,"jetpack_social_options":{"image_generator_settings":{"template":"highway","default_image_id":0,"font":"","enabled":false},"version":2}},"categories":[253],"tags":[],"class_list":["post-14477","post","type-post","status-publish","format-standard","has-post-thumbnail","hentry","category-gundem"],"jetpack_publicize_connections":[],"jetpack_featured_media_url":"https:\/\/kibrisayna.com\/wp-content\/uploads\/2024\/12\/1734685001521Ekran-goruntusu-2024-12-20-105624.png","jetpack_sharing_enabled":true,"_links":{"self":[{"href":"https:\/\/kibrisayna.com\/index.php\/wp-json\/wp\/v2\/posts\/14477","targetHints":{"allow":["GET"]}}],"collection":[{"href":"https:\/\/kibrisayna.com\/index.php\/wp-json\/wp\/v2\/posts"}],"about":[{"href":"https:\/\/kibrisayna.com\/index.php\/wp-json\/wp\/v2\/types\/post"}],"author":[{"embeddable":true,"href":"https:\/\/kibrisayna.com\/index.php\/wp-json\/wp\/v2\/users\/908"}],"replies":[{"embeddable":true,"href":"https:\/\/kibrisayna.com\/index.php\/wp-json\/wp\/v2\/comments?post=14477"}],"version-history":[{"count":0,"href":"https:\/\/kibrisayna.com\/index.php\/wp-json\/wp\/v2\/posts\/14477\/revisions"}],"wp:featuredmedia":[{"embeddable":true,"href":"https:\/\/kibrisayna.com\/index.php\/wp-json\/wp\/v2\/media\/14478"}],"wp:attachment":[{"href":"https:\/\/kibrisayna.com\/index.php\/wp-json\/wp\/v2\/media?parent=14477"}],"wp:term":[{"taxonomy":"category","embeddable":true,"href":"https:\/\/kibrisayna.com\/index.php\/wp-json\/wp\/v2\/categories?post=14477"},{"taxonomy":"post_tag","embeddable":true,"href":"https:\/\/kibrisayna.com\/index.php\/wp-json\/wp\/v2\/tags?post=14477"}],"curies":[{"name":"wp","href":"https:\/\/api.w.org\/{rel}","templated":true}]}}