{"id":14475,"date":"2024-12-20T13:16:04","date_gmt":"2024-12-20T10:16:04","guid":{"rendered":"https:\/\/kibrisayna.com\/index.php\/2024\/12\/20\/raif-ozguren-kabri-basinda-anildi-brtk\/"},"modified":"2024-12-20T13:16:04","modified_gmt":"2024-12-20T10:16:04","slug":"raif-ozguren-kabri-basinda-anildi-brtk","status":"publish","type":"post","link":"https:\/\/kibrisayna.com\/index.php\/2024\/12\/20\/raif-ozguren-kabri-basinda-anildi-brtk\/","title":{"rendered":"Raif \u00d6zg\u00fcren kabri ba\u015f\u0131nda an\u0131ld\u0131 \u2013 BRTK"},"content":{"rendered":"<p> <br \/>\n<\/p>\n<div>\n<div class=\"mariselle-image-container center\">\n                <img loading=\"lazy\" decoding=\"async\" width=\"2048\" height=\"1536\" class=\"lazy-image\" alt=\"\" sizes=\"auto, (max-width: 2048px) 100vw, 2048px\" src=\"https:\/\/brtk.net\/wp-content\/uploads\/2024\/12\/20\/RAIF-OZGUREN-1.jpg?ver=930ce7380f296896c22c8c5715402b4b\" srcset=\"https:\/\/brtk.net\/wp-content\/uploads\/2024\/12\/20\/RAIF-OZGUREN-1.jpg?ver=930ce7380f296896c22c8c5715402b4b 2048w, https:\/\/brtk.net\/wp-content\/uploads\/2024\/12\/20\/RAIF-OZGUREN-1-300x225.jpg?ver=930ce7380f296896c22c8c5715402b4b 300w, https:\/\/brtk.net\/wp-content\/uploads\/2024\/12\/20\/RAIF-OZGUREN-1-1024x768.jpg?ver=f2836f4e81d76a4d27744f43583053b9 1024w, https:\/\/brtk.net\/wp-content\/uploads\/2024\/12\/20\/RAIF-OZGUREN-1-768x576.jpg?ver=f2836f4e81d76a4d27744f43583053b9 768w, https:\/\/brtk.net\/wp-content\/uploads\/2024\/12\/20\/RAIF-OZGUREN-1-1536x1152.jpg?ver=73afc56e7c3358fca14771ec2e935895 1536w\"\/>                            <\/div>\n<p>BRT Spor Servisi eski \u00e7al\u0131\u015fanlar\u0131ndan Raif \u00d6zg\u00fcren \u00f6l\u00fcm\u00fc\u00fcn 6.y\u0131l\u0131nda kabri ba\u015f\u0131nda an\u0131ld\u0131.<\/p>\n<p>2018 y\u0131l\u0131nda vefat eden K\u0131br\u0131s T\u00fcrk Spor Yazarlar\u0131 Derne\u011fi\u2019nin  y\u00f6netimlerinde g\u00f6rev alan, Bayrak Radyo Televizyon Kurumu\u2019na uzun y\u0131llar hizmet veren, bir\u00e7ok gazetede g\u00f6rev yapm\u0131\u015f bir isim olan Raif \u00d6zg\u00fcren i\u00e7in anma t\u00f6reni, bu sabah Lefko\u015fa Kabristanl\u0131\u011f\u0131ndaki kabri ba\u015f\u0131nda d\u00fczenlendi.<\/p>\n<p>Anma t\u00f6renine Cumhurba\u015fkan\u0131 Ersin Tatar, K\u0131br\u0131s T\u00fcrk Spor Yazarlar\u0131 Derne\u011fi Ba\u015fkan\u0131 Necati \u00d6zsoy, spor yazarlar\u0131 ailesi ve sevenleri kat\u0131ld\u0131.<\/p>\n<\/p><\/div>\n<p><script async\n                    defer\n                    crossorigin=\"anonymous\"\n                    src=\"https:\/\/connect.facebook.net\/tr_TR\/sdk.js#xfbml=1&#038;version=v3.3\"\n            ><\/script><br \/>\n<br \/><br \/>\n<br \/><a href=\"https:\/\/brtk.net\/raif-ozguren-kabri-basinda-anildi\/\">Kaynak BRT <\/a><\/p>\n","protected":false},"excerpt":{"rendered":"<p>BRT Spor Servisi eski \u00e7al\u0131\u015fanlar\u0131ndan Raif \u00d6zg\u00fcren \u00f6l\u00fcm\u00fc\u00fcn 6.y\u0131l\u0131nda kabri ba\u015f\u0131nda an\u0131ld\u0131. 2018 y\u0131l\u0131nda vefat eden K\u0131br\u0131s T\u00fcrk Spor Yazarlar\u0131 Derne\u011fi\u2019nin y\u00f6netimlerinde g\u00f6rev alan, Bayrak Radyo Televizyon Kurumu\u2019na uzun y\u0131llar hizmet veren, bir\u00e7ok gazetede g\u00f6rev yapm\u0131\u015f bir isim olan Raif \u00d6zg\u00fcren i\u00e7in anma t\u00f6reni, bu sabah Lefko\u015fa Kabristanl\u0131\u011f\u0131ndaki kabri ba\u015f\u0131nda d\u00fczenlendi. Anma t\u00f6renine Cumhurba\u015fkan\u0131 Ersin [&hellip;]<\/p>\n","protected":false},"author":908,"featured_media":14476,"comment_status":"open","ping_status":"open","sticky":false,"template":"","format":"standard","meta":{"_jetpack_memberships_contains_paid_content":false,"footnotes":"","jetpack_publicize_message":"","jetpack_publicize_feature_enabled":true,"jetpack_social_post_already_shared":true,"jetpack_social_options":{"image_generator_settings":{"template":"highway","default_image_id":0,"font":"","enabled":false},"version":2}},"categories":[9],"tags":[],"class_list":["post-14475","post","type-post","status-publish","format-standard","has-post-thumbnail","hentry","category-spor"],"jetpack_publicize_connections":[],"jetpack_featured_media_url":"https:\/\/kibrisayna.com\/wp-content\/uploads\/2024\/12\/RAIF-OZGUREN-1.jpg","jetpack_sharing_enabled":true,"_links":{"self":[{"href":"https:\/\/kibrisayna.com\/index.php\/wp-json\/wp\/v2\/posts\/14475","targetHints":{"allow":["GET"]}}],"collection":[{"href":"https:\/\/kibrisayna.com\/index.php\/wp-json\/wp\/v2\/posts"}],"about":[{"href":"https:\/\/kibrisayna.com\/index.php\/wp-json\/wp\/v2\/types\/post"}],"author":[{"embeddable":true,"href":"https:\/\/kibrisayna.com\/index.php\/wp-json\/wp\/v2\/users\/908"}],"replies":[{"embeddable":true,"href":"https:\/\/kibrisayna.com\/index.php\/wp-json\/wp\/v2\/comments?post=14475"}],"version-history":[{"count":0,"href":"https:\/\/kibrisayna.com\/index.php\/wp-json\/wp\/v2\/posts\/14475\/revisions"}],"wp:featuredmedia":[{"embeddable":true,"href":"https:\/\/kibrisayna.com\/index.php\/wp-json\/wp\/v2\/media\/14476"}],"wp:attachment":[{"href":"https:\/\/kibrisayna.com\/index.php\/wp-json\/wp\/v2\/media?parent=14475"}],"wp:term":[{"taxonomy":"category","embeddable":true,"href":"https:\/\/kibrisayna.com\/index.php\/wp-json\/wp\/v2\/categories?post=14475"},{"taxonomy":"post_tag","embeddable":true,"href":"https:\/\/kibrisayna.com\/index.php\/wp-json\/wp\/v2\/tags?post=14475"}],"curies":[{"name":"wp","href":"https:\/\/api.w.org\/{rel}","templated":true}]}}