{"id":14473,"date":"2024-12-20T13:13:57","date_gmt":"2024-12-20T10:13:57","guid":{"rendered":"https:\/\/kibrisayna.com\/index.php\/2024\/12\/20\/multeci-haklari-derneginden-20-aralik-uluslararasi-insan-dayanisma-gunu-mesaji-brtk\/"},"modified":"2024-12-20T13:13:57","modified_gmt":"2024-12-20T10:13:57","slug":"multeci-haklari-derneginden-20-aralik-uluslararasi-insan-dayanisma-gunu-mesaji-brtk","status":"publish","type":"post","link":"https:\/\/kibrisayna.com\/index.php\/2024\/12\/20\/multeci-haklari-derneginden-20-aralik-uluslararasi-insan-dayanisma-gunu-mesaji-brtk\/","title":{"rendered":"M\u00fclteci Haklar\u0131 Derne\u011fi\u2019nden 20 Aral\u0131k Uluslararas\u0131 \u0130nsan Dayan\u0131\u015fma G\u00fcn\u00fc mesaj\u0131 \u2013 BRTK"},"content":{"rendered":"<p> <br \/>\n<\/p>\n<div>\n<div class=\"mariselle-image-container center\">\n                <img loading=\"lazy\" decoding=\"async\" width=\"2835\" height=\"2835\" class=\"lazy-image\" alt=\"\" sizes=\"auto, (max-width: 2835px) 100vw, 2835px\" src=\"https:\/\/brtk.net\/wp-content\/uploads\/2024\/12\/20\/1734685867130MULTECI-HAKLARI-DERNEGI.png?ver=98ea4870e1116d67ad267aa60abd6b6c\" srcset=\"https:\/\/brtk.net\/wp-content\/uploads\/2024\/12\/20\/1734685867130MULTECI-HAKLARI-DERNEGI.png?ver=98ea4870e1116d67ad267aa60abd6b6c 2835w, https:\/\/brtk.net\/wp-content\/uploads\/2024\/12\/20\/1734685867130MULTECI-HAKLARI-DERNEGI-300x300.png?ver=276e6d7f73148c28efa8b4fe38e4229c 300w, https:\/\/brtk.net\/wp-content\/uploads\/2024\/12\/20\/1734685867130MULTECI-HAKLARI-DERNEGI-1024x1024.png?ver=052cbf90e0637be04da4ec0b908e3821 1024w, https:\/\/brtk.net\/wp-content\/uploads\/2024\/12\/20\/1734685867130MULTECI-HAKLARI-DERNEGI-150x150.png?ver=052cbf90e0637be04da4ec0b908e3821 150w, https:\/\/brtk.net\/wp-content\/uploads\/2024\/12\/20\/1734685867130MULTECI-HAKLARI-DERNEGI-768x768.png?ver=60b02cc5448d7cd7f0747b144731f0d5 768w, https:\/\/brtk.net\/wp-content\/uploads\/2024\/12\/20\/1734685867130MULTECI-HAKLARI-DERNEGI-1536x1536.png?ver=c13d13d8890072b525545cce4f2aaf34 1536w, https:\/\/brtk.net\/wp-content\/uploads\/2024\/12\/20\/1734685867130MULTECI-HAKLARI-DERNEGI-2048x2048.png?ver=d1f0b9eb782d05a1b4d5607cf8f1aa35 2048w, https:\/\/brtk.net\/wp-content\/uploads\/2024\/12\/20\/1734685867130MULTECI-HAKLARI-DERNEGI-800x800.png?ver=e7063650fdb9067515a06b746782572b 800w\"\/>                            <\/div>\n<p>Avrupa Birli\u011fi taraf\u0131ndan K\u0131br\u0131s T\u00fcrk toplumuna Y\u00f6nelik Yard\u0131m Program\u0131 kapsam\u0131nda finanse edilen ve M\u00fclteci Haklar\u0131 Derne\u011fi taraf\u0131ndan y\u00fcr\u00fct\u00fclen \u201cBirlikte Daha \u0130yi Projesi\u201d kapsam\u0131nda toplumsal dayan\u0131\u015fmay\u0131 g\u00fc\u00e7lendirme \u00e7a\u011fr\u0131s\u0131nda bulunuldu.<\/p>\n<p>M\u00fclteci Haklar\u0131 Derne\u011fi\u2019nin 20 Aral\u0131k Uluslararas\u0131 \u0130nsan Dayan\u0131\u015fma G\u00fcn\u00fc vesilesiyle yay\u0131mlad\u0131\u011f\u0131 mesaj\u0131nda, bug\u00fcn\u00fcn herkesin e\u015fit haklara sahip oldu\u011fu, kapsay\u0131c\u0131 ve adil bir toplum yaratma hedefini desteklemek i\u00e7in \u00f6nemli bir hat\u0131rlatma oldu\u011fu vurguland\u0131.<\/p>\n<p>Mesajda \u201cBu anlaml\u0131 g\u00fcn, toplumsal ba\u011flar\u0131m\u0131z\u0131 g\u00fc\u00e7lendirmek ve ayr\u0131mc\u0131l\u0131k ile e\u015fitsizli\u011fi ortadan kald\u0131rmak ad\u0131na hepimize bir f\u0131rsat sunar. Her g\u00fcn oldu\u011fu gibi, bug\u00fcn de k\u0131r\u0131lgan gruplar\u0131n yan\u0131nda yer almak ve dayan\u0131\u015fma ile daha adil bir d\u00fcnya yaratmak i\u00e7in birlikte hareket etme ve g\u00fc\u00e7lenme zaman\u0131.\u201d ifadelerine yer verildi.<\/p>\n<p>Adil bir d\u00fcnya yaratma yolunda at\u0131lacak en de\u011ferli ad\u0131mlardan biri, herkesin ortak insanl\u0131k de\u011ferleri \u00e7er\u00e7evesinde el ele y\u00fcr\u00fcyerek de\u011fi\u015fime katk\u0131 sa\u011flamas\u0131 oldu\u011funa inand\u0131klar\u0131 kaydedilen mesajda, Birlikte Daha \u0130yi Projesi kapsam\u0131nda s\u00fcrd\u00fcr\u00fclen imza kampanyalar\u0131n\u0131n, toplumda daha e\u015fitlik\u00e7i ve insani bir yakla\u015f\u0131m\u0131 yayg\u0131nla\u015ft\u0131rmay\u0131, ayr\u0131mc\u0131l\u0131\u011f\u0131 ortadan kald\u0131rmay\u0131 ve k\u0131r\u0131lgan gruplar\u0131n sesi olmay\u0131 hedefledi\u011fi belirtildi.<\/p>\n<p>\u201cSizleri bu \u00f6nemli g\u00fcnde dayan\u0131\u015fmaya davet ediyoruz. Kampanyalar\u0131m\u0131za kat\u0131l\u0131m\u0131n\u0131z, \u00e7a\u011fda\u015f ve insani de\u011ferlere sahip bir toplum in\u015fa etme yolunda anlaml\u0131 bir de\u011fi\u015fim yaratabilir.\u201d denilen a\u00e7\u0131klamada, g\u00fc\u00e7l\u00fc toplumlar\u0131n, dayan\u0131\u015fma ve i\u015f birli\u011fi ile y\u00fckselebildi\u011fine i\u015faret edilerek, kampanyalara ili\u015fkin daha fazla bilgiye www.mhdkibris.com internet sayfas\u0131ndan eri\u015filebilece\u011fi ifade edildi.<\/p>\n<\/p><\/div>\n<p><script async\n                    defer\n                    crossorigin=\"anonymous\"\n                    src=\"https:\/\/connect.facebook.net\/tr_TR\/sdk.js#xfbml=1&#038;version=v3.3\"\n            ><\/script><br \/>\n<br \/><br \/>\n<br \/><a href=\"https:\/\/brtk.net\/multeci-haklari-derneginden-20-aralik-uluslararasi-insan-dayanisma-gunu-mesaji\/\">Kaynak BRT <\/a><\/p>\n","protected":false},"excerpt":{"rendered":"<p>Avrupa Birli\u011fi taraf\u0131ndan K\u0131br\u0131s T\u00fcrk toplumuna Y\u00f6nelik Yard\u0131m Program\u0131 kapsam\u0131nda finanse edilen ve M\u00fclteci Haklar\u0131 Derne\u011fi taraf\u0131ndan y\u00fcr\u00fct\u00fclen \u201cBirlikte Daha \u0130yi Projesi\u201d kapsam\u0131nda toplumsal dayan\u0131\u015fmay\u0131 g\u00fc\u00e7lendirme \u00e7a\u011fr\u0131s\u0131nda bulunuldu. M\u00fclteci Haklar\u0131 Derne\u011fi\u2019nin 20 Aral\u0131k Uluslararas\u0131 \u0130nsan Dayan\u0131\u015fma G\u00fcn\u00fc vesilesiyle yay\u0131mlad\u0131\u011f\u0131 mesaj\u0131nda, bug\u00fcn\u00fcn herkesin e\u015fit haklara sahip oldu\u011fu, kapsay\u0131c\u0131 ve adil bir toplum yaratma hedefini desteklemek i\u00e7in [&hellip;]<\/p>\n","protected":false},"author":908,"featured_media":14474,"comment_status":"open","ping_status":"open","sticky":false,"template":"","format":"standard","meta":{"_jetpack_memberships_contains_paid_content":false,"footnotes":"","jetpack_publicize_message":"","jetpack_publicize_feature_enabled":true,"jetpack_social_post_already_shared":true,"jetpack_social_options":{"image_generator_settings":{"template":"highway","default_image_id":0,"font":"","enabled":false},"version":2}},"categories":[253],"tags":[],"class_list":["post-14473","post","type-post","status-publish","format-standard","has-post-thumbnail","hentry","category-gundem"],"jetpack_publicize_connections":[],"jetpack_featured_media_url":"https:\/\/kibrisayna.com\/wp-content\/uploads\/2024\/12\/1734685867130MULTECI-HAKLARI-DERNEGI.png","jetpack_sharing_enabled":true,"_links":{"self":[{"href":"https:\/\/kibrisayna.com\/index.php\/wp-json\/wp\/v2\/posts\/14473","targetHints":{"allow":["GET"]}}],"collection":[{"href":"https:\/\/kibrisayna.com\/index.php\/wp-json\/wp\/v2\/posts"}],"about":[{"href":"https:\/\/kibrisayna.com\/index.php\/wp-json\/wp\/v2\/types\/post"}],"author":[{"embeddable":true,"href":"https:\/\/kibrisayna.com\/index.php\/wp-json\/wp\/v2\/users\/908"}],"replies":[{"embeddable":true,"href":"https:\/\/kibrisayna.com\/index.php\/wp-json\/wp\/v2\/comments?post=14473"}],"version-history":[{"count":0,"href":"https:\/\/kibrisayna.com\/index.php\/wp-json\/wp\/v2\/posts\/14473\/revisions"}],"wp:featuredmedia":[{"embeddable":true,"href":"https:\/\/kibrisayna.com\/index.php\/wp-json\/wp\/v2\/media\/14474"}],"wp:attachment":[{"href":"https:\/\/kibrisayna.com\/index.php\/wp-json\/wp\/v2\/media?parent=14473"}],"wp:term":[{"taxonomy":"category","embeddable":true,"href":"https:\/\/kibrisayna.com\/index.php\/wp-json\/wp\/v2\/categories?post=14473"},{"taxonomy":"post_tag","embeddable":true,"href":"https:\/\/kibrisayna.com\/index.php\/wp-json\/wp\/v2\/tags?post=14473"}],"curies":[{"name":"wp","href":"https:\/\/api.w.org\/{rel}","templated":true}]}}