{"id":14461,"date":"2024-12-20T11:46:13","date_gmt":"2024-12-20T08:46:13","guid":{"rendered":"https:\/\/kibrisayna.com\/index.php\/2024\/12\/20\/insan-haklari-platformunun-degisen-dunyada-insan-haklari-konferansi-yapildi-brtk\/"},"modified":"2024-12-20T11:46:13","modified_gmt":"2024-12-20T08:46:13","slug":"insan-haklari-platformunun-degisen-dunyada-insan-haklari-konferansi-yapildi-brtk","status":"publish","type":"post","link":"https:\/\/kibrisayna.com\/index.php\/2024\/12\/20\/insan-haklari-platformunun-degisen-dunyada-insan-haklari-konferansi-yapildi-brtk\/","title":{"rendered":"\u0130nsan Haklar\u0131 Platformu\u2019nun \u201cDe\u011fi\u015fen D\u00fcnyada \u0130nsan Haklar\u0131 Konferans\u0131\u201d yap\u0131ld\u0131 \u2013 BRTK"},"content":{"rendered":"<p> <br \/>\n<\/p>\n<div>\n<div class=\"mariselle-image-container center\">\n                <img loading=\"lazy\" decoding=\"async\" width=\"1000\" height=\"775\" class=\"lazy-image\" alt=\"\" sizes=\"auto, (max-width: 1000px) 100vw, 1000px\" src=\"https:\/\/brtk.net\/wp-content\/uploads\/2024\/12\/20\/1734679988669INSAN-HAKLARI-PLATFORMU1.png?ver=88fdd4a421898109d4b2d67362247817\" srcset=\"https:\/\/brtk.net\/wp-content\/uploads\/2024\/12\/20\/1734679988669INSAN-HAKLARI-PLATFORMU1.png?ver=88fdd4a421898109d4b2d67362247817 1000w, https:\/\/brtk.net\/wp-content\/uploads\/2024\/12\/20\/1734679988669INSAN-HAKLARI-PLATFORMU1-300x233.png?ver=88fdd4a421898109d4b2d67362247817 300w, https:\/\/brtk.net\/wp-content\/uploads\/2024\/12\/20\/1734679988669INSAN-HAKLARI-PLATFORMU1-768x595.png?ver=1ea9180a439f8cd700d312b7d6568515 768w, https:\/\/brtk.net\/wp-content\/uploads\/2024\/12\/20\/1734679988669INSAN-HAKLARI-PLATFORMU1-130x100.png?ver=abe4b419277129722735847b0d647ee2 130w\"\/>                            <\/div>\n<p>\u0130nsan Haklar\u0131 Platformu taraf\u0131ndan y\u00fcr\u00fct\u00fclen, AB destekli \u0130nsan Haklar\u0131 Platformu Projesi kapsam\u0131nda \u201cDe\u011fi\u015fen D\u00fcnyada \u0130nsan Haklar\u0131 Konferans\u0131\u201d Gazima\u011fusa\u2019da yap\u0131ld\u0131.<\/p>\n<p>Platformdan yap\u0131lan a\u00e7\u0131klamaya g\u00f6re \u0130nsan Haklar\u0131 Platformu Direkt\u00f6r\u00fc Derya Beyatl\u0131, a\u00e7\u0131l\u0131\u015f konu\u015fmas\u0131nda, insan haklar\u0131n\u0131n evrensel de\u011ferlerini hat\u0131rlatarak, d\u00fcnyada s\u00fcregelen \u00e7at\u0131\u015fmalar, insan ticareti ve ifade \u00f6zg\u00fcrl\u00fc\u011f\u00fcne y\u00f6nelik tehditlere dikkat \u00e7ekti.<\/p>\n<p>Beyatl\u0131, \u00fclkede insan haklar\u0131 ihlali \u00f6rnekleri oldu\u011funu savundu\u011fu Cypfruvex ve Ali Ki\u015fmir davalar\u0131n\u0131 anlatt\u0131 ve adan\u0131n b\u00f6l\u00fcnm\u00fc\u015fl\u00fc\u011f\u00fcnden kaynaklanan zorluklar\u0131n insan haklar\u0131 perspektifinden ele al\u0131nmas\u0131 gerekti\u011fini belirtti.<\/p>\n<p>Avrupa Komisyonu K\u0131br\u0131s \u00c7\u00f6z\u00fcm Destek Birimi Ba\u015fkan\u0131 Giulia Bertezzolo ise AB\u2019nin insan haklar\u0131, demokrasi ve hukukun \u00fcst\u00fcnl\u00fc\u011f\u00fcne olan ba\u011fl\u0131l\u0131\u011f\u0131n\u0131 ifade etti.<\/p>\n<p>S\u00fcreyya \u00c7elmen De\u011fer\u2019in moderat\u00f6rl\u00fc\u011f\u00fcnde yap\u0131lan ve Dr. Mertkan Hamit, Dr. \u0130pek Borman ve Mine Y\u00fccel\u2019in sunum yapt\u0131\u011f\u0131 \u201cDe\u011fi\u015fen D\u00fcnyada Demokrasi\u201d konulu ilk panelde, de\u011fi\u015fen d\u00fcnya dinamikleri i\u00e7inde demokratik de\u011ferlerin korunmas\u0131 \u00fczerine tart\u0131\u015fmalar yap\u0131ld\u0131.<\/p>\n<p>\u201cDe\u011fi\u015fen D\u00fcnyada Uluslararas\u0131 Hukuk\u201d ba\u015fl\u0131kl\u0131 ikinci panelde, Ya\u011fmur \u0130zcan\u2019\u0131n moderat\u00f6rl\u00fc\u011f\u00fcnde eski Ombudsman Emine Dizdarl\u0131, T\u00fcrkiye Cumhuriyet Ba\u015fsavc\u0131s\u0131 R\u0131fat Sagut ve Dr. Nadia Kornioti konu\u015fma yapt\u0131. Sagut, insan ticaretine kar\u015f\u0131 m\u00fccadelede uluslararas\u0131 hukukun rol\u00fcn\u00fc vurgulad\u0131.<\/p>\n<p>Prof. Dr. Ali Day\u0131o\u011flu\u2019nun moderat\u00f6rl\u00fc\u011f\u00fcnde yap\u0131lan \u201cDe\u011fi\u015fen D\u00fcnyada K\u0131br\u0131s\u201d konulu son panelde, Dr. Sophia Papamichalopoulos, Prof. Dr. Serta\u00e7 Sonan ve Prof. Dr. Rebecca Bryant, adan\u0131n b\u00f6l\u00fcnm\u00fc\u015fl\u00fc\u011f\u00fc, bar\u0131\u015f inisiyatifleri ve gelecekteki olas\u0131 senaryolar \u00fczerine de\u011ferlendirmeler yapt\u0131.<\/p>\n<p>Panel oturumlar\u0131n\u0131n ard\u0131ndan, Dilek \u00d6nc\u00fcl\u2019\u00fcn moderat\u00f6rl\u00fc\u011f\u00fcn\u00fc \u00fcstlendi\u011fi oturumda \u0130nsan Haklar\u0131 Platformu\u2019nun haz\u0131rlad\u0131\u011f\u0131 Hak \u0130zleme Raporlar\u0131 tan\u0131t\u0131ld\u0131. Bu b\u00f6l\u00fcmde, Deniz Alt\u0131ok, \u0130nsan Ticareti, Erman Dolmac\u0131, LGBT\u0130+ Haklar\u0131, Didem Ero\u011flu, Toplanma ve \u00d6rg\u00fctlenme \u00d6zg\u00fcrl\u00fc\u011f\u00fc, Ya\u011fmur \u0130zcan, \u0130fade \u00d6zg\u00fcrl\u00fc\u011f\u00fc ve Asl\u0131 Murat M\u00fclteci Haklar\u0131 izleme konulu raporlar\u0131 \u00f6zetlediler.<\/p>\n<p>Konferansta, her oturumun ard\u0131ndan kat\u0131l\u0131mc\u0131lar\u0131n sorular\u0131 cevapland\u0131.<\/p>\n<\/p><\/div>\n<p><script async\n                    defer\n                    crossorigin=\"anonymous\"\n                    src=\"https:\/\/connect.facebook.net\/tr_TR\/sdk.js#xfbml=1&#038;version=v3.3\"\n            ><\/script><br \/>\n<br \/><br \/>\n<br \/><a href=\"https:\/\/brtk.net\/insan-haklari-platformunun-degisen-dunyada-insan-haklari-konferansi-yapildi\/\">Kaynak BRT <\/a><\/p>\n","protected":false},"excerpt":{"rendered":"<p>\u0130nsan Haklar\u0131 Platformu taraf\u0131ndan y\u00fcr\u00fct\u00fclen, AB destekli \u0130nsan Haklar\u0131 Platformu Projesi kapsam\u0131nda \u201cDe\u011fi\u015fen D\u00fcnyada \u0130nsan Haklar\u0131 Konferans\u0131\u201d Gazima\u011fusa\u2019da yap\u0131ld\u0131. Platformdan yap\u0131lan a\u00e7\u0131klamaya g\u00f6re \u0130nsan Haklar\u0131 Platformu Direkt\u00f6r\u00fc Derya Beyatl\u0131, a\u00e7\u0131l\u0131\u015f konu\u015fmas\u0131nda, insan haklar\u0131n\u0131n evrensel de\u011ferlerini hat\u0131rlatarak, d\u00fcnyada s\u00fcregelen \u00e7at\u0131\u015fmalar, insan ticareti ve ifade \u00f6zg\u00fcrl\u00fc\u011f\u00fcne y\u00f6nelik tehditlere dikkat \u00e7ekti. Beyatl\u0131, \u00fclkede insan haklar\u0131 ihlali \u00f6rnekleri oldu\u011funu [&hellip;]<\/p>\n","protected":false},"author":908,"featured_media":14462,"comment_status":"open","ping_status":"open","sticky":false,"template":"","format":"standard","meta":{"_jetpack_memberships_contains_paid_content":false,"footnotes":"","jetpack_publicize_message":"","jetpack_publicize_feature_enabled":true,"jetpack_social_post_already_shared":true,"jetpack_social_options":{"image_generator_settings":{"template":"highway","default_image_id":0,"font":"","enabled":false},"version":2}},"categories":[253],"tags":[],"class_list":["post-14461","post","type-post","status-publish","format-standard","has-post-thumbnail","hentry","category-gundem"],"jetpack_publicize_connections":[],"jetpack_featured_media_url":"https:\/\/kibrisayna.com\/wp-content\/uploads\/2024\/12\/1734679988669INSAN-HAKLARI-PLATFORMU1.png","jetpack_sharing_enabled":true,"_links":{"self":[{"href":"https:\/\/kibrisayna.com\/index.php\/wp-json\/wp\/v2\/posts\/14461","targetHints":{"allow":["GET"]}}],"collection":[{"href":"https:\/\/kibrisayna.com\/index.php\/wp-json\/wp\/v2\/posts"}],"about":[{"href":"https:\/\/kibrisayna.com\/index.php\/wp-json\/wp\/v2\/types\/post"}],"author":[{"embeddable":true,"href":"https:\/\/kibrisayna.com\/index.php\/wp-json\/wp\/v2\/users\/908"}],"replies":[{"embeddable":true,"href":"https:\/\/kibrisayna.com\/index.php\/wp-json\/wp\/v2\/comments?post=14461"}],"version-history":[{"count":0,"href":"https:\/\/kibrisayna.com\/index.php\/wp-json\/wp\/v2\/posts\/14461\/revisions"}],"wp:featuredmedia":[{"embeddable":true,"href":"https:\/\/kibrisayna.com\/index.php\/wp-json\/wp\/v2\/media\/14462"}],"wp:attachment":[{"href":"https:\/\/kibrisayna.com\/index.php\/wp-json\/wp\/v2\/media?parent=14461"}],"wp:term":[{"taxonomy":"category","embeddable":true,"href":"https:\/\/kibrisayna.com\/index.php\/wp-json\/wp\/v2\/categories?post=14461"},{"taxonomy":"post_tag","embeddable":true,"href":"https:\/\/kibrisayna.com\/index.php\/wp-json\/wp\/v2\/tags?post=14461"}],"curies":[{"name":"wp","href":"https:\/\/api.w.org\/{rel}","templated":true}]}}