{"id":14428,"date":"2024-12-19T20:03:29","date_gmt":"2024-12-19T17:03:29","guid":{"rendered":"https:\/\/kibrisayna.com\/index.php\/2024\/12\/19\/kuzey-kibris-su-sporlari-sporculari-bursadan-madalyalarla-dondu-brtk\/"},"modified":"2024-12-19T20:03:29","modified_gmt":"2024-12-19T17:03:29","slug":"kuzey-kibris-su-sporlari-sporculari-bursadan-madalyalarla-dondu-brtk","status":"publish","type":"post","link":"https:\/\/kibrisayna.com\/index.php\/2024\/12\/19\/kuzey-kibris-su-sporlari-sporculari-bursadan-madalyalarla-dondu-brtk\/","title":{"rendered":"Kuzey K\u0131br\u0131s Su Sporlar\u0131 Sporcular\u0131 Bursa\u2019dan madalyalarla d\u00f6nd\u00fc \u2013 BRTK"},"content":{"rendered":"<p> <br \/>\n<\/p>\n<div>\n<div class=\"mariselle-image-container center\">\n                <img loading=\"lazy\" decoding=\"async\" width=\"1200\" height=\"1050\" class=\"lazy-image\" alt=\"\" sizes=\"auto, (max-width: 1200px) 100vw, 1200px\" src=\"https:\/\/brtk.net\/wp-content\/uploads\/2024\/12\/19\/slksk.jpeg?ver=70491a530bf4783cd49777a28328605c\" srcset=\"https:\/\/brtk.net\/wp-content\/uploads\/2024\/12\/19\/slksk.jpeg?ver=70491a530bf4783cd49777a28328605c 1200w, https:\/\/brtk.net\/wp-content\/uploads\/2024\/12\/19\/slksk-300x263.jpeg?ver=70491a530bf4783cd49777a28328605c 300w, https:\/\/brtk.net\/wp-content\/uploads\/2024\/12\/19\/slksk-1024x896.jpeg?ver=70491a530bf4783cd49777a28328605c 1024w, https:\/\/brtk.net\/wp-content\/uploads\/2024\/12\/19\/slksk-768x672.jpeg?ver=6df8d60190ee3eee01c50fff1940680b 768w\"\/>                            <\/div>\n<p>Kuzey K\u0131br\u0131s Su Sporlar\u0131 Federasyonu Kuzey K\u0131br\u0131s Y\u00fczme tak\u0131m\u0131, 13-15 Aral\u0131k tarihlerinde Bursa\u2019da d\u00fczenlenen \u201c12 Ya\u015f Ulusal Geli\u015fim Ligi T\u00fcrkiye Finali\u201d m\u00fcsabakalar\u0131ndan ba\u015far\u0131yla d\u00f6nd\u00fc.<\/p>\n<p>Federasyondan yap\u0131lan a\u00e7\u0131klamaya g\u00f6re, Kuzey K\u0131br\u0131s\u2019\u0131 temsil eden gen\u00e7 sporcular Erten Kas\u0131mo\u011flu ve Derin Mavi Turan, madalya k\u00fcrs\u00fcs\u00fcnde yer ald\u0131.<\/p>\n<p>Sporcular\u0131n elde etti\u011fi sonu\u00e7lar \u015f\u00f6yle:<\/p>\n<p>\u201cErten Can Kas\u0131mo\u011flu: 100 m Serbest: 01:09.44 \u2013 A1 Baraj\u0131 \u2013; 50 m Serbest: 00:29.50 \u2013 A3 Baraj\u0131 \u2013 Alt\u0131n Madalya; 50 m Kurba\u011falama: 00:37.47 \u2013 A3 Baraj\u0131 \u2013Alt\u0131n Madalya<\/p>\n<p>Derin Mavi Turan: 50 m Serbest: 00:31.48 \u2013 A2 Baraj\u0131 \u2013 G\u00fcm\u00fc\u015f Madalya; 100 m S\u0131rt\u00fcst\u00fc: 01:18.32 \u2013 A1 Baraj\u0131 \u2013Bronz Madalya; 200 m S\u0131rt\u00fcst\u00fc: 02:50.79 \u2013 A1 Baraj\u0131 \u2013; 50 m S\u0131rt\u00fcst\u00fc: 00:36.27 \u2013 A1 Baraj\u0131 \u2013\u201d<\/p>\n<p> Kuzey K\u0131br\u0131s Su Sporlar\u0131 Federasyonu Ba\u015fkan\u0131 Mustafa Abito\u011flu, Bursa\u2019da elde edilen sonu\u00e7lar\u0131n b\u00fcy\u00fck bir mutluluk kayna\u011f\u0131 oldu\u011funu belirtti.<\/p>\n<p>Abito\u011flu, yapt\u0131\u011f\u0131 a\u00e7\u0131klamada, \u201cSporcular Erten Kas\u0131mo\u011flu ve Derin Mavi Turan, g\u00f6sterdikleri performansla bizlere b\u00fcy\u00fck gurur ya\u015fatt\u0131. Hem baraj dereceleri hem de madalya kazanarak \u00f6nemli bir ba\u015far\u0131ya imza att\u0131lar. Bu, sporcular\u0131m\u0131z\u0131n disiplini, antren\u00f6rlerimizin \u00f6zverili \u00e7al\u0131\u015fmalar\u0131 ve federasyonumuzun deste\u011finin bir sonucudur\u201d ifadelerini kulland\u0131.<\/p>\n<p>Abito\u011flu ayr\u0131ca, antren\u00f6rler Avni Cankurt ve Tu\u011fcan \u00d6zk\u0131zan\u2019a te\u015fekk\u00fcr ederek, \u201cElde edilen bu ba\u015far\u0131lar, gen\u00e7lerimize ilham olacak ve Kuzey K\u0131br\u0131s su sporlar\u0131n\u0131n gelece\u011fi i\u00e7in b\u00fcy\u00fck bir motivasyon kayna\u011f\u0131 olacakt\u0131r\u201d dedi.<\/p>\n<p>Federasyon, katk\u0131lar\u0131 i\u00e7in \u015eokmar Premium, M.A.S.K Co, Caramel \u00c7ikolata ve I\u0219\u0131l Reklama te\u015fekk\u00fcr eden Ba\u015fkan Mustafa Abito\u011flu, \u201cSponsorlar\u0131m\u0131z\u0131n deste\u011fiyle gen\u00e7 sporcular\u0131m\u0131z, T\u016brkiye 12 ya\u0219 finallerinde b\u00fcy\u00fck bir ba\u015far\u0131 yakalad\u0131. Bu t\u00fcr i\u015f birlikleri, gelecekteki ba\u015far\u0131lar\u0131m\u0131z\u0131n temel ta\u015f\u0131n\u0131 olu\u015fturuyor\u201d dedi.<\/p>\n<\/p><\/div>\n<p><script async\n                    defer\n                    crossorigin=\"anonymous\"\n                    src=\"https:\/\/connect.facebook.net\/tr_TR\/sdk.js#xfbml=1&#038;version=v3.3\"\n            ><\/script><br \/>\n<br \/><br \/>\n<br \/><a href=\"https:\/\/brtk.net\/kuzey-kibris-su-sporlari-sporculari-bursadan-madalyalarla-dondu\/\">Kaynak BRT <\/a><\/p>\n","protected":false},"excerpt":{"rendered":"<p>Kuzey K\u0131br\u0131s Su Sporlar\u0131 Federasyonu Kuzey K\u0131br\u0131s Y\u00fczme tak\u0131m\u0131, 13-15 Aral\u0131k tarihlerinde Bursa\u2019da d\u00fczenlenen \u201c12 Ya\u015f Ulusal Geli\u015fim Ligi T\u00fcrkiye Finali\u201d m\u00fcsabakalar\u0131ndan ba\u015far\u0131yla d\u00f6nd\u00fc. Federasyondan yap\u0131lan a\u00e7\u0131klamaya g\u00f6re, Kuzey K\u0131br\u0131s\u2019\u0131 temsil eden gen\u00e7 sporcular Erten Kas\u0131mo\u011flu ve Derin Mavi Turan, madalya k\u00fcrs\u00fcs\u00fcnde yer ald\u0131. Sporcular\u0131n elde etti\u011fi sonu\u00e7lar \u015f\u00f6yle: \u201cErten Can Kas\u0131mo\u011flu: 100 m Serbest: [&hellip;]<\/p>\n","protected":false},"author":908,"featured_media":14429,"comment_status":"open","ping_status":"open","sticky":false,"template":"","format":"standard","meta":{"_jetpack_memberships_contains_paid_content":false,"footnotes":"","jetpack_publicize_message":"","jetpack_publicize_feature_enabled":true,"jetpack_social_post_already_shared":true,"jetpack_social_options":{"image_generator_settings":{"template":"highway","default_image_id":0,"font":"","enabled":false},"version":2}},"categories":[9],"tags":[],"class_list":["post-14428","post","type-post","status-publish","format-standard","has-post-thumbnail","hentry","category-spor"],"jetpack_publicize_connections":[],"jetpack_featured_media_url":"https:\/\/kibrisayna.com\/wp-content\/uploads\/2024\/12\/slksk.jpeg","jetpack_sharing_enabled":true,"_links":{"self":[{"href":"https:\/\/kibrisayna.com\/index.php\/wp-json\/wp\/v2\/posts\/14428","targetHints":{"allow":["GET"]}}],"collection":[{"href":"https:\/\/kibrisayna.com\/index.php\/wp-json\/wp\/v2\/posts"}],"about":[{"href":"https:\/\/kibrisayna.com\/index.php\/wp-json\/wp\/v2\/types\/post"}],"author":[{"embeddable":true,"href":"https:\/\/kibrisayna.com\/index.php\/wp-json\/wp\/v2\/users\/908"}],"replies":[{"embeddable":true,"href":"https:\/\/kibrisayna.com\/index.php\/wp-json\/wp\/v2\/comments?post=14428"}],"version-history":[{"count":0,"href":"https:\/\/kibrisayna.com\/index.php\/wp-json\/wp\/v2\/posts\/14428\/revisions"}],"wp:featuredmedia":[{"embeddable":true,"href":"https:\/\/kibrisayna.com\/index.php\/wp-json\/wp\/v2\/media\/14429"}],"wp:attachment":[{"href":"https:\/\/kibrisayna.com\/index.php\/wp-json\/wp\/v2\/media?parent=14428"}],"wp:term":[{"taxonomy":"category","embeddable":true,"href":"https:\/\/kibrisayna.com\/index.php\/wp-json\/wp\/v2\/categories?post=14428"},{"taxonomy":"post_tag","embeddable":true,"href":"https:\/\/kibrisayna.com\/index.php\/wp-json\/wp\/v2\/tags?post=14428"}],"curies":[{"name":"wp","href":"https:\/\/api.w.org\/{rel}","templated":true}]}}