{"id":14426,"date":"2024-12-19T19:52:10","date_gmt":"2024-12-19T16:52:10","guid":{"rendered":"https:\/\/kibrisayna.com\/index.php\/2024\/12\/19\/genel-kurulda-tarim-ve-dogal-kaynaklar-bakanligi-butcesi-gorusulmeye-devam-ediliyor-brtk\/"},"modified":"2024-12-19T19:52:10","modified_gmt":"2024-12-19T16:52:10","slug":"genel-kurulda-tarim-ve-dogal-kaynaklar-bakanligi-butcesi-gorusulmeye-devam-ediliyor-brtk","status":"publish","type":"post","link":"https:\/\/kibrisayna.com\/index.php\/2024\/12\/19\/genel-kurulda-tarim-ve-dogal-kaynaklar-bakanligi-butcesi-gorusulmeye-devam-ediliyor-brtk\/","title":{"rendered":"Genel Kurul\u2019da Tar\u0131m ve Do\u011fal Kaynaklar Bakanl\u0131\u011f\u0131 b\u00fct\u00e7esi g\u00f6r\u00fc\u015f\u00fclmeye devam ediliyor \u2013 BRTK"},"content":{"rendered":"<p> <br \/>\n<\/p>\n<div>\n<div class=\"mariselle-image-container center\">\n                <img loading=\"lazy\" decoding=\"async\" width=\"1504\" height=\"1004\" class=\"lazy-image\" alt=\"\" sizes=\"auto, (max-width: 1504px) 100vw, 1504px\" src=\"https:\/\/brtk.net\/wp-content\/uploads\/2024\/12\/19\/meclis-bina-22.jpg?ver=45b8024083b98540bbad4bfe25b3a0ff\" srcset=\"https:\/\/brtk.net\/wp-content\/uploads\/2024\/12\/19\/meclis-bina-22.jpg?ver=45b8024083b98540bbad4bfe25b3a0ff 1504w, https:\/\/brtk.net\/wp-content\/uploads\/2024\/12\/19\/meclis-bina-22-300x200.jpg?ver=f8b2615d533c5d1238b707a4d8d33628 300w, https:\/\/brtk.net\/wp-content\/uploads\/2024\/12\/19\/meclis-bina-22-1024x684.jpg?ver=f8b2615d533c5d1238b707a4d8d33628 1024w, https:\/\/brtk.net\/wp-content\/uploads\/2024\/12\/19\/meclis-bina-22-768x513.jpg?ver=cbcc57ed492489b34a8200d761603d63 768w\"\/>                            <\/div>\n<p>Cumhuriyet Meclisi Genel Kurulu\u2019nda Tar\u0131m ve Do\u011fal Kaynaklar Bakanl\u0131\u011f\u0131\u2019n\u0131n 4 milyar 856 milyon 371 bin TL\u2019lik b\u00fct\u00e7esi g\u00f6r\u00fc\u015f\u00fclmeye devam ediliyor.<\/p>\n<p>-\u015eahali<\/p>\n<p>B\u00fct\u00e7e \u00fczerine s\u00f6z alan CTP Milletvekili Erkut \u015eahali, Bakanl\u0131\u011fa ayr\u0131lan b\u00fct\u00e7enin yetersiz oldu\u011funu kaydetti. \u201cGe\u00e7ti\u011fimiz y\u0131l b\u00fct\u00e7enin y\u00fczde 3,85\u2019ini tar\u0131ma ayr\u0131lm\u0131\u015f g\u00f6rm\u00fc\u015ft\u00fck ve ele\u015ftirmi\u015ftik niye bu kadar d\u00fc\u015f\u00fck diye ama bu y\u0131l bak\u0131yoruz y\u00fczde 3,12\u2019lik bir pay tar\u0131ma ayr\u0131lm\u0131\u015f.\u201d diyen \u015eahali, bir \u00f6nceki y\u0131la g\u00f6re b\u00fct\u00e7esinin y\u00fczde 0,62 k\u00fc\u00e7\u00fcld\u00fc\u011f\u00fcn\u00fc dile getirdi.<\/p>\n<p>Tar\u0131m\u0131n en \u00fcst d\u00fczeyde ele al\u0131nmas\u0131 ve bir politika \u00e7er\u00e7evesinde y\u00f6netilmesi gerekti\u011fini kaydeden \u015eahali, Bakanl\u0131\u011fa ve ba\u011fl\u0131 dairelere gerekli personel ve altyap\u0131 deste\u011finin sa\u011flanmas\u0131 gerekti\u011fini anlatt\u0131.<\/p>\n<p>Tar\u0131m Dairesi\u2019nde ciddi bir insan kayna\u011f\u0131 eksikli\u011fi oldu\u011funu ifade eden \u015eahali, m\u00fchendis kadrolar\u0131 ve teknik kadrolar ba\u015fta olmak \u00fczere gerekli eksikli\u011fin tamamlanmas\u0131n\u0131 istedi.<\/p>\n<p>Nitelikli insan kayna\u011f\u0131 sa\u011fland\u0131\u011f\u0131 takdirde Tar\u0131m Dairesi\u2019nin \u00e7ok daha verimli \u015fekilde \u00e7al\u0131\u015fabilece\u011fini belirten \u015eahali, Daire faaliyetlerinin tar\u0131m a\u00e7\u0131s\u0131ndan \u00f6nemine i\u015faret etti.<\/p>\n<p>\u00dcr\u00fcn envanterinin ortaya \u00e7\u0131kar\u0131lmas\u0131 ve g\u00fcncel tutulmas\u0131 a\u00e7\u0131s\u0131ndan Tar\u0131m Dairesi\u2019nin \u00f6nemine i\u015faret eden \u015eahali, \u201cE\u011fer bu konuda gerekli \u00e7aba ortaya konabilmi\u015f olsayd\u0131 \u00f6rne\u011fin patates konusunda ya\u015fananlar\u0131n \u00f6nlenmi\u015f olacakt\u0131.\u201d dedi.<\/p>\n<p>Bu durumun patateste ya da di\u011fer \u00fcr\u00fcnlerde bir kez daha ya\u015fanmamas\u0131 i\u00e7in \u00f6nlemlerin al\u0131nmas\u0131 ve stratejilerin hayata ge\u00e7mesi gerekti\u011fini anlatan \u015eahali, \u00fcr\u00fcnlerin kalitesine ve d\u00f6nemine g\u00f6re fiyatland\u0131r\u0131lmas\u0131 gerekti\u011fini anlatt\u0131.<\/p>\n<p>Hayvanc\u0131l\u0131\u011fa da de\u011finen \u015eahali, Hayvanc\u0131l\u0131k Dairesi\u2019nde de yeterli insan kayna\u011f\u0131 bulunmad\u0131\u011f\u0131n\u0131 ifade etti. \u015eahali Hayvanc\u0131l\u0131k Dairesi\u2019nin e\u011fitsel faaliyetlerinin \u00f6nemine de\u011findi.<\/p>\n<p>Ete odakl\u0131 bir politikan\u0131n yeterli olmad\u0131\u011f\u0131n\u0131, s\u00fct konusuna da e\u011filmek gerekti\u011fini ifade eden \u015eahali, organize hayvanc\u0131l\u0131k b\u00f6lgelerine de de\u011findi, \u201cBirbirinden ayr\u0131labilen, hastal\u0131k yay\u0131l\u0131m kontrol\u00fc sa\u011flamaya yard\u0131mc\u0131 olabilen hayvanc\u0131l\u0131k b\u00f6lgelerimiz olsayd\u0131, belki de bu konuya harcad\u0131\u011f\u0131m\u0131z kaynak \u00e7ok daha minimal d\u00fczeye olabilirdi.\u201d dedi.<\/p>\n<p>\u201cD\u00fcnyan\u0131n en pahal\u0131 sular\u0131ndan birine sahibiz \u00e7\u00fcnk\u00fc ithal ediyoruz\u201d diyen \u015eahali, \u201cDolay\u0131s\u0131yla asl\u0131nda ya\u015fam kayna\u011f\u0131m\u0131z do\u011frudan T\u00fcrkiye\u2019den borularla getirilen suya dayand\u0131r\u0131lm\u0131\u015f vaziyettedir. Su \u0130\u015fleri\u2019nin bu ba\u011flamda 24 saat alarm pozisyonda olmas\u0131 laz\u0131m.\u201d dedi. \u015eahali buna ra\u011fmen Dairenin m\u00fchendis ba\u015fta olmak \u00fczere personel eksikli\u011fi ya\u015fad\u0131\u011f\u0131n\u0131 anlatt\u0131.<\/p>\n<p>Su kaynaklar\u0131n\u0131n verimli \u015fekilde kullan\u0131lmas\u0131n\u0131n \u00f6nemine i\u015faret eden \u015eahali, T\u00fcrkiye\u2019den gelen suyun G\u00fczelyurt ovas\u0131nda en verimli ve en etkin \u015fekilde kullan\u0131lmas\u0131n\u0131n \u00f6nemine i\u015faret etti.<\/p>\n<p>Veteriner Dairesi\u2019nde  personel eksikli\u011fi yan\u0131nda ara\u00e7 eksikli\u011fi de ya\u015fand\u0131\u011f\u0131n\u0131 belirten \u015eahali, bu eksikliklerin giderilmesi gerekti\u011fini anlatt\u0131.<\/p>\n<p>\u201cVeteriner Dairesi k\u0131s\u0131tl\u0131 imkanlarla ciddi i\u015fler \u00e7\u0131karmaya \u00e7al\u0131\u015f\u0131yor ama ke\u015fke siyasetin \u00fczerlerine g\u00f6lge etmedi\u011fi bir d\u00fczeyi yakalayabilmi\u015f olsalard\u0131.\u201d diyen \u015eahali, baz\u0131 mezbahalar\u0131n denetlenmedi\u011fini iddia etti.<\/p>\n<p>\u015eahali konu\u015fmas\u0131nda hayvan hastal\u0131klar\u0131yla m\u00fccadele i\u00e7in \u00f6nleyici programlar\u0131n \u00f6nemine de\u011findi.<\/p>\n<p>\u015eahali \u00e7am kese b\u00f6ce\u011fi konusunda at\u0131lmas\u0131 gereken ad\u0131mlar\u0131n at\u0131l\u0131p at\u0131lmad\u0131\u011f\u0131n\u0131 da sordu.<\/p>\n<p>\u201cDevlet \u00dcretme \u00c7iftli\u011fi kaderine terk edilmi\u015f vaziyette, hi\u00e7bir yenilik\u00e7i aray\u0131\u015f\u0131m\u0131z yok.\u201d diyen \u015eahali babutsa konusunda gerekli ad\u0131mlar\u0131n at\u0131lmas\u0131n\u0131 da istedi.<\/p>\n<p>-K\u00fcr\u015fat<\/p>\n<p>CTP Milletvekili Fide K\u00fcr\u015fat da b\u00fct\u00e7e \u00fczerine s\u00f6z ald\u0131. \u201cTar\u0131m Bakanl\u0131\u011f\u0131 k\u00fc\u00e7\u00fcc\u00fck b\u00fct\u00e7esi ile asl\u0131nda \u00e7ok \u00f6nemli alanlara dokunan, \u00e7ok geni\u015f bir faaliyet alan\u0131 olan, ekonomiden maliyeye sa\u011fl\u0131\u011fa kadar uzanan bir bakanl\u0131k.\u201d diyen K\u00fcr\u015fat Tar\u0131m Bakanl\u0131\u011f\u0131 b\u00fct\u00e7esinin d\u00fc\u015f\u00fc\u015f\u00fcn\u00fcn son bulmas\u0131n\u0131 diledi.<\/p>\n<p>Konu\u015fmas\u0131nda Tar\u0131m ve Do\u011fal Kaynaklar Bakan\u0131 H\u00fcseyin \u00c7avu\u015f\u2019u ele\u015ftiren K\u00fcr\u015fat, \u00c7avu\u015f\u2019un \u201c\u00fcreticilerin derdine derman olmaktansa derdine dert katt\u0131\u011f\u0131n\u0131\u201d s\u00f6yledi.<\/p>\n<p>K\u00fcr\u015fat d\u0131\u015fa ba\u011f\u0131ml\u0131l\u0131\u011f\u0131n\u0131n s\u00fcrekli artt\u0131\u011f\u0131n\u0131 da s\u00f6yledi.<\/p>\n<p>Narenciyede ya\u015fanan sorunlara i\u015faret eden K\u00fcr\u015fat, insanlar\u0131n \u00fcretimden koptu\u011funu, narenciye bah\u00e7elerinde dozerlerin \u00e7al\u0131\u015ft\u0131\u011f\u0131n\u0131 dile getirdi.<\/p>\n<p>Enginar \u00fcreticilerinin y\u00fczde 50\u2019ye yak\u0131n\u0131n\u0131n bu y\u0131l bah\u00e7elerini bile a\u00e7mad\u0131\u011f\u0131n\u0131 s\u00f6yleyen K\u00fcr\u015fat, babutsalar\u0131n da yok oldu\u011funu dile getirdi. \u201c\u0130thal edilen maydanozu g\u00f6rd\u00fck, artan sebze meyve fiyatlar\u0131n\u0131 g\u00f6rd\u00fck.\u201d diyen K\u00fcr\u015fat, ithal patates konusuna de\u011finerek \u201csava\u015f d\u00f6neminde bile ya\u015fanmayan manzaralar\u0131 ya\u015fatt\u0131n\u0131z. Bu \u00fclkenin insanlar\u0131 her ge\u00e7en g\u00fcn yoksulla\u015f\u0131yor. \u0130nsanlar sava\u015f varm\u0131\u015f gibi 10 kiloluk 20 kiloluk patates almak i\u00e7in kuyruklara girdi saatlerce s\u0131ra bekledi.\u201d diye konu\u015ftu.<\/p>\n<p>K\u00fcr\u015fat \u201cT\u00fcm bu ya\u015fananlar h\u00fck\u00fcmetin yanl\u0131\u015f tar\u0131m politikalar\u0131ndan umursamazl\u0131\u011f\u0131ndan plans\u0131zl\u0131\u011f\u0131ndan i\u015f bilmedi\u011finden ve k\u00f6t\u00fc niyetinden.\u201d dedi.<\/p>\n<p>Bakanl\u0131k b\u00fct\u00e7esinin k\u00fc\u00e7\u00fcld\u00fc\u011f\u00fcn\u00fc yineleyen K\u00fcr\u015fat Nn\u00fcfus bu kadar artarken, b\u00fct\u00e7e niye bu kadar d\u00fc\u015ft\u00fc?\u201d diye sordu.  <\/p>\n<p>Tar\u0131m \u00fcretimin milli gelirdeki pay\u0131n\u0131n da tar\u0131msal istihdam\u0131n da y\u0131llar i\u00e7inde d\u00fc\u015ft\u00fc\u011f\u00fcn\u00fc kaydeden K\u00fcr\u015fat, girdi maliyetlerini d\u00fc\u015f\u00fcrmek ve tar\u0131msal \u00fcretimde verimlilik sa\u011flamak i\u00e7in stratejik planlama yap\u0131lmas\u0131n\u0131n \u00f6nemine de\u011findi.<\/p>\n<p>Ortada bir yap\u0131sal d\u00f6n\u00fc\u015f\u00fcm projesi olup olmad\u0131\u011f\u0131n\u0131 soran K\u00fcr\u015fat, \u201cAda \u00fclkesi olmam\u0131zdan dolay\u0131 toprak ve su \u00e7ok k\u0131t iki kaynakt\u0131r ve bu kaynaklar\u0131n s\u00fcrd\u00fcr\u00fclebilirli\u011fi \u00e7ok \u00f6nemlidir.\u201d dedi.<\/p>\n<p>\u201cBu k\u0131t kaynaklar\u0131n kullan\u0131m\u0131nda olduk\u00e7a hassas ve koruyucu olmam\u0131z gerekir. Artan yabanc\u0131 n\u00fcfusla birlikte art\u0131k bu alanlar\u0131 ciddi bir \u015fekilde planlama yapmam\u0131z gerek.\u201d diyen K\u00fcr\u015fat yer alt\u0131 su kaynaklar\u0131n\u0131n iyi korunmas\u0131 gerekti\u011fini dile getirdi.<\/p>\n<p>\u00dcretimde maliyet unsurlar\u0131n\u0131n her ge\u00e7en g\u00fcn artt\u0131\u011f\u0131n\u0131 kaydeden K\u00fcr\u015fat, \u201cEnflasyon ile m\u00fccadele ithalat de\u011fil yerel \u00fcretimin art\u0131r\u0131lmal\u0131, bitki profiline uygun ve \u00fclke ihtiya\u00e7 analizi yap\u0131larak alternatif katma de\u011feri y\u00fcksek \u00fcr\u00fcnlerin yeti\u015ftirilmesi i\u00e7in planlama ve destekleme politikalar\u0131 olu\u015fturulmal\u0131d\u0131r.\u201d diye konu\u015ftu.<\/p>\n<p>Arpa ve  bu\u011fdaydan \u00f6te kaliteli kaba yem konusuna a\u011f\u0131rl\u0131k verilmesi gerekti\u011fini belirten K\u00fcr\u015fat, \u201cPatates \u00fcretiminden narenciyeye, domatese, arpa, bu\u011fdaydan yem bitkisine kadar bu \u00fclkenin ger\u00e7ek ihtiya\u00e7lar\u0131 tespit edilmelidir.\u201d diye konu\u015ftu.<\/p>\n<p>\u00dcr\u00fcnlerin pahal\u0131l\u0131\u011f\u0131na de\u011finen K\u00fcr\u015fat, \u201cPahal\u0131l\u0131\u011f\u0131n sebebi \u00fcretici de\u011fildir, Bu pahal\u0131l\u0131\u011f\u0131n sebebi denetimsizliktir.\u201d dedi. H\u00fck\u00fcmeti \u201cy\u00fczlerce yanda\u015flara k\u0131rsal kesim arsas\u0131 ve mand\u0131ra yeri da\u011f\u0131tmakla\u201d su\u00e7layan K\u00fcr\u015fat, partizanl\u0131k y\u00fcz\u00fcnden gen\u00e7lerin art\u0131k \u00fclkeden \u00fcmidi kesmeye ba\u015flad\u0131\u011f\u0131n\u0131 belirtti.  <\/p>\n<p>N\u00fcfusun bilinmedi\u011fini, hayvan varl\u0131\u011f\u0131n\u0131n ise beyanlar \u00fczerinden bilindi\u011fini ifade eden K\u00fcr\u015fat, \u201cN\u00fcfus bilmecesi bizi \u00e7ok s\u0131k\u0131nt\u0131ya sokar.\u201d \u015feklinde konu\u015ftu.<\/p>\n<p>Hayvanc\u0131lar\u0131n hayvanlar\u0131n\u0131n ellerinde kald\u0131\u011f\u0131n\u0131, birka\u00e7 ay \u00f6nce ithalat g\u00fcndemdeyken bug\u00fcn ihracat planlar\u0131 yap\u0131ld\u0131\u011f\u0131n\u0131 s\u00f6yleyen K\u00fcr\u015fat planlama konusuna de\u011findi, g\u00fcn\u00fcn sonunda \u00fcreticinin \u00fcretimden koptu\u011funu anlatt\u0131.<\/p>\n<p>\u00dcretici i\u00e7in \u00f6ng\u00f6r\u00fclemez bir durum yarat\u0131ld\u0131\u011f\u0131n\u0131 kaydeden K\u00fcr\u015fat, \u201cBu plans\u0131zl\u0131klar\u0131m b\u00fct\u00fcn bu karga\u015falar\u0131n i\u00e7erisinde olan \u00fcreticiye oluyor ve \u00fcretici sekt\u00f6rden kopuyor.\u201d dedi.<\/p>\n<p>\u201c\u00d6ng\u00f6r\u00fclemez bir durum yaratt\u0131n\u0131z. Bu \u00fclkede hi\u00e7bir \u015feyin fiyat\u0131n\u0131n d\u00fc\u015ft\u00fc\u011f\u00fcn\u00fc g\u00f6zlemlemedik ama 260-270 TL\u2019lere gelen canl\u0131 kuzu hayvan fiyat\u0131n\u0131n 230 TL\u2019lere geriledi\u011fini g\u00f6rd\u00fck.\u201d diye konu\u015fan K\u00fcr\u015fat, bu s\u00fcre\u00e7te vatanda\u015f\u0131n  et almak i\u00e7in G\u00fcney K\u0131br\u0131s\u2019a gitti\u011fini an\u0131msatt\u0131.<\/p>\n<p>K\u00fcr\u015fat, \u00fcreticiden t\u00fcketiciye et sat\u0131\u015f noktas\u0131 a\u00e7\u0131lmas\u0131 giri\u015fiminin hangi a\u015famada oldu\u011funu da sordu.<\/p>\n<p>Ge\u00e7en y\u0131l narenciye ihracat\u0131nda ya\u015fanan sorunlara i\u015faret eden K\u00fcr\u015fat, dal\u0131nda kalan \u00fcr\u00fcnlerin geciken tazminat \u00f6demelerinin d\u00fcn \u00f6dendi\u011fini belirtti.<\/p>\n<p>G\u00fczelyurt\u2019taki narenciye bah\u00e7elerinin baz\u0131lar\u0131n\u0131n k\u00f6k\u00fcnden s\u00f6k\u00fcld\u00fc\u011f\u00fcn\u00fc ifade eden K\u00fcr\u015fat, \u201c\u0130hracat bu sezon a\u011f\u0131r aksak da olsa ba\u015flam\u0131\u015ft\u0131r ve ald\u0131\u011f\u0131m\u0131z bilgiler neticesinde dura\u011fanl\u0131\u011fa ge\u00e7mi\u015ftir. Narenciyede durum pek i\u00e7 a\u00e7\u0131c\u0131 de\u011fildir.\u201d dedi.<\/p>\n<p>\u201cSay\u0131n Bakan yapt\u0131\u011f\u0131 a\u00e7\u0131klamalarda narenciye ihracat\u0131nda hi\u00e7bir sorun olmad\u0131\u011f\u0131n\u0131 paketleme tesislerinden her zaman oldu\u011fu gibi \u00fcr\u00fcnlerin \u00e7\u0131k\u0131p ihra\u00e7 edilebilece\u011fini s\u00f6yl\u00fcyor.\u201d diyen K\u00fcr\u015fat, T\u00fcrkiye\u2019ye ihracat konusunda prosed\u00fcr\u00fcn nas\u0131l olaca\u011f\u0131n\u0131 sordu.<\/p>\n<p>\u0130hracat te\u015fvik primlerinin en k\u0131sa zamanda a\u00e7\u0131klanmas\u0131n\u0131n sekt\u00f6r\u00fc rahatlataca\u011f\u0131n\u0131 anlatan K\u00fcr\u015fat, \u00fcreticinin ge\u00e7en y\u0131l ya\u015fananlar\u0131 bu y\u0131l ya\u015famaya takati olmad\u0131\u011f\u0131n\u0131 vurgulad\u0131.<\/p>\n<p>Kooperatif\u00e7ili\u011fin bir devlet politikas\u0131 haline getirilmesi gerekti\u011fini dile getiren K\u00fcr\u015fat, \u00fclkede \u00fcretim ve pazarlama kooperatiflerinde birtak\u0131m geli\u015fmeler oldu\u011funu belirtti. \u00d6zellikle kad\u0131n kooperatiflerinin ciddi \u015fekilde ba\u015far\u0131lara imza att\u0131\u011f\u0131n\u0131 anlatan K\u00fcr\u015fat, \u00f6zellikle k\u0131rsalda kalk\u0131nma odakl\u0131 \u00e7al\u0131\u015fan kad\u0131n kooperatiflerine pozitif ayr\u0131mc\u0131l\u0131k yap\u0131lmas\u0131 gerekti\u011fini belirtti.<\/p>\n<p>Toprak Koruma Yasas\u0131\u2019n\u0131n hayata ge\u00e7mesinin \u00f6nemine de\u011finen K\u00fcr\u015fat, \u201cK\u0131t kaynaklar\u0131m\u0131z\u0131n, topraklar\u0131m\u0131z\u0131n, \u00f6zellikle birinci, ikinci, \u00fc\u00e7\u00fcnc\u00fc s\u0131n\u0131f tar\u0131msal arazilerimizin korunmas\u0131 noktas\u0131nda bu yasan\u0131n ivedilikle yeniden Meclis g\u00fcndemine getirilmesi ve ge\u00e7irilmesi gerek.\u201d dedi.<\/p>\n<\/p><\/div>\n<p><script async\n                    defer\n                    crossorigin=\"anonymous\"\n                    src=\"https:\/\/connect.facebook.net\/tr_TR\/sdk.js#xfbml=1&#038;version=v3.3\"\n            ><\/script><br \/>\n<br \/><br \/>\n<br \/><a href=\"https:\/\/brtk.net\/genel-kurulda-tarim-ve-dogal-kaynaklar-bakanligi-butcesi-gorusulmeye-devam-ediliyor\/\">Kaynak BRT <\/a><\/p>\n","protected":false},"excerpt":{"rendered":"<p>Cumhuriyet Meclisi Genel Kurulu\u2019nda Tar\u0131m ve Do\u011fal Kaynaklar Bakanl\u0131\u011f\u0131\u2019n\u0131n 4 milyar 856 milyon 371 bin TL\u2019lik b\u00fct\u00e7esi g\u00f6r\u00fc\u015f\u00fclmeye devam ediliyor. -\u015eahali B\u00fct\u00e7e \u00fczerine s\u00f6z alan CTP Milletvekili Erkut \u015eahali, Bakanl\u0131\u011fa ayr\u0131lan b\u00fct\u00e7enin yetersiz oldu\u011funu kaydetti. \u201cGe\u00e7ti\u011fimiz y\u0131l b\u00fct\u00e7enin y\u00fczde 3,85\u2019ini tar\u0131ma ayr\u0131lm\u0131\u015f g\u00f6rm\u00fc\u015ft\u00fck ve ele\u015ftirmi\u015ftik niye bu kadar d\u00fc\u015f\u00fck diye ama bu y\u0131l bak\u0131yoruz y\u00fczde [&hellip;]<\/p>\n","protected":false},"author":908,"featured_media":14427,"comment_status":"open","ping_status":"open","sticky":false,"template":"","format":"standard","meta":{"_jetpack_memberships_contains_paid_content":false,"footnotes":"","jetpack_publicize_message":"","jetpack_publicize_feature_enabled":true,"jetpack_social_post_already_shared":true,"jetpack_social_options":{"image_generator_settings":{"template":"highway","default_image_id":0,"font":"","enabled":false},"version":2}},"categories":[253],"tags":[],"class_list":["post-14426","post","type-post","status-publish","format-standard","has-post-thumbnail","hentry","category-gundem"],"jetpack_publicize_connections":[],"jetpack_featured_media_url":"https:\/\/kibrisayna.com\/wp-content\/uploads\/2024\/12\/meclis-bina-22.jpg","jetpack_sharing_enabled":true,"_links":{"self":[{"href":"https:\/\/kibrisayna.com\/index.php\/wp-json\/wp\/v2\/posts\/14426","targetHints":{"allow":["GET"]}}],"collection":[{"href":"https:\/\/kibrisayna.com\/index.php\/wp-json\/wp\/v2\/posts"}],"about":[{"href":"https:\/\/kibrisayna.com\/index.php\/wp-json\/wp\/v2\/types\/post"}],"author":[{"embeddable":true,"href":"https:\/\/kibrisayna.com\/index.php\/wp-json\/wp\/v2\/users\/908"}],"replies":[{"embeddable":true,"href":"https:\/\/kibrisayna.com\/index.php\/wp-json\/wp\/v2\/comments?post=14426"}],"version-history":[{"count":0,"href":"https:\/\/kibrisayna.com\/index.php\/wp-json\/wp\/v2\/posts\/14426\/revisions"}],"wp:featuredmedia":[{"embeddable":true,"href":"https:\/\/kibrisayna.com\/index.php\/wp-json\/wp\/v2\/media\/14427"}],"wp:attachment":[{"href":"https:\/\/kibrisayna.com\/index.php\/wp-json\/wp\/v2\/media?parent=14426"}],"wp:term":[{"taxonomy":"category","embeddable":true,"href":"https:\/\/kibrisayna.com\/index.php\/wp-json\/wp\/v2\/categories?post=14426"},{"taxonomy":"post_tag","embeddable":true,"href":"https:\/\/kibrisayna.com\/index.php\/wp-json\/wp\/v2\/tags?post=14426"}],"curies":[{"name":"wp","href":"https:\/\/api.w.org\/{rel}","templated":true}]}}