{"id":14424,"date":"2024-12-19T19:46:13","date_gmt":"2024-12-19T16:46:13","guid":{"rendered":"https:\/\/kibrisayna.com\/index.php\/2024\/12\/19\/cumhurbaskani-tatar-kibris-turk-ticaret-odasi-heyetini-kabul-etti-brtk\/"},"modified":"2024-12-19T19:46:13","modified_gmt":"2024-12-19T16:46:13","slug":"cumhurbaskani-tatar-kibris-turk-ticaret-odasi-heyetini-kabul-etti-brtk","status":"publish","type":"post","link":"https:\/\/kibrisayna.com\/index.php\/2024\/12\/19\/cumhurbaskani-tatar-kibris-turk-ticaret-odasi-heyetini-kabul-etti-brtk\/","title":{"rendered":"Cumhurba\u015fkan\u0131 Tatar, K\u0131br\u0131s T\u00fcrk Ticaret Odas\u0131 heyetini kabul etti \u2013 BRTK"},"content":{"rendered":"<p> <br \/>\n<\/p>\n<div>\n<div class=\"mariselle-image-container center\">\n                <img loading=\"lazy\" decoding=\"async\" width=\"1600\" height=\"631\" class=\"lazy-image\" alt=\"\" sizes=\"auto, (max-width: 1600px) 100vw, 1600px\" src=\"https:\/\/brtk.net\/wp-content\/uploads\/2024\/12\/19\/kkkssa.jpg?ver=c2b82b60f5f47340421eed0906977029\" srcset=\"https:\/\/brtk.net\/wp-content\/uploads\/2024\/12\/19\/kkkssa.jpg?ver=c2b82b60f5f47340421eed0906977029 1600w, https:\/\/brtk.net\/wp-content\/uploads\/2024\/12\/19\/kkkssa-300x118.jpg?ver=c2b82b60f5f47340421eed0906977029 300w, https:\/\/brtk.net\/wp-content\/uploads\/2024\/12\/19\/kkkssa-1024x404.jpg?ver=b38525be058e9b6b5a1a96019510ec4a 1024w, https:\/\/brtk.net\/wp-content\/uploads\/2024\/12\/19\/kkkssa-768x303.jpg?ver=b38525be058e9b6b5a1a96019510ec4a 768w, https:\/\/brtk.net\/wp-content\/uploads\/2024\/12\/19\/kkkssa-1536x606.jpg?ver=b38525be058e9b6b5a1a96019510ec4a 1536w\"\/>                            <\/div>\n<p> Cumhurba\u015fkan\u0131 Ersin Tatar, K\u0131br\u0131s T\u00fcrk Ticaret Odas\u0131 heyetini kabul etti.<\/p>\n<p>Cumhurba\u015fkanl\u0131\u011f\u0131\u2019ndan verilen bilgiye g\u00f6re, Cumhurba\u015fkan\u0131 Tatar konu\u015fmas\u0131nda, K\u0131br\u0131s T\u00fcrk Ticaret Odas\u0131\u2019n\u0131n g\u00f6r\u00fc\u015flerinin \u00f6nemli oldu\u011funu belirterek, yeni ge\u00e7i\u015f kap\u0131lar\u0131 konusunu de\u011ferlendirmek \u00fczere KTTO heyetini kabul etti\u011fini s\u00f6yledi.<\/p>\n<p>G\u00f6r\u00fc\u015fmede Cumhurba\u015fkan\u0131 \u00d6zel Temsilcisi G\u00fcne\u015f Onar da yer ald\u0131.<\/p>\n<p>Tatar, Lefko\u015fa\u2019n\u0131n do\u011fusunda yeni bir ge\u00e7i\u015f kap\u0131s\u0131n\u0131n a\u00e7\u0131lmas\u0131n\u0131n Metehan S\u0131n\u0131r Kap\u0131s\u0131\u2019ndaki yo\u011funlu\u011fu rahatlataca\u011f\u0131n\u0131 belirterek,  konuyu New York\u2019ta BM\u2019nin toplant\u0131da dile getirmesinin memnuniyet verici oldu\u011funu, ancak Rum taraf\u0131n\u0131n bunun kar\u015f\u0131l\u0131\u011f\u0131nda transit ge\u00e7i\u015f talebini ortaya koydu\u011funu, bunu ise kabul etmenin m\u00fcmk\u00fcn olmad\u0131\u011f\u0131n\u0131 belirtti.<\/p>\n<p>\u201cTransit ge\u00e7i\u015f talebini kabul etmemiz m\u00fcmk\u00fcn de\u011fildir\u201d<\/p>\n<p>\u201cTransit ge\u00e7i\u015f bizim kabul edebilece\u011fimiz bir \u015fey de\u011fildir. Transit ge\u00e7i\u015f bir kap\u0131 de\u011fildir. Bizim topra\u011f\u0131m\u0131z\u0131 kullanarak onlar\u0131n bir yerden bir yere gitmesi i\u00e7in bir yoldur.\u201d diyen Tatar, \u00f6nerilen Erenk\u00f6y ve Kirac\u0131k\u00f6y\u2019den ge\u00e7i\u015flerin askeri ve farkl\u0131 sebep ve de\u011ferlendirmelerden dolay\u0131 m\u00fcmk\u00fcn olmad\u0131\u011f\u0131n\u0131 kaydetti.<\/p>\n<p>-\u201c\u2018Haspolat Kap\u0131s\u0131 a\u00e7\u0131ls\u0131n da kar\u015f\u0131l\u0131\u011f\u0131nda Rum taraf\u0131 bir \u015fey als\u0131n\u2019 mant\u0131\u011f\u0131n\u0131 pek anlam\u0131yorum. Kap\u0131n\u0131n a\u00e7\u0131lmas\u0131 her iki taraf\u0131n da yarar\u0131nad\u0131r\u201d<\/p>\n<p>Bu \u00f6nerilerin kabul edilmeyece\u011fini ba\u015fka \u00f6neri yap\u0131lmas\u0131n\u0131 dile getirdiklerini ifade eden Tatar, Pile-Yi\u011fitler yolunun bu konu ile ilgili de\u011ferlendirilebilece\u011fini s\u00f6yledi.<\/p>\n<p>Rum taraf\u0131n\u0131n Pile-Larnaka yolunu yapt\u0131\u011f\u0131n\u0131 ve kullan\u0131ma a\u00e7t\u0131\u011f\u0131n\u0131 ifade eden Tatar, Pile\u2019den vatanda\u015flar\u0131n y\u0131llard\u0131r \u0130ngiliz \u00fcs b\u00f6lgesinden Beyarmudu\u2019na gitmelerinin b\u00fcy\u00fck bir s\u0131k\u0131\u015f\u0131kl\u0131k yaratt\u0131\u011f\u0131n\u0131 belirtti.<\/p>\n<p>Cumhurba\u015fkan\u0131 Tatar, \u201cPile-Yi\u011fitler yolu kimseyi rahats\u0131z etmeden alternatif bir g\u00fczerg\u00e2h olarak Beyarmudu ge\u00e7i\u015f kap\u0131s\u0131n\u0131 hafifletecektir. Biz bunu da \u00f6nerdik ancak esas olarak 4 y\u0131ld\u0131r g\u00fcndeme getirdi\u011fim Haspolat kap\u0131s\u0131d\u0131r. \u00c7\u00fcnk\u00fc bu kap\u0131n\u0131n a\u00e7\u0131lmas\u0131 her iki tarafa da fayda sa\u011flayacakt\u0131r. \u2018Haspolat kap\u0131s\u0131 a\u00e7\u0131ls\u0131n da kar\u015f\u0131l\u0131\u011f\u0131nda Rum taraf\u0131 bir \u015fey als\u0131n\u2019 mant\u0131\u011f\u0131n\u0131 pek anlam\u0131yorum. Haspolat kap\u0131s\u0131n\u0131n a\u00e7\u0131lmas\u0131 co\u011frafi konumu bak\u0131m\u0131ndan hem ticari ara\u00e7lar hem de taksiler i\u00e7in uygundur. Metehan kap\u0131s\u0131ndaki yo\u011funlu\u011fun hafifletilmesi i\u00e7in gereklidir.\u201d dedi.<\/p>\n<p>Metehan b\u00f6lgesinde Cumhurba\u015fkanl\u0131\u011f\u0131 yerle\u015fkesi, Cumhuriyet Meclisi ve ya\u015fam alan\u0131 park\u0131n\u0131n Lefko\u015fa\u2019ya kazand\u0131r\u0131lmas\u0131 ile b\u00fcy\u00fck bir geli\u015fme oldu\u011funu s\u00f6yleyen Tatar, Lefko\u015fa\u2019y\u0131 ilgilendiren bir konu oldu\u011fu i\u00e7in Lefko\u015fa T\u00fcrk Belediyesi Ba\u015fkan\u0131 Mehmet Harmanc\u0131 ile de d\u00fcn ge\u00e7i\u015f kap\u0131lar\u0131 ile ilgili bir g\u00f6r\u00fc\u015fme yapt\u0131klar\u0131n\u0131 an\u0131msatt\u0131.<\/p>\n<p>-\u201cYe\u015fil Hat T\u00fcz\u00fc\u011f\u00fc ba\u011flam\u0131nda, Haspolat kap\u0131s\u0131n\u0131n a\u00e7\u0131lmas\u0131yla kar\u015f\u0131l\u0131kl\u0131 ticaret artacakt\u0131r\u201d<\/p>\n<p>Ye\u015fil Hat T\u00fcz\u00fc\u011f\u00fc ba\u011flam\u0131nda iki taraf aras\u0131ndaki ticaretin artmas\u0131 AB\u2019nin ve G\u00fcney\u2019den gelen yetkililerin temennisi oldu\u011funun ifade edilmekte oldu\u011funu belirten Cumhurba\u015fkan\u0131 Tatar, \u201cAdadaki iki halk aras\u0131nda yararl\u0131 olabilecek i\u015f birliklerinin devam\u0131 ve art\u0131r\u0131lmas\u0131 y\u00f6n\u00fcnde uluslararas\u0131 destek vard\u0131r. Bu samimiyeti g\u00f6rmek durumunday\u0131z. Madem ki Haspolat gibi bir b\u00f6lgeden bir kap\u0131n\u0131n derhal a\u00e7\u0131labilmesi i\u00e7in \u015fartlar m\u00fcsaittir bunun ger\u00e7ekle\u015fmesi i\u00e7in konuyu devaml\u0131 olarak g\u00fcndemde tutuyorum. Kap\u0131n\u0131n a\u00e7\u0131lmas\u0131 her iki taraf\u0131n da yarar\u0131na olacakt\u0131r.\u201d dedi. <\/p>\n<p>Cumhurba\u015fkan\u0131 Tatar, Ye\u015fil Hat T\u00fcz\u00fc\u011f\u00fc ba\u011flam\u0131nda Haspolat kap\u0131s\u0131n\u0131n a\u00e7\u0131lmas\u0131yla kar\u015f\u0131l\u0131kl\u0131 ticaretin artaca\u011f\u0131na i\u015faret etti.<\/p>\n<p>Cumhurba\u015fkan\u0131 Tatar s\u00f6zlerine \u015f\u00f6yle devam etti:<\/p>\n<p>\u201cResmi m\u00fczakerelerin ba\u015flamas\u0131 i\u00e7in egemen e\u015fitli\u011fimizin ve e\u015fit uluslararas\u0131 stat\u00fcm\u00fcz\u00fcn tan\u0131nmas\u0131 gerekti\u011fini s\u00f6yl\u00fcyorum. Egemenlik denildi\u011finde ba\u011f\u0131ms\u0131zl\u0131kt\u0131r, \u00f6zg\u00fcrl\u00fckt\u00fcr, kendi kendini y\u00f6netme hakk\u0131d\u0131r. Madem ki d\u00fcnya tan\u0131ma noktas\u0131nda hen\u00fcz de\u011fil bunun ger\u00e7ekle\u015fmesi zaman alacak, biz yap\u0131c\u0131 bir tutum ortaya koyuyoruz. 3 D (Direkt ticaret, direkt u\u00e7u\u015f ve direkt temas) talebimizi kabul etsinler, masaya otural\u0131m m\u00fczakere edelim dedik. Bunu da kabul etmediler. Hi\u00e7bir \u015fey almadan tekrar ayn\u0131 anlay\u0131\u015fla b\u0131rakt\u0131\u011f\u0131m\u0131z noktadan Crans Montana\u2019daki s\u0131f\u0131r asker s\u0131f\u0131r garanti diyorlar. Biz art\u0131k onu konu\u015fmayaca\u011f\u0131z. O tren ka\u00e7t\u0131. Buna sayg\u0131 duysunlar.\u201d<\/p>\n<p>KTTO Ba\u015fkan\u0131 Turgay Deniz de konu\u015fmas\u0131nda, Ye\u015fil Hat T\u00fcz\u00fc\u011f\u00fc\u2019n\u00fcn uygulay\u0131c\u0131s\u0131 olarak ticaretin daha sa\u011fl\u0131kl\u0131 yap\u0131labilmesi i\u00e7in Haspolat kap\u0131s\u0131n\u0131n a\u00e7\u0131lmas\u0131 konusunu y\u0131llard\u0131r g\u00fcndeme getirdiklerini kaydederek, New York\u2019ta bu konunun g\u00fcndeme gelmesi ve Rum lider Hristodulidis ile Cumhurba\u015fkan\u0131 Tatar\u2019\u0131n g\u00f6r\u00fc\u015fme yaparak ge\u00e7i\u015f kap\u0131lar\u0131n\u0131 g\u00f6r\u00fc\u015fecekleri karar\u0131n\u0131n sevindirici oldu\u011funu s\u00f6yledi.<\/p>\n<p>Rum Ticaret Odas\u0131 muhataplar\u0131 ile yapt\u0131klar\u0131 g\u00f6r\u00fc\u015fmede onlar\u0131n da bu kap\u0131n\u0131n a\u00e7\u0131lmas\u0131na destek verecekleri y\u00f6n\u00fcnde mutabakatlar\u0131 oldu\u011funu payla\u015fan Deniz, bu s\u00fcre\u00e7te hem halk\u0131n umutlar\u0131 a\u00e7\u0131s\u0131ndan hem de ticaretin geli\u015fmesi a\u00e7\u0131s\u0131ndan bu g\u00f6r\u00fc\u015fmenin en yak\u0131n zamanda ger\u00e7ekle\u015ferek Haspolat s\u0131n\u0131r kap\u0131s\u0131n\u0131n a\u00e7\u0131lmas\u0131 nihai karar\u0131n\u0131n \u00e7\u0131kaca\u011f\u0131na inan\u00e7 belirtti.<\/p>\n<p>Deniz, \u201cKTTO olarak bu kap\u0131n\u0131n a\u00e7\u0131lmas\u0131na katk\u0131 koymaya \u00e7al\u0131\u015faca\u011f\u0131z.\u201d dedi.<\/p>\n<\/p><\/div>\n<p><script async\n                    defer\n                    crossorigin=\"anonymous\"\n                    src=\"https:\/\/connect.facebook.net\/tr_TR\/sdk.js#xfbml=1&#038;version=v3.3\"\n            ><\/script><br \/>\n<br \/><br \/>\n<br \/><a href=\"https:\/\/brtk.net\/cumhurbaskani-tatar-kibris-turk-ticaret-odasi-heyetini-kabul-etti\/\">Kaynak BRT <\/a><\/p>\n","protected":false},"excerpt":{"rendered":"<p>Cumhurba\u015fkan\u0131 Ersin Tatar, K\u0131br\u0131s T\u00fcrk Ticaret Odas\u0131 heyetini kabul etti. Cumhurba\u015fkanl\u0131\u011f\u0131\u2019ndan verilen bilgiye g\u00f6re, Cumhurba\u015fkan\u0131 Tatar konu\u015fmas\u0131nda, K\u0131br\u0131s T\u00fcrk Ticaret Odas\u0131\u2019n\u0131n g\u00f6r\u00fc\u015flerinin \u00f6nemli oldu\u011funu belirterek, yeni ge\u00e7i\u015f kap\u0131lar\u0131 konusunu de\u011ferlendirmek \u00fczere KTTO heyetini kabul etti\u011fini s\u00f6yledi. G\u00f6r\u00fc\u015fmede Cumhurba\u015fkan\u0131 \u00d6zel Temsilcisi G\u00fcne\u015f Onar da yer ald\u0131. Tatar, Lefko\u015fa\u2019n\u0131n do\u011fusunda yeni bir ge\u00e7i\u015f kap\u0131s\u0131n\u0131n a\u00e7\u0131lmas\u0131n\u0131n Metehan S\u0131n\u0131r [&hellip;]<\/p>\n","protected":false},"author":908,"featured_media":14425,"comment_status":"open","ping_status":"open","sticky":false,"template":"","format":"standard","meta":{"_jetpack_memberships_contains_paid_content":false,"footnotes":"","jetpack_publicize_message":"","jetpack_publicize_feature_enabled":true,"jetpack_social_post_already_shared":true,"jetpack_social_options":{"image_generator_settings":{"template":"highway","default_image_id":0,"font":"","enabled":false},"version":2}},"categories":[253],"tags":[],"class_list":["post-14424","post","type-post","status-publish","format-standard","has-post-thumbnail","hentry","category-gundem"],"jetpack_publicize_connections":[],"jetpack_featured_media_url":"https:\/\/kibrisayna.com\/wp-content\/uploads\/2024\/12\/kkkssa.jpg","jetpack_sharing_enabled":true,"_links":{"self":[{"href":"https:\/\/kibrisayna.com\/index.php\/wp-json\/wp\/v2\/posts\/14424","targetHints":{"allow":["GET"]}}],"collection":[{"href":"https:\/\/kibrisayna.com\/index.php\/wp-json\/wp\/v2\/posts"}],"about":[{"href":"https:\/\/kibrisayna.com\/index.php\/wp-json\/wp\/v2\/types\/post"}],"author":[{"embeddable":true,"href":"https:\/\/kibrisayna.com\/index.php\/wp-json\/wp\/v2\/users\/908"}],"replies":[{"embeddable":true,"href":"https:\/\/kibrisayna.com\/index.php\/wp-json\/wp\/v2\/comments?post=14424"}],"version-history":[{"count":0,"href":"https:\/\/kibrisayna.com\/index.php\/wp-json\/wp\/v2\/posts\/14424\/revisions"}],"wp:featuredmedia":[{"embeddable":true,"href":"https:\/\/kibrisayna.com\/index.php\/wp-json\/wp\/v2\/media\/14425"}],"wp:attachment":[{"href":"https:\/\/kibrisayna.com\/index.php\/wp-json\/wp\/v2\/media?parent=14424"}],"wp:term":[{"taxonomy":"category","embeddable":true,"href":"https:\/\/kibrisayna.com\/index.php\/wp-json\/wp\/v2\/categories?post=14424"},{"taxonomy":"post_tag","embeddable":true,"href":"https:\/\/kibrisayna.com\/index.php\/wp-json\/wp\/v2\/tags?post=14424"}],"curies":[{"name":"wp","href":"https:\/\/api.w.org\/{rel}","templated":true}]}}