{"id":14422,"date":"2024-12-19T19:34:13","date_gmt":"2024-12-19T16:34:13","guid":{"rendered":"https:\/\/kibrisayna.com\/index.php\/2024\/12\/19\/sampiyon-melekleri-yasatma-dernegi-baskani-karakaya-brtye-konustusorumlular-en-agir-cezayi-alana-kadar-mucadelemizden-geri-adim-atmayacagiz-brtk\/"},"modified":"2024-12-19T19:34:13","modified_gmt":"2024-12-19T16:34:13","slug":"sampiyon-melekleri-yasatma-dernegi-baskani-karakaya-brtye-konustusorumlular-en-agir-cezayi-alana-kadar-mucadelemizden-geri-adim-atmayacagiz-brtk","status":"publish","type":"post","link":"https:\/\/kibrisayna.com\/index.php\/2024\/12\/19\/sampiyon-melekleri-yasatma-dernegi-baskani-karakaya-brtye-konustusorumlular-en-agir-cezayi-alana-kadar-mucadelemizden-geri-adim-atmayacagiz-brtk\/","title":{"rendered":"\u015eampiyon Melekleri Ya\u015fatma Derne\u011fi Ba\u015fkan\u0131 Karakaya, BRT\u2019ye konu\u015ftu:\u2019Sorumlular en a\u011f\u0131r cezay\u0131 alana kadar m\u00fccadelemizden geri ad\u0131m atmayaca\u011f\u0131z\u2019 \u2013 BRTK"},"content":{"rendered":"<p> <br \/>\n<\/p>\n<div>\n<div class=\"mariselle-image-container center\">\n                <img loading=\"lazy\" decoding=\"async\" width=\"710\" height=\"427\" class=\"lazy-image\" alt=\"\" sizes=\"auto, (max-width: 710px) 100vw, 710px\" src=\"https:\/\/brtk.net\/wp-content\/uploads\/2024\/12\/19\/fazf.jpg?ver=f4fc44e848427b715731599baadddfa9\" srcset=\"https:\/\/brtk.net\/wp-content\/uploads\/2024\/12\/19\/fazf.jpg?ver=f4fc44e848427b715731599baadddfa9 710w, https:\/\/brtk.net\/wp-content\/uploads\/2024\/12\/19\/fazf-300x180.jpg?ver=2aeaa446cc4611e56295585a8cc9fe3c 300w\"\/>                            <\/div>\n<p>6 \u015eubat depreminde Ad\u0131yaman \u0130sias Otel\u2019de hayat\u0131n\u0131 kaybeden \u015eampiyon Melekler ve tur rehberlerinin ailelerinin adalet aray\u0131\u015f\u0131 s\u00fcr\u00fcyor.<\/p>\n<p>\u0130sias Otel davas\u0131n\u0131n 6. Duru\u015fmas\u0131 Ad\u0131yaman 3. A\u011f\u0131r Ceza Mahkemesi\u2019nde 24 Aral\u0131k Sal\u0131 g\u00fcn\u00fc g\u00f6r\u00fc\u015f\u00fclecek.<\/p>\n<p>Duru\u015fma \u00f6ncesinde BRT\u2019ye de\u011ferlendirmede bulunan \u015eampiyon Melekleri Ya\u015fatma Derne\u011fi Ba\u015fkan\u0131 Ru\u015fen Karakaya, Mahkeme heyetinden, 24 Aral\u0131k\u2019ta elini vicdan\u0131na koymas\u0131n\u0131, hukukun gerektirdi\u011fini yapmas\u0131n\u0131 ve sorumlular\u0131n olas\u0131 kastla ceza almas\u0131n\u0131 s\u00f6ylemesini beklediklerini s\u00f6yledi.<\/p>\n<p> Karakaya, \u201ct\u00fcm sorumlular en a\u011f\u0131r cezay\u0131 alana kadar m\u00fccadelemizden asla geri ad\u0131m atmayaca\u011f\u0131z\u201d vurgusu yapt\u0131.<\/p>\n<p><iframe loading=\"lazy\" src=\"https:\/\/www.facebook.com\/plugins\/video.php?height=314&amp;href=https%3A%2F%2Fwww.facebook.com%2Fbrtsosyalmedya%2Fvideos%2F890413296257417%2F&amp;show_text=false&amp;width=560&amp;t=0\" width=\"560\" height=\"314\" style=\"border:none;overflow:hidden\" scrolling=\"no\" frameborder=\"0\" allowfullscreen=\"true\" allow=\"autoplay; clipboard-write; encrypted-media; picture-in-picture; web-share\"><\/iframe><\/p>\n<\/p><\/div>\n<p><script async\n                    defer\n                    crossorigin=\"anonymous\"\n                    src=\"https:\/\/connect.facebook.net\/tr_TR\/sdk.js#xfbml=1&#038;version=v3.3\"\n            ><\/script><br \/>\n<br \/><br \/>\n<br \/><a href=\"https:\/\/brtk.net\/sampiyon-melekleri-yasatma-dernegi-baskani-karakaya-brtye-konustusorumlular-en-agir-cezayi-alana-kadar-mucadelemizden-geri-adim-atmayacagiz\/\">Kaynak BRT <\/a><\/p>\n","protected":false},"excerpt":{"rendered":"<p>6 \u015eubat depreminde Ad\u0131yaman \u0130sias Otel\u2019de hayat\u0131n\u0131 kaybeden \u015eampiyon Melekler ve tur rehberlerinin ailelerinin adalet aray\u0131\u015f\u0131 s\u00fcr\u00fcyor. \u0130sias Otel davas\u0131n\u0131n 6. Duru\u015fmas\u0131 Ad\u0131yaman 3. A\u011f\u0131r Ceza Mahkemesi\u2019nde 24 Aral\u0131k Sal\u0131 g\u00fcn\u00fc g\u00f6r\u00fc\u015f\u00fclecek. Duru\u015fma \u00f6ncesinde BRT\u2019ye de\u011ferlendirmede bulunan \u015eampiyon Melekleri Ya\u015fatma Derne\u011fi Ba\u015fkan\u0131 Ru\u015fen Karakaya, Mahkeme heyetinden, 24 Aral\u0131k\u2019ta elini vicdan\u0131na koymas\u0131n\u0131, hukukun gerektirdi\u011fini yapmas\u0131n\u0131 ve [&hellip;]<\/p>\n","protected":false},"author":908,"featured_media":14423,"comment_status":"open","ping_status":"open","sticky":false,"template":"","format":"standard","meta":{"_jetpack_memberships_contains_paid_content":false,"footnotes":"","jetpack_publicize_message":"","jetpack_publicize_feature_enabled":true,"jetpack_social_post_already_shared":true,"jetpack_social_options":{"image_generator_settings":{"template":"highway","default_image_id":0,"font":"","enabled":false},"version":2}},"categories":[253],"tags":[],"class_list":["post-14422","post","type-post","status-publish","format-standard","has-post-thumbnail","hentry","category-gundem"],"jetpack_publicize_connections":[],"jetpack_featured_media_url":"https:\/\/kibrisayna.com\/wp-content\/uploads\/2024\/12\/fazf.jpg","jetpack_sharing_enabled":true,"_links":{"self":[{"href":"https:\/\/kibrisayna.com\/index.php\/wp-json\/wp\/v2\/posts\/14422","targetHints":{"allow":["GET"]}}],"collection":[{"href":"https:\/\/kibrisayna.com\/index.php\/wp-json\/wp\/v2\/posts"}],"about":[{"href":"https:\/\/kibrisayna.com\/index.php\/wp-json\/wp\/v2\/types\/post"}],"author":[{"embeddable":true,"href":"https:\/\/kibrisayna.com\/index.php\/wp-json\/wp\/v2\/users\/908"}],"replies":[{"embeddable":true,"href":"https:\/\/kibrisayna.com\/index.php\/wp-json\/wp\/v2\/comments?post=14422"}],"version-history":[{"count":0,"href":"https:\/\/kibrisayna.com\/index.php\/wp-json\/wp\/v2\/posts\/14422\/revisions"}],"wp:featuredmedia":[{"embeddable":true,"href":"https:\/\/kibrisayna.com\/index.php\/wp-json\/wp\/v2\/media\/14423"}],"wp:attachment":[{"href":"https:\/\/kibrisayna.com\/index.php\/wp-json\/wp\/v2\/media?parent=14422"}],"wp:term":[{"taxonomy":"category","embeddable":true,"href":"https:\/\/kibrisayna.com\/index.php\/wp-json\/wp\/v2\/categories?post=14422"},{"taxonomy":"post_tag","embeddable":true,"href":"https:\/\/kibrisayna.com\/index.php\/wp-json\/wp\/v2\/tags?post=14422"}],"curies":[{"name":"wp","href":"https:\/\/api.w.org\/{rel}","templated":true}]}}