{"id":14418,"date":"2024-12-19T19:01:22","date_gmt":"2024-12-19T16:01:22","guid":{"rendered":"https:\/\/kibrisayna.com\/index.php\/2024\/12\/19\/sibel-tatar-hikayesi-ve-urunleriyle-on-plana-cikan-sibela-organik-tarim-ciftligini-ziyaret-etti-brtk\/"},"modified":"2024-12-19T19:01:22","modified_gmt":"2024-12-19T16:01:22","slug":"sibel-tatar-hikayesi-ve-urunleriyle-on-plana-cikan-sibela-organik-tarim-ciftligini-ziyaret-etti-brtk","status":"publish","type":"post","link":"https:\/\/kibrisayna.com\/index.php\/2024\/12\/19\/sibel-tatar-hikayesi-ve-urunleriyle-on-plana-cikan-sibela-organik-tarim-ciftligini-ziyaret-etti-brtk\/","title":{"rendered":"Sibel Tatar hikayesi ve \u00fcr\u00fcnleriyle \u00f6n plana \u00e7\u0131kan \u2018Sibela Organik Tar\u0131m \u00c7iftli\u011fi\u2019ni ziyaret etti \u2013 BRTK"},"content":{"rendered":"<p> <br \/>\n<\/p>\n<div>\n<div class=\"mariselle-image-container center\">\n                <img loading=\"lazy\" decoding=\"async\" width=\"1600\" height=\"842\" class=\"lazy-image\" alt=\"\" sizes=\"auto, (max-width: 1600px) 100vw, 1600px\" src=\"https:\/\/brtk.net\/wp-content\/uploads\/2024\/12\/19\/kkkkkkkkkkkk.jpg?ver=2c914511ba636c51ec22d502c57962d0\" srcset=\"https:\/\/brtk.net\/wp-content\/uploads\/2024\/12\/19\/kkkkkkkkkkkk.jpg?ver=2c914511ba636c51ec22d502c57962d0 1600w, https:\/\/brtk.net\/wp-content\/uploads\/2024\/12\/19\/kkkkkkkkkkkk-300x158.jpg?ver=b1aa81068e2d5b7ad8896c34d6957a01 300w, https:\/\/brtk.net\/wp-content\/uploads\/2024\/12\/19\/kkkkkkkkkkkk-1024x539.jpg?ver=b1aa81068e2d5b7ad8896c34d6957a01 1024w, https:\/\/brtk.net\/wp-content\/uploads\/2024\/12\/19\/kkkkkkkkkkkk-768x404.jpg?ver=b1aa81068e2d5b7ad8896c34d6957a01 768w, https:\/\/brtk.net\/wp-content\/uploads\/2024\/12\/19\/kkkkkkkkkkkk-1536x808.jpg?ver=d8177b2b7d80e07dd4f2018febec9242 1536w\"\/>                            <\/div>\n<p>\nCumhurba\u015fkan\u0131 Ersin Tatar\u2019\u0131n e\u015fi Sibel Tatar, Murata\u011fa k\u00f6y\u00fcnde organik tar\u0131m ile ilgilenen \u2018Sibela Organik Tar\u0131m \u00c7iftli\u011fi\u2019ni ziyaret etti\u2026<\/p>\n<p>Ailesini Murata\u011fa katliam\u0131nda kaybeden H\u00fcseyin Akansoy, \u00e7iftli\u011fine en k\u00fc\u00e7\u00fck karde\u015fi Sibel\u2019in ad\u0131n\u0131 verdi\u2026<\/p>\n<p>\u00c7iftlik sahibi H\u00fcseyin Akansoy, Rumlar\u0131n annesi ve 4 karde\u015fini Murata\u011fa katliam\u0131nda katletti\u011fini an\u0131msatt\u0131\u2026<\/p>\n<p>Akansoy, ya\u015fanan t\u00fcm olumsuzluklara inat \u00fcreterek var olacaklar\u0131n\u0131 ve ailesinin ad\u0131n\u0131 da ilelebet ya\u015fatacaklar\u0131n\u0131 vurgulad\u0131.<\/p>\n<p>\u00c7iftlik direkt\u00f6rlerinden Huriye Akansoy da sa\u011fl\u0131kl\u0131 beslenme i\u00e7in organik tar\u0131m\u0131n \u00f6nemine dikkati \u00e7ekerek, Sibel Tatar\u2019a te\u015fekk\u00fcr etti.<\/p>\n<p>Girne Emek\u00e7i Kad\u0131nlar Kooperatifi Ba\u015fkan\u0131 Emel Ki\u015fi de \u00fclkede kooperatif\u00e7ili\u011fin yeniden yayg\u0131nla\u015ft\u0131r\u0131lmas\u0131 gerekti\u011fini ifade etti\u2026<\/p>\n<div class=\"mariselle-image-container center\">\n                <img loading=\"lazy\" decoding=\"async\" width=\"1600\" height=\"720\" class=\"lazy-image\" alt=\"\" sizes=\"auto, (max-width: 1600px) 100vw, 1600px\" src=\"https:\/\/brtk.net\/wp-content\/uploads\/2024\/12\/19\/IMG-20241219-WA0035.jpg?ver=ff41a949b899aa982eba503bfd6afce1\" srcset=\"https:\/\/brtk.net\/wp-content\/uploads\/2024\/12\/19\/IMG-20241219-WA0035.jpg?ver=ff41a949b899aa982eba503bfd6afce1 1600w, https:\/\/brtk.net\/wp-content\/uploads\/2024\/12\/19\/IMG-20241219-WA0035-300x135.jpg?ver=4373e9a0cd324fe68547bd0e7bbfe850 300w, https:\/\/brtk.net\/wp-content\/uploads\/2024\/12\/19\/IMG-20241219-WA0035-1024x461.jpg?ver=4373e9a0cd324fe68547bd0e7bbfe850 1024w, https:\/\/brtk.net\/wp-content\/uploads\/2024\/12\/19\/IMG-20241219-WA0035-768x346.jpg?ver=4373e9a0cd324fe68547bd0e7bbfe850 768w, https:\/\/brtk.net\/wp-content\/uploads\/2024\/12\/19\/IMG-20241219-WA0035-1536x691.jpg?ver=4373e9a0cd324fe68547bd0e7bbfe850 1536w\"\/>                            <\/div>\n<p>Cumhurba\u015fkan\u0131 Ersin Tatar\u2019\u0131n e\u015fi Sibel Tatar da sa\u011fl\u0131kl\u0131 beslenmek i\u00e7in organik tar\u0131m\u0131n son derece \u00f6nemli oldu\u011funa i\u015faret ederek b\u00f6ylesi \u00e7iftliklerin \u00e7o\u011falmas\u0131n\u0131 temenni etti.<\/p>\n<p>21 Aral\u0131k tarihinin hem \u015eehitler Haftas\u0131 hem de \u00fclkede ilk kooperatif\u00e7ilik faaliyetlerinin ba\u015flad\u0131\u011f\u0131 tarih oldu\u011funa dikkati \u00e7eken Sibel Tatar, b\u00f6ylesi h\u00fcz\u00fcnl\u00fc bir hikayesi olan \u00e7iftlikte organik tar\u0131m yaparak \u00fcretime katk\u0131 sa\u011flayan Akansoy ailesine te\u015fekk\u00fcr etti\u2026<\/p>\n<p>\u00a0<\/p>\n<\/p><\/div>\n<p><script async\n                    defer\n                    crossorigin=\"anonymous\"\n                    src=\"https:\/\/connect.facebook.net\/tr_TR\/sdk.js#xfbml=1&#038;version=v3.3\"\n            ><\/script><br \/>\n<br \/><br \/>\n<br \/><a href=\"https:\/\/brtk.net\/sibel-tatar-hikayesi-ve-urunleriyle-on-plana-cikan-sibela-organik-tarim-ciftligini-ziyaret-etti\/\">Kaynak BRT <\/a><\/p>\n","protected":false},"excerpt":{"rendered":"<p>Cumhurba\u015fkan\u0131 Ersin Tatar\u2019\u0131n e\u015fi Sibel Tatar, Murata\u011fa k\u00f6y\u00fcnde organik tar\u0131m ile ilgilenen \u2018Sibela Organik Tar\u0131m \u00c7iftli\u011fi\u2019ni ziyaret etti\u2026 Ailesini Murata\u011fa katliam\u0131nda kaybeden H\u00fcseyin Akansoy, \u00e7iftli\u011fine en k\u00fc\u00e7\u00fck karde\u015fi Sibel\u2019in ad\u0131n\u0131 verdi\u2026 \u00c7iftlik sahibi H\u00fcseyin Akansoy, Rumlar\u0131n annesi ve 4 karde\u015fini Murata\u011fa katliam\u0131nda katletti\u011fini an\u0131msatt\u0131\u2026 Akansoy, ya\u015fanan t\u00fcm olumsuzluklara inat \u00fcreterek var olacaklar\u0131n\u0131 ve ailesinin ad\u0131n\u0131 [&hellip;]<\/p>\n","protected":false},"author":908,"featured_media":14419,"comment_status":"open","ping_status":"open","sticky":false,"template":"","format":"standard","meta":{"_jetpack_memberships_contains_paid_content":false,"footnotes":"","jetpack_publicize_message":"","jetpack_publicize_feature_enabled":true,"jetpack_social_post_already_shared":true,"jetpack_social_options":{"image_generator_settings":{"template":"highway","default_image_id":0,"font":"","enabled":false},"version":2}},"categories":[253],"tags":[],"class_list":["post-14418","post","type-post","status-publish","format-standard","has-post-thumbnail","hentry","category-gundem"],"jetpack_publicize_connections":[],"jetpack_featured_media_url":"https:\/\/kibrisayna.com\/wp-content\/uploads\/2024\/12\/IMG-20241219-WA0035.jpg","jetpack_sharing_enabled":true,"_links":{"self":[{"href":"https:\/\/kibrisayna.com\/index.php\/wp-json\/wp\/v2\/posts\/14418","targetHints":{"allow":["GET"]}}],"collection":[{"href":"https:\/\/kibrisayna.com\/index.php\/wp-json\/wp\/v2\/posts"}],"about":[{"href":"https:\/\/kibrisayna.com\/index.php\/wp-json\/wp\/v2\/types\/post"}],"author":[{"embeddable":true,"href":"https:\/\/kibrisayna.com\/index.php\/wp-json\/wp\/v2\/users\/908"}],"replies":[{"embeddable":true,"href":"https:\/\/kibrisayna.com\/index.php\/wp-json\/wp\/v2\/comments?post=14418"}],"version-history":[{"count":0,"href":"https:\/\/kibrisayna.com\/index.php\/wp-json\/wp\/v2\/posts\/14418\/revisions"}],"wp:featuredmedia":[{"embeddable":true,"href":"https:\/\/kibrisayna.com\/index.php\/wp-json\/wp\/v2\/media\/14419"}],"wp:attachment":[{"href":"https:\/\/kibrisayna.com\/index.php\/wp-json\/wp\/v2\/media?parent=14418"}],"wp:term":[{"taxonomy":"category","embeddable":true,"href":"https:\/\/kibrisayna.com\/index.php\/wp-json\/wp\/v2\/categories?post=14418"},{"taxonomy":"post_tag","embeddable":true,"href":"https:\/\/kibrisayna.com\/index.php\/wp-json\/wp\/v2\/tags?post=14418"}],"curies":[{"name":"wp","href":"https:\/\/api.w.org\/{rel}","templated":true}]}}