{"id":14377,"date":"2024-12-19T14:36:49","date_gmt":"2024-12-19T11:36:49","guid":{"rendered":"https:\/\/kibrisayna.com\/index.php\/2024\/12\/19\/2025-icin-gelir-vergi-oranlari-resmi-gazetede-halkin-bilgisine-getirildi-brtk\/"},"modified":"2024-12-19T14:36:49","modified_gmt":"2024-12-19T11:36:49","slug":"2025-icin-gelir-vergi-oranlari-resmi-gazetede-halkin-bilgisine-getirildi-brtk","status":"publish","type":"post","link":"https:\/\/kibrisayna.com\/index.php\/2024\/12\/19\/2025-icin-gelir-vergi-oranlari-resmi-gazetede-halkin-bilgisine-getirildi-brtk\/","title":{"rendered":"2025 i\u00e7in gelir vergi oranlar\u0131 Resmi Gazete\u2019de halk\u0131n bilgisine getirildi \u2013 BRTK"},"content":{"rendered":"<p> <br \/>\n<\/p>\n<div>\n<div class=\"mariselle-image-container center\">\n                <img loading=\"lazy\" decoding=\"async\" width=\"2100\" height=\"800\" class=\"lazy-image\" alt=\"\" sizes=\"auto, (max-width: 2100px) 100vw, 2100px\" src=\"https:\/\/brtk.net\/wp-content\/uploads\/2024\/12\/19\/veergi-oran.jpg?ver=255b8260b3a7552d707ad747d3a3fcf1\" srcset=\"https:\/\/brtk.net\/wp-content\/uploads\/2024\/12\/19\/veergi-oran.jpg?ver=255b8260b3a7552d707ad747d3a3fcf1 2100w, https:\/\/brtk.net\/wp-content\/uploads\/2024\/12\/19\/veergi-oran-300x114.jpg?ver=eb54b12d601b08d1460e3062c79fc004 300w, https:\/\/brtk.net\/wp-content\/uploads\/2024\/12\/19\/veergi-oran-1024x390.jpg?ver=eb54b12d601b08d1460e3062c79fc004 1024w, https:\/\/brtk.net\/wp-content\/uploads\/2024\/12\/19\/veergi-oran-768x293.jpg?ver=eb54b12d601b08d1460e3062c79fc004 768w, https:\/\/brtk.net\/wp-content\/uploads\/2024\/12\/19\/veergi-oran-1536x585.jpg?ver=36aeffe5e49b99f77549b4c0458719be 1536w, https:\/\/brtk.net\/wp-content\/uploads\/2024\/12\/19\/veergi-oran-2048x780.jpg?ver=36aeffe5e49b99f77549b4c0458719be 2048w\"\/>                            <\/div>\n<p> Gelir Vergisi (De\u011fi\u015fiklik) Yasa Tasar\u0131s\u0131, Resmi Gazetede yay\u0131mlanarak halk\u0131n bilgisine getirildi. 1 Ocak 2025\u2019te y\u00fcr\u00fcrl\u00fc\u011fe girmesi \u00f6ng\u00f6r\u00fclen Yasa Tasar\u0131s\u0131\u2019nda y\u0131ll\u0131k matrah dilimleri ve oranlar\u0131 yer al\u0131yor<\/p>\n<p>Buna g\u00f6re, ilk 45 bin i\u00e7in y\u00fczde 10, sonra gelen 45 bin TL i\u00e7in y\u00fczde 20, sonra gelen 120 bin i\u00e7in y\u00fczde 25, sonra gelen 190 bin TL i\u00e7in y\u00fczde 30 ve 400 bin TL\u2019den sonras\u0131 i\u00e7in y\u00fczde 37 gelir vergisi al\u0131nacak.<\/p>\n<p>Tasar\u0131\u2019n\u0131n Resmi Gazetede yay\u0131mlanmas\u0131n\u0131 izleyen 20 g\u00fcn i\u00e7inde g\u00f6r\u00fc\u015f ve \u00f6neriler Meclis Ba\u015fkanl\u0131\u011f\u0131\u2019na yaz\u0131l\u0131 olarak iletilebilecek.<\/p>\n<\/p><\/div>\n<p><script async\n                    defer\n                    crossorigin=\"anonymous\"\n                    src=\"https:\/\/connect.facebook.net\/tr_TR\/sdk.js#xfbml=1&#038;version=v3.3\"\n            ><\/script><br \/>\n<br \/><br \/>\n<br \/><a href=\"https:\/\/brtk.net\/2025-icin-gelir-vergi-oranlari-resmi-gazetede-halkin-bilgisine-getirildi\/\">Kaynak BRT <\/a><\/p>\n","protected":false},"excerpt":{"rendered":"<p>Gelir Vergisi (De\u011fi\u015fiklik) Yasa Tasar\u0131s\u0131, Resmi Gazetede yay\u0131mlanarak halk\u0131n bilgisine getirildi. 1 Ocak 2025\u2019te y\u00fcr\u00fcrl\u00fc\u011fe girmesi \u00f6ng\u00f6r\u00fclen Yasa Tasar\u0131s\u0131\u2019nda y\u0131ll\u0131k matrah dilimleri ve oranlar\u0131 yer al\u0131yor Buna g\u00f6re, ilk 45 bin i\u00e7in y\u00fczde 10, sonra gelen 45 bin TL i\u00e7in y\u00fczde 20, sonra gelen 120 bin i\u00e7in y\u00fczde 25, sonra gelen 190 bin TL i\u00e7in [&hellip;]<\/p>\n","protected":false},"author":908,"featured_media":14378,"comment_status":"open","ping_status":"open","sticky":false,"template":"","format":"standard","meta":{"_jetpack_memberships_contains_paid_content":false,"footnotes":"","jetpack_publicize_message":"","jetpack_publicize_feature_enabled":true,"jetpack_social_post_already_shared":true,"jetpack_social_options":{"image_generator_settings":{"template":"highway","default_image_id":0,"font":"","enabled":false},"version":2}},"categories":[253],"tags":[],"class_list":["post-14377","post","type-post","status-publish","format-standard","has-post-thumbnail","hentry","category-gundem"],"jetpack_publicize_connections":[],"jetpack_featured_media_url":"https:\/\/kibrisayna.com\/wp-content\/uploads\/2024\/12\/veergi-oran.jpg","jetpack_sharing_enabled":true,"_links":{"self":[{"href":"https:\/\/kibrisayna.com\/index.php\/wp-json\/wp\/v2\/posts\/14377","targetHints":{"allow":["GET"]}}],"collection":[{"href":"https:\/\/kibrisayna.com\/index.php\/wp-json\/wp\/v2\/posts"}],"about":[{"href":"https:\/\/kibrisayna.com\/index.php\/wp-json\/wp\/v2\/types\/post"}],"author":[{"embeddable":true,"href":"https:\/\/kibrisayna.com\/index.php\/wp-json\/wp\/v2\/users\/908"}],"replies":[{"embeddable":true,"href":"https:\/\/kibrisayna.com\/index.php\/wp-json\/wp\/v2\/comments?post=14377"}],"version-history":[{"count":0,"href":"https:\/\/kibrisayna.com\/index.php\/wp-json\/wp\/v2\/posts\/14377\/revisions"}],"wp:featuredmedia":[{"embeddable":true,"href":"https:\/\/kibrisayna.com\/index.php\/wp-json\/wp\/v2\/media\/14378"}],"wp:attachment":[{"href":"https:\/\/kibrisayna.com\/index.php\/wp-json\/wp\/v2\/media?parent=14377"}],"wp:term":[{"taxonomy":"category","embeddable":true,"href":"https:\/\/kibrisayna.com\/index.php\/wp-json\/wp\/v2\/categories?post=14377"},{"taxonomy":"post_tag","embeddable":true,"href":"https:\/\/kibrisayna.com\/index.php\/wp-json\/wp\/v2\/tags?post=14377"}],"curies":[{"name":"wp","href":"https:\/\/api.w.org\/{rel}","templated":true}]}}