{"id":14345,"date":"2024-12-19T12:11:19","date_gmt":"2024-12-19T09:11:19","guid":{"rendered":"https:\/\/kibrisayna.com\/index.php\/2024\/12\/19\/giaddan-sanayi-bolgeleriyle-ile-ilgili-uluslararasi-antlasma-uzerine-gorus-ve-elestiriler-brtk\/"},"modified":"2024-12-19T12:11:19","modified_gmt":"2024-12-19T09:11:19","slug":"giaddan-sanayi-bolgeleriyle-ile-ilgili-uluslararasi-antlasma-uzerine-gorus-ve-elestiriler-brtk","status":"publish","type":"post","link":"https:\/\/kibrisayna.com\/index.php\/2024\/12\/19\/giaddan-sanayi-bolgeleriyle-ile-ilgili-uluslararasi-antlasma-uzerine-gorus-ve-elestiriler-brtk\/","title":{"rendered":"G\u0130AD\u2019dan sanayi b\u00f6lgeleriyle ile ilgili uluslararas\u0131 antla\u015fma \u00fczerine g\u00f6r\u00fc\u015f ve ele\u015ftiriler\u2026 \u2013 BRTK"},"content":{"rendered":"<p> <br \/>\n<\/p>\n<div>\n<div class=\"mariselle-image-container center\">\n                <img loading=\"lazy\" decoding=\"async\" width=\"640\" height=\"316\" class=\"lazy-image\" alt=\"\" sizes=\"auto, (max-width: 640px) 100vw, 640px\" src=\"https:\/\/brtk.net\/wp-content\/uploads\/2024\/03\/11\/giad-logo-yeni.jpeg?ver=b3f6e8db3cea1e36acd270f7455c98a6\" srcset=\"https:\/\/brtk.net\/wp-content\/uploads\/2024\/03\/11\/giad-logo-yeni.jpeg?ver=b3f6e8db3cea1e36acd270f7455c98a6 640w, https:\/\/brtk.net\/wp-content\/uploads\/2024\/03\/11\/giad-logo-yeni-300x148.jpeg?ver=b3f6e8db3cea1e36acd270f7455c98a6 300w\"\/>                            <\/div>\n<p>Gen\u00e7 \u0130\u015f \u0130nsanlar\u0131 Derne\u011fi (G\u0130AD) KKTC\u2019de sanayinin geli\u015fimi ve yerli \u00fcretimin korunmas\u0131n\u0131n, \u00fclkenin ekonomik ba\u011f\u0131ms\u0131zl\u0131\u011f\u0131 ve s\u00fcrd\u00fcr\u00fclebilir kalk\u0131nmas\u0131 ad\u0131na temel \u00f6ncelikler aras\u0131nda yer almas\u0131 gerekti\u011fini ifade etti.<\/p>\n<p>G\u0130AD, bir s\u00fcre \u00f6nce imzalanan Sanayi B\u00f6lgeleri ile ilgili Uluslararas\u0131 Antla\u015fma\u2019n\u0131n, i\u00e7eri\u011fi ve uygulama alan\u0131 a\u00e7\u0131s\u0131ndan, bu hedeflere hizmet etmekten uzak bir yakla\u015f\u0131m\u0131 temsil etti\u011fini savundu.<\/p>\n<p>-\u201cTek odakl\u0131 d\u00fczenleme ve liberal ekonomiyle \u00e7eli\u015fki\u2026\u201d<\/p>\n<p>G\u0130AD\u2019dan yap\u0131lan yaz\u0131l\u0131 a\u00e7\u0131klamada, yasan\u0131n, yaln\u0131zca T\u00fcrkiye\u2019de kurulan \u015firketlere imtiyaz tan\u0131yan yap\u0131s\u0131n\u0131n, \u00e7a\u011fda\u015f liberal ekonomi ilkeleriyle ba\u011fda\u015fmad\u0131\u011f\u0131 ifade edilerek, ekonomik i\u015f birli\u011fi ve yat\u0131r\u0131m te\u015fviklerinin, KKTC\u2019nin yerel sanayi potansiyelini, co\u011frafi avantajlar\u0131n\u0131 ve uluslararas\u0131 ba\u011flant\u0131lar\u0131n\u0131 kapsayacak \u015fekilde, \u00e7ok daha geni\u015f bir vizyonda ele almas\u0131n\u0131n gerekli oldu\u011fu kaydedildi.<\/p>\n<p>Bu t\u00fcr tek odakl\u0131 d\u00fczenlemelerin yat\u0131r\u0131m ekosistemini daraltarak \u00fclkenin rekabet g\u00fcc\u00fcn\u00fc zay\u0131flatt\u0131\u011f\u0131 belirtilen a\u00e7\u0131klamada, b\u00f6yle bir imtiyaz\u0131n do\u011fru ko\u015fullarda ve t\u00fcm d\u00fcnyadaki ko\u015fullar\u0131 sa\u011flayan \u015firketlere verilmesinin, \u00fclke ekonomisine katk\u0131 sa\u011flarken uluslararas\u0131 alanda da konumunun g\u00fc\u00e7lenmesine zemin haz\u0131rlayaca\u011f\u0131 g\u00f6r\u00fc\u015f\u00fc aktar\u0131ld\u0131.<\/p>\n<p>Ticaretin, siyasetin s\u0131n\u0131rlar\u0131n\u0131 a\u015fan bir etkisi oldu\u011fu vurgulanan a\u00e7\u0131klamada, \u201cekonomik g\u00fc\u00e7 ve ba\u011f\u0131ms\u0131zl\u0131\u011f\u0131n, K\u0131br\u0131s T\u00fcrk siyasetinin, 450 y\u0131ll\u0131k K\u0131br\u0131s T\u00fcrk varl\u0131\u011f\u0131n\u0131n tarihten gelen haklar\u0131yla birlikte en g\u00fc\u00e7l\u00fc kozlar\u0131ndan biri oldu\u011funa\u201d dikkat \u00e7ekildi.<\/p>\n<p>G\u0130AD a\u00e7\u0131klamas\u0131nda, sanayi b\u00f6lgelerinin yaln\u0131zca %22\u2019sinin \u00fcretim yapan yerlerden olu\u015ftu\u011fu, geri kalan k\u0131sm\u0131n\u0131n depo, garaj ve benzeri ama\u00e7larla kullan\u0131ld\u0131\u011f\u0131na da i\u015faret edilerek, bunun, mevcut sanayi altyap\u0131s\u0131n\u0131n do\u011fru de\u011ferlendirilemedi\u011fini ve kaynaklar\u0131n etkin kullan\u0131lmad\u0131\u011f\u0131n\u0131 ortaya koydu\u011fu belirtildi.<\/p>\n<p>A\u00e7\u0131klamada ayr\u0131ca, yeni sanayi b\u00f6lgelerinin a\u00e7\u0131lmas\u0131 yerine, mevcut b\u00f6lgelerin verimli kullan\u0131lmas\u0131na \u00f6ncelik verilmesi gerekti\u011fi kaydedildi.<\/p>\n<p>G\u0130AD a\u00e7\u0131klamas\u0131nda ayr\u0131ca \u015funlara yer verildi:<\/p>\n<p>\u201cT\u00fcrkiye gibi lojistik, maliyet ve pazar avantajlar\u0131na sahip bir \u00fclkeden yat\u0131r\u0131mc\u0131lar\u0131n KKTC\u2019ye olan ilgisi ve motivasyonu sorgulanmal\u0131d\u0131r. Bu yat\u0131r\u0131mc\u0131lar\u0131n talep ve ilgisinin hangi verilere ve ihtiya\u00e7 analizlerine dayand\u0131\u011f\u0131 a\u00e7\u0131klanmal\u0131d\u0131r. Bu bilgiler kamuoyuyla \u015feffaf bir \u015fekilde payla\u015f\u0131lmad\u0131\u011f\u0131 s\u00fcrece, d\u00fczenlemenin ger\u00e7ek niyetine dair soru i\u015faretleri artmaya devam edecektir.<\/p>\n<p>Sanayi kalk\u0131nmas\u0131 ve uluslararas\u0131 yat\u0131r\u0131mlar konusunda, yerli sanayicilerin haklar\u0131n\u0131 g\u00f6zeten ve e\u015fit yat\u0131r\u0131m \u015fartlar\u0131n\u0131 sa\u011flayan bir yakla\u015f\u0131m benimsenmelidir.<\/p>\n<p>G\u0130AD olarak, d\u0131\u015f yat\u0131r\u0131mlara kar\u015f\u0131 olmad\u0131\u011f\u0131m\u0131z\u0131 a\u00e7\u0131k\u00e7a ifade etmek isteriz. Nitekim turizm, e\u011fitim ve in\u015faat sekt\u00f6rlerinde yap\u0131lan uluslararas\u0131 yat\u0131r\u0131mlar\u0131n \u00fclkemize sa\u011flad\u0131\u011f\u0131 katk\u0131lar g\u00f6z ard\u0131 edilemez. Bu sekt\u00f6rlerde t\u00fcm \u00fclkelere a\u00e7\u0131k ve e\u015fit yat\u0131r\u0131m \u015fartlar\u0131n\u0131n uygulanmas\u0131, ba\u015far\u0131l\u0131 \u00f6rnekler olarak kar\u015f\u0131m\u0131zdad\u0131r. Sanayi politikas\u0131 da ayn\u0131 anlay\u0131\u015fla haz\u0131rlanmal\u0131; yerli \u00fcretimin korunmas\u0131 ve \u00fclkemizin ekonomik \u00e7\u0131karlar\u0131n\u0131n g\u00f6zetilmesiyle birlikte, t\u00fcm yat\u0131r\u0131mc\u0131lara e\u015fit ve adil ko\u015fullar sunulmal\u0131d\u0131r.\u201d<\/p>\n<p>G\u0130AD a\u00e7\u0131klamas\u0131nda, d\u00fczenleme kar\u015f\u0131s\u0131nda, \u201cK\u0131br\u0131s T\u00fcrk sanayicisinin en \u00f6nemli savunucusu olmas\u0131 beklenen K\u0131br\u0131s T\u00fcrk Sanayi Odas\u0131\u2019n\u0131n (KTSO) sessizli\u011fe yak\u0131n duru\u015funun hayal k\u0131r\u0131kl\u0131\u011f\u0131 yaratt\u0131\u011f\u0131\u201d ifade edilerek, \u201cge\u00e7ti\u011fimiz g\u00fcnlerde yerli \u00fcretimin korunmas\u0131 ad\u0131na eylem yapan bir kurumun, sanayicinin gelece\u011fini tehdit eden s\u00f6z konusu yasa kar\u015f\u0131s\u0131nda c\u0131l\u0131z bir tepki vermesinin ciddi bir \u00e7eli\u015fki do\u011furdu\u011funa\u201d i\u015faret edildi.<\/p>\n<p>A\u00e7\u0131klamada, bu durumun KTSO\u2019nun sanayicilerin ger\u00e7ek \u00e7\u0131karlar\u0131n\u0131 ne \u00f6l\u00e7\u00fcde temsil etti\u011fi konusunda soru i\u015faretleri do\u011furdu\u011fu savunuldu.<\/p>\n<p>-\u00c7\u00f6z\u00fcm \u00f6nerileri\u2026<\/p>\n<p>G\u0130AD, K\u0131br\u0131s T\u00fcrk sanayisinin s\u00fcrd\u00fcr\u00fclebilirli\u011fi ve yerli \u00fcretimin korunmas\u0131 ad\u0131na \u00e7\u00f6z\u00fcm \u00f6nerilerini \u015fu \u015fekilde s\u0131ralad\u0131:<\/p>\n<p>\u201c\u0130mtiyazlar yaln\u0131zca yerli sanayicilerin mevcut ve potansiyel yat\u0131r\u0131m yapma imk\u00e2n\u0131n\u0131n, sermaye miktar\u0131n\u0131n \u00fczerinde ger\u00e7ekle\u015fecek yat\u0131r\u0131mlara ve teknoloji yo\u011funlu\u011fu y\u00fcksek yat\u0131r\u0131mlara verilmeli; \u00fclkemize stratejik katk\u0131 sa\u011flayacak sekt\u00f6rler hedeflenmeli.<\/p>\n<p>T\u00fcm yat\u0131r\u0131mc\u0131lar, k\u00f6ken fark etmeksizin e\u015fit ko\u015fullarda de\u011ferlendirilmeli; yerel sanayicilerin rekabet g\u00fcc\u00fcn\u00fc art\u0131racak s\u00fcreli ve amac\u0131 belli te\u015fvikler sa\u011flanmal\u0131.<\/p>\n<p>Sanayi b\u00f6lgelerinde depo ve garaj olarak kullan\u0131lan alanlar\u0131n \u00fcretime kazand\u0131r\u0131lmas\u0131 i\u00e7in s\u00fcresi ve amac\u0131 belli te\u015fvikler getirilmeli ve bu d\u00f6n\u00fc\u015f\u00fcm i\u00e7in somut ad\u0131mlar at\u0131lmal\u0131, bu s\u00fcre\u00e7te sanayi yat\u0131r\u0131m\u0131n\u0131 kaybetmi\u015f ve sanayi kurulu\u015fu olma \u00f6zelli\u011fini yitirmi\u015f yat\u0131r\u0131mc\u0131lar\u0131m\u0131z\u0131n da d\u00f6n\u00fc\u015f\u00fcm s\u00fcrecindeki ma\u011fduriyetlerinin giderilmesi de bir sanayi d\u00f6n\u00fc\u015f\u00fcm plan\u0131 kapsam\u0131nda g\u00f6z \u00f6n\u00fcnde bulundurulmal\u0131.<\/p>\n<p>Yat\u0131r\u0131mc\u0131lar\u0131n motivasyonlar\u0131 ve \u00fclkeye sa\u011flayacaklar\u0131 katk\u0131lar \u015feffaf bir yakla\u015f\u0131mla de\u011ferlendirilmeli, kararlar, ortak ak\u0131l ve geni\u015f bir isti\u015fare mekanizmas\u0131yla al\u0131nmal\u0131.<\/p>\n<p>Sonu\u00e7 ve \u00e7a\u011fr\u0131\u2026<\/p>\n<p>KKTC\u2019nin ekonomik kalk\u0131nmas\u0131, yerli \u00fcretimin korunmas\u0131 ve uluslararas\u0131 yat\u0131r\u0131mlar\u0131n sa\u011fl\u0131kl\u0131 bir \u015fekilde te\u015fvik edilmesi; vizyoner, \u015feffaf ve toplumsal \u00e7\u0131karlar\u0131 g\u00f6zeten bir y\u00f6netim anlay\u0131\u015f\u0131n\u0131 gerektirmektedir. Bu yasa, mevcut haliyle bu hedeflerin hi\u00e7birine hizmet etmemektedir.<\/p>\n<p>G\u0130AD olarak, yerli sanayicimizin haklar\u0131n\u0131 savunmaya ve ekonomimizi s\u00fcrd\u00fcr\u00fclebilir bir gelece\u011fe ta\u015f\u0131mak ad\u0131na m\u00fccadelemizi s\u00fcrd\u00fcrmekte kararl\u0131y\u0131z. K\u0131br\u0131s T\u00fcrk toplumunu, sanayicilerimizi ve karar al\u0131c\u0131lar\u0131m\u0131z\u0131, daha adil ve etkin bir sanayi politikas\u0131 i\u00e7in ortak hareket etmeye davet ediyoruz.\u201d<\/p>\n<\/p><\/div>\n<p><script async\n                    defer\n                    crossorigin=\"anonymous\"\n                    src=\"https:\/\/connect.facebook.net\/tr_TR\/sdk.js#xfbml=1&#038;version=v3.3\"\n            ><\/script><br \/>\n<br \/><br \/>\n<br \/><a href=\"https:\/\/brtk.net\/giaddan-sanayi-bolgeleriyle-ile-ilgili-uluslararasi-antlasma-uzerine-gorus-ve-elestiriler\/\">Kaynak BRT <\/a><\/p>\n","protected":false},"excerpt":{"rendered":"<p>Gen\u00e7 \u0130\u015f \u0130nsanlar\u0131 Derne\u011fi (G\u0130AD) KKTC\u2019de sanayinin geli\u015fimi ve yerli \u00fcretimin korunmas\u0131n\u0131n, \u00fclkenin ekonomik ba\u011f\u0131ms\u0131zl\u0131\u011f\u0131 ve s\u00fcrd\u00fcr\u00fclebilir kalk\u0131nmas\u0131 ad\u0131na temel \u00f6ncelikler aras\u0131nda yer almas\u0131 gerekti\u011fini ifade etti. G\u0130AD, bir s\u00fcre \u00f6nce imzalanan Sanayi B\u00f6lgeleri ile ilgili Uluslararas\u0131 Antla\u015fma\u2019n\u0131n, i\u00e7eri\u011fi ve uygulama alan\u0131 a\u00e7\u0131s\u0131ndan, bu hedeflere hizmet etmekten uzak bir yakla\u015f\u0131m\u0131 temsil etti\u011fini savundu. -\u201cTek odakl\u0131 [&hellip;]<\/p>\n","protected":false},"author":908,"featured_media":14346,"comment_status":"open","ping_status":"open","sticky":false,"template":"","format":"standard","meta":{"_jetpack_memberships_contains_paid_content":false,"footnotes":"","jetpack_publicize_message":"","jetpack_publicize_feature_enabled":true,"jetpack_social_post_already_shared":true,"jetpack_social_options":{"image_generator_settings":{"template":"highway","default_image_id":0,"font":"","enabled":false},"version":2}},"categories":[253],"tags":[],"class_list":["post-14345","post","type-post","status-publish","format-standard","has-post-thumbnail","hentry","category-gundem"],"jetpack_publicize_connections":[],"jetpack_featured_media_url":"https:\/\/kibrisayna.com\/wp-content\/uploads\/2024\/12\/giadlogo.png","jetpack_sharing_enabled":true,"_links":{"self":[{"href":"https:\/\/kibrisayna.com\/index.php\/wp-json\/wp\/v2\/posts\/14345","targetHints":{"allow":["GET"]}}],"collection":[{"href":"https:\/\/kibrisayna.com\/index.php\/wp-json\/wp\/v2\/posts"}],"about":[{"href":"https:\/\/kibrisayna.com\/index.php\/wp-json\/wp\/v2\/types\/post"}],"author":[{"embeddable":true,"href":"https:\/\/kibrisayna.com\/index.php\/wp-json\/wp\/v2\/users\/908"}],"replies":[{"embeddable":true,"href":"https:\/\/kibrisayna.com\/index.php\/wp-json\/wp\/v2\/comments?post=14345"}],"version-history":[{"count":0,"href":"https:\/\/kibrisayna.com\/index.php\/wp-json\/wp\/v2\/posts\/14345\/revisions"}],"wp:featuredmedia":[{"embeddable":true,"href":"https:\/\/kibrisayna.com\/index.php\/wp-json\/wp\/v2\/media\/14346"}],"wp:attachment":[{"href":"https:\/\/kibrisayna.com\/index.php\/wp-json\/wp\/v2\/media?parent=14345"}],"wp:term":[{"taxonomy":"category","embeddable":true,"href":"https:\/\/kibrisayna.com\/index.php\/wp-json\/wp\/v2\/categories?post=14345"},{"taxonomy":"post_tag","embeddable":true,"href":"https:\/\/kibrisayna.com\/index.php\/wp-json\/wp\/v2\/tags?post=14345"}],"curies":[{"name":"wp","href":"https:\/\/api.w.org\/{rel}","templated":true}]}}