{"id":14339,"date":"2024-12-19T11:29:24","date_gmt":"2024-12-19T08:29:24","guid":{"rendered":"https:\/\/kibrisayna.com\/index.php\/2024\/12\/19\/kucukegitim-ulkenin-gelecegini-sekillendiren-siyaset-ustu-alandir-brtk\/"},"modified":"2024-12-19T11:29:24","modified_gmt":"2024-12-19T08:29:24","slug":"kucukegitim-ulkenin-gelecegini-sekillendiren-siyaset-ustu-alandir-brtk","status":"publish","type":"post","link":"https:\/\/kibrisayna.com\/index.php\/2024\/12\/19\/kucukegitim-ulkenin-gelecegini-sekillendiren-siyaset-ustu-alandir-brtk\/","title":{"rendered":"K\u00fc\u00e7\u00fck:E\u011fitim \u00fclkenin gelece\u011fini \u015fekillendiren siyaset \u00fcst\u00fc aland\u0131r \u2013 BRTK"},"content":{"rendered":"<p> <br \/>\n<\/p>\n<div>\n<div class=\"mariselle-image-container center\">\n                <img loading=\"lazy\" decoding=\"async\" width=\"1600\" height=\"613\" class=\"lazy-image\" alt=\"\" sizes=\"auto, (max-width: 1600px) 100vw, 1600px\" src=\"https:\/\/brtk.net\/wp-content\/uploads\/2024\/12\/19\/qfoqfq.jpeg?ver=e0842f5477675f5f3eb2d1d00910cb9b\" srcset=\"https:\/\/brtk.net\/wp-content\/uploads\/2024\/12\/19\/qfoqfq.jpeg?ver=e0842f5477675f5f3eb2d1d00910cb9b 1600w, https:\/\/brtk.net\/wp-content\/uploads\/2024\/12\/19\/qfoqfq-300x115.jpeg?ver=e0842f5477675f5f3eb2d1d00910cb9b 300w, https:\/\/brtk.net\/wp-content\/uploads\/2024\/12\/19\/qfoqfq-1024x392.jpeg?ver=46d9ae99ce1a499c38bea7a44208ec75 1024w, https:\/\/brtk.net\/wp-content\/uploads\/2024\/12\/19\/qfoqfq-768x294.jpeg?ver=46d9ae99ce1a499c38bea7a44208ec75 768w, https:\/\/brtk.net\/wp-content\/uploads\/2024\/12\/19\/qfoqfq-1536x588.jpeg?ver=46d9ae99ce1a499c38bea7a44208ec75 1536w\"\/>                            <\/div>\n<p>Ulusal Birlik Partisi (UBP) Girne Milletvekili Hasan K\u00fc\u00e7\u00fck, e\u011fitimin t\u00fcm g\u00f6r\u00fc\u015fleri birle\u015ftiren ve \u00fclkenin gelece\u011fini \u015fekillendiren siyaset \u00fcst\u00fc bir alan oldu\u011funu, e\u011fitimde at\u0131lacak ad\u0131mlar\u0131n siyasi \u00e7eki\u015fmelerden ba\u011f\u0131ms\u0131z, ortak bir vizyon ve i\u015f birli\u011fi \u00e7er\u00e7evesinde belirlenmesi gerekti\u011fini belirtti.<\/p>\n<p>Ofisinden yap\u0131lan yaz\u0131l\u0131 a\u00e7\u0131klamaya g\u00f6re, BRT\u2019de \u201c\u00dclke G\u00fcndemi\u201d program\u0131n\u0131n konu\u011fu olan K\u00fc\u00e7\u00fck, \u201cE\u011fitim politikalar\u0131n\u0131n toplumun her kesimini etkileyen ve uzun vadeli kalk\u0131nma hedeflerine ula\u015fmada kritik rol oynayan unsurlar oldu\u011funu vurgulad\u0131.<\/p>\n<p>K\u00fc\u00e7\u00fck, \u201cE\u011fitim sisteminin g\u00fc\u00e7lendirilmesi, gen\u00e7 nesillerin donan\u0131ml\u0131 ve bilin\u00e7li bireyler olarak yeti\u015fmesini sa\u011flayacak, b\u00f6ylece \u00fclkenin ekonomik, sosyal ve k\u00fclt\u00fcrel geli\u015fimine katk\u0131da bulunacakt\u0131r.\u201d dedi.<\/p>\n<p>K\u00fc\u00e7\u00fck, il\u00e7e milli e\u011fitim kurumlar\u0131n\u0131n kurulmas\u0131 gerekti\u011fini belirtti; her okulun \u00f6\u011frenci yap\u0131s\u0131 ve \u00f6\u011fretmen profilindeki farkl\u0131l\u0131klara g\u00f6re e\u011fitim m\u00fcfredatlar\u0131n\u0131 \u00e7e\u015fitlendirece\u011fi, okul b\u00fct\u00e7elerini yerel y\u00f6netimler ve sivil toplum \u00f6rg\u00fctleriyle birlikte y\u00f6netme k\u00fclt\u00fcr\u00fcn\u00fcn geli\u015fece\u011fi bir s\u00fcrece i\u015faret etti.<\/p>\n<p>2025 ve sonras\u0131 i\u00e7in kaynaklar\u0131 daha etkin ve verimli kullanabilece\u011fi bir siyasal yap\u0131ya ihtiya\u00e7 duyduklar\u0131n\u0131 vurgulayan K\u00fc\u00e7\u00fck, bunun sadece kendi g\u00f6r\u00fc\u015f\u00fc olmad\u0131\u011f\u0131n\u0131, ara\u015ft\u0131rmalar\u0131nda ba\u015far\u0131l\u0131 \u00fclkelerin durumlar\u0131na bakt\u0131klar\u0131nda ortaya \u00e7\u0131kan bir gereklilik oldu\u011funu s\u00f6yledi.<\/p>\n<p><strong>\u2013 E\u011fitim ve ekonomik planlama<\/strong><\/p>\n<p>Yeni Meclis Ba\u015fkan\u0131 Ziya \u00d6zt\u00fcrkler ile \u00e7ok daha vizyoner bir anlay\u0131\u015fla s\u00fcrece katk\u0131 sa\u011flayacaklar\u0131n\u0131 belirten K\u00fc\u00e7\u00fck, muhalefetle birlikte uyumlu \u00e7al\u0131\u015fmalar\u0131 hayata ge\u00e7irmek arzusunda olduklar\u0131n\u0131 ifade etti. E\u011fitim, ekonomik planlama ve do\u011falgaz konular\u0131na de\u011finen K\u00fc\u00e7\u00fck, g\u00fc\u00e7l\u00fc bir i\u00e7 siyaset ve istikrara ihtiya\u00e7 duyduklar\u0131n\u0131 vurgulad\u0131.<\/p>\n<p>E\u011fitim politikas\u0131n\u0131n bug\u00fcn\u00fcn dinamiklerine uygun hale getirilmesi gerekti\u011fini belirten K\u00fc\u00e7\u00fck, Z ku\u015fa\u011f\u0131n\u0131n, i\u015f d\u00fcnyas\u0131n\u0131n ve e\u011fitim ekonomisinin \u00f6nemini kaydetti. <\/p>\n<p>K\u00fc\u00e7\u00fck, halk\u0131n temel ihtiya\u00e7lar\u0131 olan iyi e\u011fitim, sa\u011fl\u0131k hizmetlerine eri\u015fim ve i\u015f d\u00fcnyas\u0131nda kolayl\u0131k sa\u011flama gibi konularda \u00e7al\u0131\u015fmalar yapacaklar\u0131n\u0131 s\u00f6yledi.<\/p>\n<p>K\u00fc\u00e7\u00fck, d\u00f6rt komitede aktif olarak \u00e7al\u0131\u015ft\u0131\u011f\u0131n\u0131 ve bu g\u00f6revi b\u00fcy\u00fck bir sorumlulukla \u00fcstlendi\u011fini belirtti. Siyaset\u00e7ilerin icraatlar\u0131 hayata ge\u00e7irme konusundaki kararl\u0131l\u0131klar\u0131n\u0131n \u00f6nemine dikkat \u00e7eken K\u00fc\u00e7\u00fck, parti olarak yeni s\u00fcrece katk\u0131 sa\u011flamaya haz\u0131r olduklar\u0131n\u0131 ifade etti.<\/p>\n<p><strong>\u2013 \u201cE\u011fitimde sorunlar\u0131n \u00e7\u00f6z\u00fcm\u00fc, sadece e\u011fitimcilerin de\u011fil t\u00fcm kesimlerin ortak \u00e7abas\u0131yla m\u00fcmk\u00fcnd\u00fcr\u201d<\/strong><br \/>K\u00fc\u00e7\u00fck a\u00e7\u0131klamas\u0131na \u015f\u00f6yle devam etti: <\/p>\n<p>\u201cSorunlara \u00e7\u00f6z\u00fcm bulma ve siyaseten aktif rol alma, e\u011fitim politikalar\u0131n\u0131n ba\u015far\u0131s\u0131 i\u00e7in hayati \u00f6neme sahiptir. E\u011fitimde kar\u015f\u0131la\u015f\u0131lan sorunlar\u0131n \u00e7\u00f6z\u00fcm\u00fc, sadece e\u011fitimcilerin de\u011fil, ayn\u0131 zamanda siyaset\u00e7ilerin, sivil toplum kurulu\u015flar\u0131n\u0131n ve toplumun t\u00fcm kesimlerinin ortak \u00e7abas\u0131yla m\u00fcmk\u00fcn olacakt\u0131r. Bu ba\u011flamda, e\u011fitim politikalar\u0131n\u0131n olu\u015fturulmas\u0131nda ve uygulanmas\u0131nda aktif rol almak, toplumun her kesiminin kat\u0131l\u0131m\u0131n\u0131 ve deste\u011fini gerektirir. E\u011fitimde sa\u011flanacak ba\u015far\u0131, \u00fclkenin genel refah\u0131n\u0131 art\u0131racak ve gelece\u011fe daha umutla bakmam\u0131z\u0131 sa\u011flayacakt\u0131r.\u201d<\/p>\n<p><iframe loading=\"lazy\" title=\"Buras\u0131 \u00d6nemli 18. 12 .2024\" width=\"779\" height=\"438\" src=\"https:\/\/www.youtube.com\/embed\/FQrKqIhRPxI?feature=oembed\" frameborder=\"0\" allow=\"accelerometer; autoplay; clipboard-write; encrypted-media; gyroscope; picture-in-picture; web-share\" referrerpolicy=\"strict-origin-when-cross-origin\" allowfullscreen><\/iframe><\/p>\n<\/p><\/div>\n<p><script async\n                    defer\n                    crossorigin=\"anonymous\"\n                    src=\"https:\/\/connect.facebook.net\/tr_TR\/sdk.js#xfbml=1&#038;version=v3.3\"\n            ><\/script><br \/>\n<br \/><br \/>\n<br \/><a href=\"https:\/\/brtk.net\/kucukegitim-ulkenin-gelecegini-sekillendiren-siyaset-ustu-alandir\/\">Kaynak BRT <\/a><\/p>\n","protected":false},"excerpt":{"rendered":"<p>Ulusal Birlik Partisi (UBP) Girne Milletvekili Hasan K\u00fc\u00e7\u00fck, e\u011fitimin t\u00fcm g\u00f6r\u00fc\u015fleri birle\u015ftiren ve \u00fclkenin gelece\u011fini \u015fekillendiren siyaset \u00fcst\u00fc bir alan oldu\u011funu, e\u011fitimde at\u0131lacak ad\u0131mlar\u0131n siyasi \u00e7eki\u015fmelerden ba\u011f\u0131ms\u0131z, ortak bir vizyon ve i\u015f birli\u011fi \u00e7er\u00e7evesinde belirlenmesi gerekti\u011fini belirtti. Ofisinden yap\u0131lan yaz\u0131l\u0131 a\u00e7\u0131klamaya g\u00f6re, BRT\u2019de \u201c\u00dclke G\u00fcndemi\u201d program\u0131n\u0131n konu\u011fu olan K\u00fc\u00e7\u00fck, \u201cE\u011fitim politikalar\u0131n\u0131n toplumun her kesimini etkileyen [&hellip;]<\/p>\n","protected":false},"author":908,"featured_media":14340,"comment_status":"open","ping_status":"open","sticky":false,"template":"","format":"standard","meta":{"_jetpack_memberships_contains_paid_content":false,"footnotes":"","jetpack_publicize_message":"","jetpack_publicize_feature_enabled":true,"jetpack_social_post_already_shared":true,"jetpack_social_options":{"image_generator_settings":{"template":"highway","default_image_id":0,"font":"","enabled":false},"version":2}},"categories":[253],"tags":[],"class_list":["post-14339","post","type-post","status-publish","format-standard","has-post-thumbnail","hentry","category-gundem"],"jetpack_publicize_connections":[],"jetpack_featured_media_url":"https:\/\/kibrisayna.com\/wp-content\/uploads\/2024\/12\/qfoqfq.jpeg","jetpack_sharing_enabled":true,"_links":{"self":[{"href":"https:\/\/kibrisayna.com\/index.php\/wp-json\/wp\/v2\/posts\/14339","targetHints":{"allow":["GET"]}}],"collection":[{"href":"https:\/\/kibrisayna.com\/index.php\/wp-json\/wp\/v2\/posts"}],"about":[{"href":"https:\/\/kibrisayna.com\/index.php\/wp-json\/wp\/v2\/types\/post"}],"author":[{"embeddable":true,"href":"https:\/\/kibrisayna.com\/index.php\/wp-json\/wp\/v2\/users\/908"}],"replies":[{"embeddable":true,"href":"https:\/\/kibrisayna.com\/index.php\/wp-json\/wp\/v2\/comments?post=14339"}],"version-history":[{"count":0,"href":"https:\/\/kibrisayna.com\/index.php\/wp-json\/wp\/v2\/posts\/14339\/revisions"}],"wp:featuredmedia":[{"embeddable":true,"href":"https:\/\/kibrisayna.com\/index.php\/wp-json\/wp\/v2\/media\/14340"}],"wp:attachment":[{"href":"https:\/\/kibrisayna.com\/index.php\/wp-json\/wp\/v2\/media?parent=14339"}],"wp:term":[{"taxonomy":"category","embeddable":true,"href":"https:\/\/kibrisayna.com\/index.php\/wp-json\/wp\/v2\/categories?post=14339"},{"taxonomy":"post_tag","embeddable":true,"href":"https:\/\/kibrisayna.com\/index.php\/wp-json\/wp\/v2\/tags?post=14339"}],"curies":[{"name":"wp","href":"https:\/\/api.w.org\/{rel}","templated":true}]}}