{"id":14301,"date":"2024-12-18T18:54:41","date_gmt":"2024-12-18T15:54:41","guid":{"rendered":"https:\/\/kibrisayna.com\/index.php\/2024\/12\/18\/birlik-ve-beraberligimizin-daim-olmasi-icin-kurulus-yildonumunde-birlikte-olacagiz-brtk\/"},"modified":"2024-12-18T18:54:41","modified_gmt":"2024-12-18T15:54:41","slug":"birlik-ve-beraberligimizin-daim-olmasi-icin-kurulus-yildonumunde-birlikte-olacagiz-brtk","status":"publish","type":"post","link":"https:\/\/kibrisayna.com\/index.php\/2024\/12\/18\/birlik-ve-beraberligimizin-daim-olmasi-icin-kurulus-yildonumunde-birlikte-olacagiz-brtk\/","title":{"rendered":"Birlik ve beraberli\u011fimizin daim olmas\u0131 i\u00e7in kurulu\u015f y\u0131ld\u00f6n\u00fcm\u00fcnde birlikte olaca\u011f\u0131z \u2013 BRTK"},"content":{"rendered":"<p> <br \/>\n<\/p>\n<div>\n<div class=\"mariselle-image-container center\">\n                <img loading=\"lazy\" decoding=\"async\" width=\"1630\" height=\"758\" class=\"lazy-image\" alt=\"\" sizes=\"auto, (max-width: 1630px) 100vw, 1630px\" src=\"https:\/\/brtk.net\/wp-content\/uploads\/2024\/12\/18\/ATAOGLU-BRT.jpg?ver=5b26eb010b0948507b7cc24ad3a4f14d\" srcset=\"https:\/\/brtk.net\/wp-content\/uploads\/2024\/12\/18\/ATAOGLU-BRT.jpg?ver=5b26eb010b0948507b7cc24ad3a4f14d 1630w, https:\/\/brtk.net\/wp-content\/uploads\/2024\/12\/18\/ATAOGLU-BRT-300x140.jpg?ver=5b26eb010b0948507b7cc24ad3a4f14d 300w, https:\/\/brtk.net\/wp-content\/uploads\/2024\/12\/18\/ATAOGLU-BRT-1024x476.jpg?ver=5b26eb010b0948507b7cc24ad3a4f14d 1024w, https:\/\/brtk.net\/wp-content\/uploads\/2024\/12\/18\/ATAOGLU-BRT-768x357.jpg?ver=8ef5928fad2eba42ed535af209d6598a 768w, https:\/\/brtk.net\/wp-content\/uploads\/2024\/12\/18\/ATAOGLU-BRT-1536x714.jpg?ver=8ef5928fad2eba42ed535af209d6598a 1536w\"\/>                            <\/div>\n<p>\tBayrak Radyo Televizyon Kurumu (BRTK)  M\u00fcd\u00fcr\u00fc Meryem \u00d6zkurt ve Y\u00f6netim Kurulu Ba\u015fkan\u0131 \u00d6zdemir Tokel,  Ba\u015fbakan Yard\u0131mc\u0131s\u0131 Turizm, K\u00fclt\u00fcr, Gen\u00e7lik ve \u00c7evre Bakan\u0131 Fikri Atao\u011flu\u2019nu ziyaret ederek, BRT\u2019nin kurulu\u015f y\u0131ld\u00f6n\u00fcm\u00fc kapsam\u0131nda 27 Aral\u0131k Cuma g\u00fcn\u00fc ger\u00e7ekle\u015ftirilecek resepsiyona davet etti.<\/p>\n<p> \tMecliste ger\u00e7ekle\u015ftirilen ziyarette konu\u015fan Ba\u015fbakan Yard\u0131mc\u0131s\u0131 Fikri Atao\u011flu, BRT\u2019de hizmet veren personellerin \u00f6nemine i\u015faret ederek, \u201cBirlik ve beraberli\u011fimizin daim olmas\u0131 i\u00e7in kurulu\u015f y\u0131ld\u00f6n\u00fcm\u00fcnde birlikte olaca\u011f\u0131z\u201d dedi.<\/p>\n<\/p><\/div>\n<p><script async\n                    defer\n                    crossorigin=\"anonymous\"\n                    src=\"https:\/\/connect.facebook.net\/tr_TR\/sdk.js#xfbml=1&#038;version=v3.3\"\n            ><\/script><br \/>\n<br \/><br \/>\n<br \/><a href=\"https:\/\/brtk.net\/ozkurt-ve-tokel-ataoglunu-ziyaret-etti-ataoglu-birlik-ve-beraberligimizin-daim-olmasi-icin-kurulus-yildonumunde-birlikte-olacagiz\/\">Kaynak BRT <\/a><\/p>\n","protected":false},"excerpt":{"rendered":"<p>Bayrak Radyo Televizyon Kurumu (BRTK) M\u00fcd\u00fcr\u00fc Meryem \u00d6zkurt ve Y\u00f6netim Kurulu Ba\u015fkan\u0131 \u00d6zdemir Tokel, Ba\u015fbakan Yard\u0131mc\u0131s\u0131 Turizm, K\u00fclt\u00fcr, Gen\u00e7lik ve \u00c7evre Bakan\u0131 Fikri Atao\u011flu\u2019nu ziyaret ederek, BRT\u2019nin kurulu\u015f y\u0131ld\u00f6n\u00fcm\u00fc kapsam\u0131nda 27 Aral\u0131k Cuma g\u00fcn\u00fc ger\u00e7ekle\u015ftirilecek resepsiyona davet etti. Mecliste ger\u00e7ekle\u015ftirilen ziyarette konu\u015fan Ba\u015fbakan Yard\u0131mc\u0131s\u0131 Fikri Atao\u011flu, BRT\u2019de hizmet veren personellerin \u00f6nemine i\u015faret ederek, \u201cBirlik ve [&hellip;]<\/p>\n","protected":false},"author":908,"featured_media":14302,"comment_status":"open","ping_status":"open","sticky":false,"template":"","format":"standard","meta":{"_jetpack_memberships_contains_paid_content":false,"footnotes":"","jetpack_publicize_message":"","jetpack_publicize_feature_enabled":true,"jetpack_social_post_already_shared":true,"jetpack_social_options":{"image_generator_settings":{"template":"highway","default_image_id":0,"font":"","enabled":false},"version":2}},"categories":[253],"tags":[],"class_list":["post-14301","post","type-post","status-publish","format-standard","has-post-thumbnail","hentry","category-gundem"],"jetpack_publicize_connections":[],"jetpack_featured_media_url":"https:\/\/kibrisayna.com\/wp-content\/uploads\/2024\/12\/ATAOGLU-BRT.jpg","jetpack_sharing_enabled":true,"_links":{"self":[{"href":"https:\/\/kibrisayna.com\/index.php\/wp-json\/wp\/v2\/posts\/14301","targetHints":{"allow":["GET"]}}],"collection":[{"href":"https:\/\/kibrisayna.com\/index.php\/wp-json\/wp\/v2\/posts"}],"about":[{"href":"https:\/\/kibrisayna.com\/index.php\/wp-json\/wp\/v2\/types\/post"}],"author":[{"embeddable":true,"href":"https:\/\/kibrisayna.com\/index.php\/wp-json\/wp\/v2\/users\/908"}],"replies":[{"embeddable":true,"href":"https:\/\/kibrisayna.com\/index.php\/wp-json\/wp\/v2\/comments?post=14301"}],"version-history":[{"count":0,"href":"https:\/\/kibrisayna.com\/index.php\/wp-json\/wp\/v2\/posts\/14301\/revisions"}],"wp:featuredmedia":[{"embeddable":true,"href":"https:\/\/kibrisayna.com\/index.php\/wp-json\/wp\/v2\/media\/14302"}],"wp:attachment":[{"href":"https:\/\/kibrisayna.com\/index.php\/wp-json\/wp\/v2\/media?parent=14301"}],"wp:term":[{"taxonomy":"category","embeddable":true,"href":"https:\/\/kibrisayna.com\/index.php\/wp-json\/wp\/v2\/categories?post=14301"},{"taxonomy":"post_tag","embeddable":true,"href":"https:\/\/kibrisayna.com\/index.php\/wp-json\/wp\/v2\/tags?post=14301"}],"curies":[{"name":"wp","href":"https:\/\/api.w.org\/{rel}","templated":true}]}}