{"id":14299,"date":"2024-12-18T18:49:14","date_gmt":"2024-12-18T15:49:14","guid":{"rendered":"https:\/\/kibrisayna.com\/index.php\/2024\/12\/18\/tatar-turkiye-esnaf-ve-sanayi-konfederasyonu-baskan-vekili-dereyi-kabul-etti-brtk\/"},"modified":"2024-12-18T18:49:14","modified_gmt":"2024-12-18T15:49:14","slug":"tatar-turkiye-esnaf-ve-sanayi-konfederasyonu-baskan-vekili-dereyi-kabul-etti-brtk","status":"publish","type":"post","link":"https:\/\/kibrisayna.com\/index.php\/2024\/12\/18\/tatar-turkiye-esnaf-ve-sanayi-konfederasyonu-baskan-vekili-dereyi-kabul-etti-brtk\/","title":{"rendered":"Tatar, T\u00fcrkiye Esnaf ve Sanayi Konfederasyonu Ba\u015fkan Vekili Dere\u2019yi kabul etti \u2013 BRTK"},"content":{"rendered":"<p> <br \/>\n<\/p>\n<div>\n<div class=\"mariselle-image-container center\">\n                <img loading=\"lazy\" decoding=\"async\" width=\"1600\" height=\"1066\" class=\"lazy-image\" alt=\"\" sizes=\"auto, (max-width: 1600px) 100vw, 1600px\" src=\"https:\/\/brtk.net\/wp-content\/uploads\/2024\/12\/18\/1734534461254Tatar-TC-Esnaf-2.jpg?ver=b03ddcc1e1bde1bbc5dc092e070114e2\" srcset=\"https:\/\/brtk.net\/wp-content\/uploads\/2024\/12\/18\/1734534461254Tatar-TC-Esnaf-2.jpg?ver=b03ddcc1e1bde1bbc5dc092e070114e2 1600w, https:\/\/brtk.net\/wp-content\/uploads\/2024\/12\/18\/1734534461254Tatar-TC-Esnaf-2-300x200.jpg?ver=b03ddcc1e1bde1bbc5dc092e070114e2 300w, https:\/\/brtk.net\/wp-content\/uploads\/2024\/12\/18\/1734534461254Tatar-TC-Esnaf-2-1024x682.jpg?ver=b03ddcc1e1bde1bbc5dc092e070114e2 1024w, https:\/\/brtk.net\/wp-content\/uploads\/2024\/12\/18\/1734534461254Tatar-TC-Esnaf-2-768x512.jpg?ver=f2661f34e4af4be347f54144dd4b49d3 768w, https:\/\/brtk.net\/wp-content\/uploads\/2024\/12\/18\/1734534461254Tatar-TC-Esnaf-2-1536x1023.jpg?ver=f2661f34e4af4be347f54144dd4b49d3 1536w\"\/>                            <\/div>\n<p>Cumhurba\u015fkan\u0131 Ersin Tatar, T\u00fcrkiye Esnaf ve Sanayi Konfederasyonu Ba\u015fkan Vekili Adl\u0131han Dere\u2019yi kabul etti.<\/p>\n<p>Cumhurba\u015fkanl\u0131\u011f\u0131\u2019ndan verilen bilgiye g\u00f6re, Cumhurba\u015fkan\u0131 Ersin Tatar, ziyaretlerinden \u00f6t\u00fcr\u00fc T\u00fcrkiye Esnaf ve Sanayi Konfederasyonu Ba\u015fkan Vekili Dere\u2019ye te\u015fekk\u00fcr etti.<\/p>\n<p>Cumhurba\u015fkan\u0131 Tatar, T\u00fcrkiye ile KKTC aras\u0131ndaki ticari ve dostluk ili\u015fkilerinin peki\u015fmesi ve Antalya ile k\u00fclt\u00fcrel, sosyal ve ticari faaliyetlerin artmas\u0131 i\u00e7in y\u00fcr\u00fct\u00fclen \u00e7al\u0131\u015fmalardan memnuniyet duydu\u011funu da ifade etti.<\/p>\n<\/p><\/div>\n<p><script async\n                    defer\n                    crossorigin=\"anonymous\"\n                    src=\"https:\/\/connect.facebook.net\/tr_TR\/sdk.js#xfbml=1&#038;version=v3.3\"\n            ><\/script><br \/>\n<br \/><br \/>\n<br \/><a href=\"https:\/\/brtk.net\/tatar-turkiye-esnaf-ve-sanayi-konfederasyonu-baskan-vekili-dereyi-kabul-etti\/\"><\/a><\/p>\n","protected":false},"excerpt":{"rendered":"<p>Cumhurba\u015fkan\u0131 Ersin Tatar, T\u00fcrkiye Esnaf ve Sanayi Konfederasyonu Ba\u015fkan Vekili Adl\u0131han Dere\u2019yi kabul etti. Cumhurba\u015fkanl\u0131\u011f\u0131\u2019ndan verilen bilgiye g\u00f6re, Cumhurba\u015fkan\u0131 Ersin Tatar, ziyaretlerinden \u00f6t\u00fcr\u00fc T\u00fcrkiye Esnaf ve Sanayi Konfederasyonu Ba\u015fkan Vekili Dere\u2019ye te\u015fekk\u00fcr etti. Cumhurba\u015fkan\u0131 Tatar, T\u00fcrkiye ile KKTC aras\u0131ndaki ticari ve dostluk ili\u015fkilerinin peki\u015fmesi ve Antalya ile k\u00fclt\u00fcrel, sosyal ve ticari faaliyetlerin artmas\u0131 i\u00e7in y\u00fcr\u00fct\u00fclen [&hellip;]<\/p>\n","protected":false},"author":908,"featured_media":14300,"comment_status":"open","ping_status":"open","sticky":false,"template":"","format":"standard","meta":{"_jetpack_memberships_contains_paid_content":false,"footnotes":"","jetpack_publicize_message":"","jetpack_publicize_feature_enabled":true,"jetpack_social_post_already_shared":true,"jetpack_social_options":{"image_generator_settings":{"template":"highway","default_image_id":0,"font":"","enabled":false},"version":2}},"categories":[587],"tags":[],"class_list":["post-14299","post","type-post","status-publish","format-standard","has-post-thumbnail","hentry","category-dunya"],"jetpack_publicize_connections":[],"jetpack_featured_media_url":"https:\/\/kibrisayna.com\/wp-content\/uploads\/2024\/12\/1734534461254Tatar-TC-Esnaf-2.jpg","jetpack_sharing_enabled":true,"_links":{"self":[{"href":"https:\/\/kibrisayna.com\/index.php\/wp-json\/wp\/v2\/posts\/14299","targetHints":{"allow":["GET"]}}],"collection":[{"href":"https:\/\/kibrisayna.com\/index.php\/wp-json\/wp\/v2\/posts"}],"about":[{"href":"https:\/\/kibrisayna.com\/index.php\/wp-json\/wp\/v2\/types\/post"}],"author":[{"embeddable":true,"href":"https:\/\/kibrisayna.com\/index.php\/wp-json\/wp\/v2\/users\/908"}],"replies":[{"embeddable":true,"href":"https:\/\/kibrisayna.com\/index.php\/wp-json\/wp\/v2\/comments?post=14299"}],"version-history":[{"count":0,"href":"https:\/\/kibrisayna.com\/index.php\/wp-json\/wp\/v2\/posts\/14299\/revisions"}],"wp:featuredmedia":[{"embeddable":true,"href":"https:\/\/kibrisayna.com\/index.php\/wp-json\/wp\/v2\/media\/14300"}],"wp:attachment":[{"href":"https:\/\/kibrisayna.com\/index.php\/wp-json\/wp\/v2\/media?parent=14299"}],"wp:term":[{"taxonomy":"category","embeddable":true,"href":"https:\/\/kibrisayna.com\/index.php\/wp-json\/wp\/v2\/categories?post=14299"},{"taxonomy":"post_tag","embeddable":true,"href":"https:\/\/kibrisayna.com\/index.php\/wp-json\/wp\/v2\/tags?post=14299"}],"curies":[{"name":"wp","href":"https:\/\/api.w.org\/{rel}","templated":true}]}}