{"id":14295,"date":"2024-12-18T18:41:57","date_gmt":"2024-12-18T15:41:57","guid":{"rendered":"https:\/\/kibrisayna.com\/index.php\/2024\/12\/18\/raif-ozguren-kabri-basinda-anilacak-brtk\/"},"modified":"2024-12-18T18:41:57","modified_gmt":"2024-12-18T15:41:57","slug":"raif-ozguren-kabri-basinda-anilacak-brtk","status":"publish","type":"post","link":"https:\/\/kibrisayna.com\/index.php\/2024\/12\/18\/raif-ozguren-kabri-basinda-anilacak-brtk\/","title":{"rendered":"Raif \u00d6zg\u00fcren kabri ba\u015f\u0131nda an\u0131lacak \u2013 BRTK"},"content":{"rendered":"<p> <br \/>\n<\/p>\n<div>\n<div class=\"mariselle-image-container center\">\n                <img loading=\"lazy\" decoding=\"async\" width=\"497\" height=\"280\" class=\"lazy-image\" alt=\"\" sizes=\"auto, (max-width: 497px) 100vw, 497px\" src=\"https:\/\/brtk.net\/wp-content\/uploads\/2024\/12\/18\/BAS-HABER-IKINCI-RAIF-OZGUREN.jpg?ver=0b5e39b51a15740bad51f1dac0ddab7b\" srcset=\"https:\/\/brtk.net\/wp-content\/uploads\/2024\/12\/18\/BAS-HABER-IKINCI-RAIF-OZGUREN.jpg?ver=0b5e39b51a15740bad51f1dac0ddab7b 497w, https:\/\/brtk.net\/wp-content\/uploads\/2024\/12\/18\/BAS-HABER-IKINCI-RAIF-OZGUREN-300x169.jpg?ver=b1b246bc89a7a977e0084edf472e52ce 300w\"\/>                            <\/div>\n<p>BRT Spor Servisi eski \u00e7al\u0131\u015fanlar\u0131ndan Raif \u00d6zg\u00fcren \u00f6l\u00fcm\u00fc\u00fcn 6.y\u0131l\u0131nda 26 Aral\u0131k Cuma g\u00fcn\u00fc kabri ba\u015f\u0131nda an\u0131lacak.<\/p>\n<p>2018 y\u0131l\u0131nda vefat eden K\u0131br\u0131s T\u00fcrk Spor Yazarlar\u0131 Derne\u011fi\u2019nin  y\u00f6netimlerinde g\u00f6rev alan, Bayrak Radyo Televizyon Kurumu\u2019na uzun y\u0131llar hizmet veren, bir\u00e7ok gazetede g\u00f6rev yapm\u0131\u015f bir isim olan Raif \u00d6zg\u00fcren i\u00e7in anma t\u00f6reni, 20 Aral\u0131k cuma g\u00fcn\u00fc saat 10.30\u2019da Lefko\u015fa Kabristanl\u0131\u011f\u0131ndaki kabri ba\u015f\u0131nda d\u00fczenlenecek.<\/p>\n<\/p><\/div>\n<p><script async\n                    defer\n                    crossorigin=\"anonymous\"\n                    src=\"https:\/\/connect.facebook.net\/tr_TR\/sdk.js#xfbml=1&#038;version=v3.3\"\n            ><\/script><br \/>\n<br \/><br \/>\n<br \/><a href=\"https:\/\/brtk.net\/raif-ozguren-kabri-basinda-anilacak-2\/\">Kaynak BRT <\/a><\/p>\n","protected":false},"excerpt":{"rendered":"<p>BRT Spor Servisi eski \u00e7al\u0131\u015fanlar\u0131ndan Raif \u00d6zg\u00fcren \u00f6l\u00fcm\u00fc\u00fcn 6.y\u0131l\u0131nda 26 Aral\u0131k Cuma g\u00fcn\u00fc kabri ba\u015f\u0131nda an\u0131lacak. 2018 y\u0131l\u0131nda vefat eden K\u0131br\u0131s T\u00fcrk Spor Yazarlar\u0131 Derne\u011fi\u2019nin y\u00f6netimlerinde g\u00f6rev alan, Bayrak Radyo Televizyon Kurumu\u2019na uzun y\u0131llar hizmet veren, bir\u00e7ok gazetede g\u00f6rev yapm\u0131\u015f bir isim olan Raif \u00d6zg\u00fcren i\u00e7in anma t\u00f6reni, 20 Aral\u0131k cuma g\u00fcn\u00fc saat 10.30\u2019da Lefko\u015fa [&hellip;]<\/p>\n","protected":false},"author":908,"featured_media":14296,"comment_status":"open","ping_status":"open","sticky":false,"template":"","format":"standard","meta":{"_jetpack_memberships_contains_paid_content":false,"footnotes":"","jetpack_publicize_message":"","jetpack_publicize_feature_enabled":true,"jetpack_social_post_already_shared":true,"jetpack_social_options":{"image_generator_settings":{"template":"highway","default_image_id":0,"font":"","enabled":false},"version":2}},"categories":[9],"tags":[],"class_list":["post-14295","post","type-post","status-publish","format-standard","has-post-thumbnail","hentry","category-spor"],"jetpack_publicize_connections":[],"jetpack_featured_media_url":"https:\/\/kibrisayna.com\/wp-content\/uploads\/2024\/12\/BAS-HABER-IKINCI-RAIF-OZGUREN.jpg","jetpack_sharing_enabled":true,"_links":{"self":[{"href":"https:\/\/kibrisayna.com\/index.php\/wp-json\/wp\/v2\/posts\/14295","targetHints":{"allow":["GET"]}}],"collection":[{"href":"https:\/\/kibrisayna.com\/index.php\/wp-json\/wp\/v2\/posts"}],"about":[{"href":"https:\/\/kibrisayna.com\/index.php\/wp-json\/wp\/v2\/types\/post"}],"author":[{"embeddable":true,"href":"https:\/\/kibrisayna.com\/index.php\/wp-json\/wp\/v2\/users\/908"}],"replies":[{"embeddable":true,"href":"https:\/\/kibrisayna.com\/index.php\/wp-json\/wp\/v2\/comments?post=14295"}],"version-history":[{"count":0,"href":"https:\/\/kibrisayna.com\/index.php\/wp-json\/wp\/v2\/posts\/14295\/revisions"}],"wp:featuredmedia":[{"embeddable":true,"href":"https:\/\/kibrisayna.com\/index.php\/wp-json\/wp\/v2\/media\/14296"}],"wp:attachment":[{"href":"https:\/\/kibrisayna.com\/index.php\/wp-json\/wp\/v2\/media?parent=14295"}],"wp:term":[{"taxonomy":"category","embeddable":true,"href":"https:\/\/kibrisayna.com\/index.php\/wp-json\/wp\/v2\/categories?post=14295"},{"taxonomy":"post_tag","embeddable":true,"href":"https:\/\/kibrisayna.com\/index.php\/wp-json\/wp\/v2\/tags?post=14295"}],"curies":[{"name":"wp","href":"https:\/\/api.w.org\/{rel}","templated":true}]}}