{"id":14242,"date":"2024-12-18T14:39:36","date_gmt":"2024-12-18T11:39:36","guid":{"rendered":"https:\/\/kibrisayna.com\/index.php\/2024\/12\/18\/boeing-skandali-buyuyor-8-gunlugune-gittiler-8-aydir-uzaydalar\/"},"modified":"2024-12-18T14:39:36","modified_gmt":"2024-12-18T11:39:36","slug":"boeing-skandali-buyuyor-8-gunlugune-gittiler-8-aydir-uzaydalar","status":"publish","type":"post","link":"https:\/\/kibrisayna.com\/index.php\/2024\/12\/18\/boeing-skandali-buyuyor-8-gunlugune-gittiler-8-aydir-uzaydalar\/","title":{"rendered":"Boeing skandal\u0131 b\u00fcy\u00fcyor: 8 g\u00fcnl\u00fc\u011f\u00fcne gittiler, 8 ayd\u0131r uzaydalar"},"content":{"rendered":"<p> <br \/>\n<br \/><img decoding=\"async\" src=\"https:\/\/cdn1.ntv.com.tr\/gorsel\/ltF13vDN80OdjgY1dEMPSQ.jpg?width=1200&amp;ampmode=crop&amp;ampscale=both\" class=\"type:primaryImage\" alt=\"Boeing skandal\u0131 b\u00fcy\u00fcyor: 8 g\u00fcnl\u00fc\u011f\u00fcne gittiler, 8 ayd\u0131r uzaydalar\" \/><\/p>\n<p>NASA, Uluslararas\u0131 Uzay \u0130stasyonu&#8217;nda aylard\u0131r mahsur kalan iki astronotunun d\u00f6n\u00fc\u015f\u00fcn\u00fcn daha da ertelenerek en erken mart sonunda ger\u00e7ekle\u015fece\u011fini duyurdu. Butch Wilmore ve Sunita Williams, Boeing&#8217;in uzay istasyonuna ger\u00e7ekle\u015ftirdi\u011fi ilk u\u00e7u\u015fun m\u00fcrettebat\u0131 olarak 5 Haziran 2024&#8217;te 8 g\u00fcnl\u00fck bir g\u00f6rev i\u00e7in havalanm\u0131\u015ft\u0131. G\u00f6rev s\u00fcresi \u015fu anda ise mecburi olarak 8 ay\u0131 a\u015fm\u0131\u015f durumda.<\/p>\n<section class=\"type:slideshow\">\n<figure><img decoding=\"async\" src=\"https:\/\/cdn1.ntv.com.tr\/gorsel\/hlp9wH5TvU24tp8M0dm3fA.jpg?width=1200&amp;mode=crop&amp;scale=both\" width=\"1200\" \/><figcaption>Uluslararas\u0131 Uzay \u0130stasyonu&#8217;nda aylard\u0131r mahsur kalan iki NASA astronotunun d\u00f6n\u00fc\u015f\u00fc, NASA&#8217;n\u0131n sal\u0131 g\u00fcn\u00fc yapt\u0131\u011f\u0131 duyuruya g\u00f6re en az\u0131ndan mart ay\u0131n\u0131n sonuna ertelendi.<\/figcaption><\/figure>\n<figure><img decoding=\"async\" src=\"https:\/\/cdn1.ntv.com.tr\/gorsel\/1_ETRg9Q90SrPpnnmvageQ.jpg?width=1200&amp;mode=crop&amp;scale=both\" width=\"1200\" \/><figcaption>Boeing&#8217;e ait Starliner uzay arac\u0131nda f\u0131rlatma \u00f6ncesi, s\u0131ras\u0131nda ve sonras\u0131nda sorunlar ya\u015fand\u0131\u011f\u0131 i\u00e7in NASA, astronotlar\u0131 ba\u015flang\u0131\u00e7ta planlad\u0131\u011f\u0131 s\u00fcre zarf\u0131nda D\u00fcnya&#8217;ya geri getiremedi.<\/figcaption><\/figure>\n<figure><img decoding=\"async\" src=\"https:\/\/cdn1.ntv.com.tr\/gorsel\/naifysIP8k-4msV0GBoeZQ.jpg?width=1200&amp;mode=crop&amp;scale=both\" width=\"1200\" \/><figcaption>SpaceX&#8217;in bir kurtarma g\u00f6revinde sorunlar ya\u015fanmas\u0131 \u00fczerine, eyl\u00fcl ay\u0131nda Falcon 9 roketlerinin yere indirilmesi gerekmi\u015fti.<br \/>\nBa\u015flang\u0131\u00e7ta yeni m\u00fcrettebat\u0131 u\u00e7urmak i\u00e7in farkl\u0131 bir SpaceX kaps\u00fcl\u00fc d\u00fc\u015f\u00fcn\u00fclm\u00fc\u015ft\u00fc ancak NASA, en iyi se\u00e7ene\u011fin yeni arac\u0131 beklemek oldu\u011funa karar vermi\u015fti.<\/figcaption><\/figure>\n<figure><img decoding=\"async\" src=\"https:\/\/cdn1.ntv.com.tr\/gorsel\/p7kA-130UkSNroHVQq0gmQ.jpg?width=1200&amp;mode=crop&amp;scale=both\" width=\"1200\" \/><figcaption>Wilmore ve Williams&#8217;\u0131n geri d\u00f6n\u00fc\u015f yolculu\u011funu ger\u00e7ekle\u015ftirebilmesi i\u00e7in uzay istasyonuna yeni bir m\u00fcrettebat\u0131n gitmesi gerekiyor.<br \/>\nNASA, sal\u0131 g\u00fcn\u00fc astronotlar\u0131n ancak &#8220;tesiste devam eden bilimsel \u00e7al\u0131\u015fma ve bak\u0131m i\u015flemlerinde daha iyi bir ge\u00e7i\u015f&#8221; i\u00e7in \u00f6\u011frenilen bilgilerin yeni gelen m\u00fcrettebatla payla\u015f\u0131lmas\u0131n\u0131 sa\u011flayacak &#8220;devir teslim d\u00f6neminden&#8221; sonra ayr\u0131labilece\u011fini s\u00f6yledi.<\/figcaption><\/figure>\n<figure><img decoding=\"async\" src=\"https:\/\/cdn1.ntv.com.tr\/gorsel\/jXrL3Rht7UCzEPtBuf0k1g.jpg?width=1200&amp;mode=crop&amp;scale=both\" width=\"1200\" \/><figcaption>Mahsur kalan astronotlar\u0131n daha \u00f6nce \u015fubat sonuna kadar d\u00f6nmesi bekleniyordu.<br \/>\nSon de\u011fi\u015fiklik, yerlerine ge\u00e7ecek astronotlar\u0131n &#8220;en erken Mart 2025 sonunda&#8221; uzay istasyonuna gitmesi anlam\u0131na geliyor.<\/figcaption><\/figure>\n<\/section>\n<p><br \/>\n<br \/><a href=\"https:\/\/www.ntv.com.tr\/galeri\/teknoloji\/boeing-skandali-buyuyor-8-gunlugune-gittiler-8-aydir-uzaydalar,wdCaxaB1uEGMDGDrYVelHQ\"><\/a><\/p>\n","protected":false},"excerpt":{"rendered":"<p>NASA, Uluslararas\u0131 Uzay \u0130stasyonu&#8217;nda aylard\u0131r mahsur kalan iki astronotunun d\u00f6n\u00fc\u015f\u00fcn\u00fcn daha da ertelenerek en erken mart sonunda ger\u00e7ekle\u015fece\u011fini duyurdu. Butch Wilmore ve Sunita Williams, Boeing&#8217;in uzay istasyonuna ger\u00e7ekle\u015ftirdi\u011fi ilk u\u00e7u\u015fun m\u00fcrettebat\u0131 olarak 5 Haziran 2024&#8217;te 8 g\u00fcnl\u00fck bir g\u00f6rev i\u00e7in havalanm\u0131\u015ft\u0131. G\u00f6rev s\u00fcresi \u015fu anda ise mecburi olarak 8 ay\u0131 a\u015fm\u0131\u015f durumda. Uluslararas\u0131 Uzay \u0130stasyonu&#8217;nda [&hellip;]<\/p>\n","protected":false},"author":908,"featured_media":1662,"comment_status":"open","ping_status":"open","sticky":false,"template":"","format":"standard","meta":{"_jetpack_memberships_contains_paid_content":false,"footnotes":"","jetpack_publicize_message":"","jetpack_publicize_feature_enabled":true,"jetpack_social_post_already_shared":true,"jetpack_social_options":{"image_generator_settings":{"template":"highway","default_image_id":0,"font":"","enabled":false},"version":2}},"categories":[12],"tags":[],"class_list":["post-14242","post","type-post","status-publish","format-standard","has-post-thumbnail","hentry","category-teknoloji"],"jetpack_publicize_connections":[],"jetpack_featured_media_url":"https:\/\/kibrisayna.com\/wp-content\/uploads\/2024\/08\/ltF13vDN80OdjgY1dEMPSQ.jpg","jetpack_sharing_enabled":true,"_links":{"self":[{"href":"https:\/\/kibrisayna.com\/index.php\/wp-json\/wp\/v2\/posts\/14242","targetHints":{"allow":["GET"]}}],"collection":[{"href":"https:\/\/kibrisayna.com\/index.php\/wp-json\/wp\/v2\/posts"}],"about":[{"href":"https:\/\/kibrisayna.com\/index.php\/wp-json\/wp\/v2\/types\/post"}],"author":[{"embeddable":true,"href":"https:\/\/kibrisayna.com\/index.php\/wp-json\/wp\/v2\/users\/908"}],"replies":[{"embeddable":true,"href":"https:\/\/kibrisayna.com\/index.php\/wp-json\/wp\/v2\/comments?post=14242"}],"version-history":[{"count":0,"href":"https:\/\/kibrisayna.com\/index.php\/wp-json\/wp\/v2\/posts\/14242\/revisions"}],"wp:featuredmedia":[{"embeddable":true,"href":"https:\/\/kibrisayna.com\/index.php\/wp-json\/wp\/v2\/media\/1662"}],"wp:attachment":[{"href":"https:\/\/kibrisayna.com\/index.php\/wp-json\/wp\/v2\/media?parent=14242"}],"wp:term":[{"taxonomy":"category","embeddable":true,"href":"https:\/\/kibrisayna.com\/index.php\/wp-json\/wp\/v2\/categories?post=14242"},{"taxonomy":"post_tag","embeddable":true,"href":"https:\/\/kibrisayna.com\/index.php\/wp-json\/wp\/v2\/tags?post=14242"}],"curies":[{"name":"wp","href":"https:\/\/api.w.org\/{rel}","templated":true}]}}