{"id":14230,"date":"2024-12-18T12:57:43","date_gmt":"2024-12-18T09:57:43","guid":{"rendered":"https:\/\/kibrisayna.com\/index.php\/2024\/12\/18\/milli-mucadele-vakfi-baskani-aziz-gulbahardan-selma-eyleme-tepki-brtk\/"},"modified":"2024-12-18T12:57:43","modified_gmt":"2024-12-18T09:57:43","slug":"milli-mucadele-vakfi-baskani-aziz-gulbahardan-selma-eyleme-tepki-brtk","status":"publish","type":"post","link":"https:\/\/kibrisayna.com\/index.php\/2024\/12\/18\/milli-mucadele-vakfi-baskani-aziz-gulbahardan-selma-eyleme-tepki-brtk\/","title":{"rendered":"Milli M\u00fccadele Vakf\u0131 Ba\u015fkan\u0131 Aziz G\u00fclbahar\u2019dan Selma Eylem\u2019e tepki \u2013 BRTK"},"content":{"rendered":"<p> <br \/>\n<\/p>\n<div>\n<div class=\"mariselle-image-container center\">\n                <img loading=\"lazy\" decoding=\"async\" width=\"971\" height=\"551\" class=\"lazy-image\" alt=\"\" sizes=\"auto, (max-width: 971px) 100vw, 971px\" src=\"https:\/\/brtk.net\/wp-content\/uploads\/2024\/05\/06\/gulbahar.webp?ver=e3f726bc34b6f87da8fc658905757b49\" srcset=\"https:\/\/brtk.net\/wp-content\/uploads\/2024\/05\/06\/gulbahar.webp?ver=e3f726bc34b6f87da8fc658905757b49 971w, https:\/\/brtk.net\/wp-content\/uploads\/2024\/05\/06\/gulbahar-300x170.webp?ver=6c6b81c3b6d62eddb9af7fda3bf1a0cf 300w, https:\/\/brtk.net\/wp-content\/uploads\/2024\/05\/06\/gulbahar-768x436.webp?ver=6c6b81c3b6d62eddb9af7fda3bf1a0cf 768w\"\/>                            <\/div>\n<p>Milli M\u00fccadele Vakf\u0131 Ba\u015fkan\u0131 Aziz G\u00fclbahar, K\u0131br\u0131s T\u00fcrk Orta E\u011fitim \u00d6\u011fretmenler Sendikas\u0131 (KTOE\u00d6S) Ba\u015fkan\u0131 Selma Eylem\u2019in T\u00fcrkiye yetkililerine y\u00f6nelik sald\u0131r\u0131da bulundunu savundu, tepki g\u00f6sterdi.<\/p>\n<p>G\u00fclbahar\u2019\u0131n a\u00e7\u0131klamas\u0131 \u015f\u00f6yle:<\/p>\n<p>\u201cK\u0131br\u0131s T\u00fcrk Orta E\u011fitim Sendikas\u0131\u2019n\u0131n ba\u015fkan\u0131 olan ki\u015fi T\u00fcrkiye Cumhurba\u015fkanl\u0131\u011f\u0131 \u0130leti\u015fim Ba\u015fkan\u0131 Say\u0131n Fahrettin Altun\u2019un  K\u0131br\u0131s T\u00fcrklerinin federasyon \u00e7\u00f6z\u00fcm modelinden deste\u011fini \u00e7ekti\u011fine dair a\u00e7\u0131klamas\u0131na tepki g\u00f6sterirken federasyon g\u00f6r\u00fc\u015fmeleri s\u00fcrecinin Rum taraf\u0131n\u0131n uzla\u015fmazl\u0131\u011f\u0131 sonucu \u00e7\u00f6km\u00fc\u015f oldu\u011fu ger\u00e7e\u011fine, T\u00fcrk taraf\u0131n\u0131n bunun \u00fczerine iki Devletli \u00e7\u00f6z\u00fcm \u015feklini politika haline getirdi\u011fi olgusuna ne kadar  ters d\u00fc\u015ft\u00fcklerini ortaya koymu\u015ftur.<\/p>\n<p>Selma han\u0131m, iki Devletli \u00e7\u00f6z\u00fcm\u00fc savunan partilerin Meclis\u2019te \u00e7o\u011funlu\u011fu ellerinde tuttuklar\u0131n\u0131, Say\u0131n Ersin Tatar\u2019in iki Devletli \u00e7\u00f6z\u00fcm politikas\u0131n\u0131 ortaya koyarak halktan onay ald\u0131\u011f\u0131n\u0131, Cumhurba\u015fkanl\u0131\u011f\u0131\u2019na se\u00e7ildi\u011fini de bilerek isteyerek s\u0131rf T\u00fcrkiye\u2019ye sald\u0131rmak ve belirli odaklar\u0131 memnun etmek ad\u0131na g\u00f6z ard\u0131 etmektedir.<\/p>\n<p>Milli M\u00fccadele Vakf\u0131 olarak bir kez daha T\u00fcrk milletinin ortak davas\u0131 olan K\u0131br\u0131s konusunda egemenli\u011fimizin, g\u00fcvenli\u011fimizin zarar g\u00f6rmesini sa\u011flamaya \u00e7al\u0131\u015fanlar\u0131n ba\u015far\u0131 \u015fanslar\u0131n\u0131n asla olmad\u0131\u011f\u0131n\u0131 hat\u0131rlatmak isteriz.<\/p>\n<p>\u00dc\u00e7\u00fcnc\u00fc \u00fclkelerin T\u00fcrkiye ve K\u0131br\u0131s T\u00fcrk Halk\u0131 aleyhindeki faaliyetleri hakk\u0131nda tek bir kelime etmeyenler, hatta ve hatta onlar\u0131n etkinliklerine kat\u0131larak bir anlamda yapt\u0131klar\u0131n\u0131 onaylayanlar bize g\u00f6re milli birli\u011fimizi bozan, yanl\u0131\u015f yolda ilerleyen ki\u015filerdir ve Halk\u0131m\u0131z\u0131n ezici \u00e7o\u011funlu\u011fu bunlar\u0131n yapt\u0131klar\u0131na tepki duymakta, itibar etmemektedir.\u201d<\/p>\n<\/p><\/div>\n<p><script async\n                    defer\n                    crossorigin=\"anonymous\"\n                    src=\"https:\/\/connect.facebook.net\/tr_TR\/sdk.js#xfbml=1&#038;version=v3.3\"\n            ><\/script><br \/>\n<br \/><br \/>\n<br \/><a href=\"https:\/\/brtk.net\/milli-mucadele-vakfi-baskani-aziz-gulbahardan-selma-eyleme-tepki\/\">Kaynak BRT <\/a><\/p>\n","protected":false},"excerpt":{"rendered":"<p>Milli M\u00fccadele Vakf\u0131 Ba\u015fkan\u0131 Aziz G\u00fclbahar, K\u0131br\u0131s T\u00fcrk Orta E\u011fitim \u00d6\u011fretmenler Sendikas\u0131 (KTOE\u00d6S) Ba\u015fkan\u0131 Selma Eylem\u2019in T\u00fcrkiye yetkililerine y\u00f6nelik sald\u0131r\u0131da bulundunu savundu, tepki g\u00f6sterdi. G\u00fclbahar\u2019\u0131n a\u00e7\u0131klamas\u0131 \u015f\u00f6yle: \u201cK\u0131br\u0131s T\u00fcrk Orta E\u011fitim Sendikas\u0131\u2019n\u0131n ba\u015fkan\u0131 olan ki\u015fi T\u00fcrkiye Cumhurba\u015fkanl\u0131\u011f\u0131 \u0130leti\u015fim Ba\u015fkan\u0131 Say\u0131n Fahrettin Altun\u2019un K\u0131br\u0131s T\u00fcrklerinin federasyon \u00e7\u00f6z\u00fcm modelinden deste\u011fini \u00e7ekti\u011fine dair a\u00e7\u0131klamas\u0131na tepki g\u00f6sterirken federasyon g\u00f6r\u00fc\u015fmeleri [&hellip;]<\/p>\n","protected":false},"author":908,"featured_media":7749,"comment_status":"open","ping_status":"open","sticky":false,"template":"","format":"standard","meta":{"_jetpack_memberships_contains_paid_content":false,"footnotes":"","jetpack_publicize_message":"","jetpack_publicize_feature_enabled":true,"jetpack_social_post_already_shared":true,"jetpack_social_options":{"image_generator_settings":{"template":"highway","default_image_id":0,"font":"","enabled":false},"version":2}},"categories":[253],"tags":[],"class_list":["post-14230","post","type-post","status-publish","format-standard","has-post-thumbnail","hentry","category-gundem"],"jetpack_publicize_connections":[],"jetpack_featured_media_url":"https:\/\/kibrisayna.com\/wp-content\/uploads\/2024\/10\/gulbahar.webp","jetpack_sharing_enabled":true,"_links":{"self":[{"href":"https:\/\/kibrisayna.com\/index.php\/wp-json\/wp\/v2\/posts\/14230","targetHints":{"allow":["GET"]}}],"collection":[{"href":"https:\/\/kibrisayna.com\/index.php\/wp-json\/wp\/v2\/posts"}],"about":[{"href":"https:\/\/kibrisayna.com\/index.php\/wp-json\/wp\/v2\/types\/post"}],"author":[{"embeddable":true,"href":"https:\/\/kibrisayna.com\/index.php\/wp-json\/wp\/v2\/users\/908"}],"replies":[{"embeddable":true,"href":"https:\/\/kibrisayna.com\/index.php\/wp-json\/wp\/v2\/comments?post=14230"}],"version-history":[{"count":0,"href":"https:\/\/kibrisayna.com\/index.php\/wp-json\/wp\/v2\/posts\/14230\/revisions"}],"wp:featuredmedia":[{"embeddable":true,"href":"https:\/\/kibrisayna.com\/index.php\/wp-json\/wp\/v2\/media\/7749"}],"wp:attachment":[{"href":"https:\/\/kibrisayna.com\/index.php\/wp-json\/wp\/v2\/media?parent=14230"}],"wp:term":[{"taxonomy":"category","embeddable":true,"href":"https:\/\/kibrisayna.com\/index.php\/wp-json\/wp\/v2\/categories?post=14230"},{"taxonomy":"post_tag","embeddable":true,"href":"https:\/\/kibrisayna.com\/index.php\/wp-json\/wp\/v2\/tags?post=14230"}],"curies":[{"name":"wp","href":"https:\/\/api.w.org\/{rel}","templated":true}]}}