{"id":14228,"date":"2024-12-18T12:51:16","date_gmt":"2024-12-18T09:51:16","guid":{"rendered":"https:\/\/kibrisayna.com\/index.php\/2024\/12\/18\/ktos-genel-sekreteri-mavis-etuce-genel-kurulunda-kibris-ulke-temsilcisi-oldu-brtk\/"},"modified":"2024-12-18T12:51:16","modified_gmt":"2024-12-18T09:51:16","slug":"ktos-genel-sekreteri-mavis-etuce-genel-kurulunda-kibris-ulke-temsilcisi-oldu-brtk","status":"publish","type":"post","link":"https:\/\/kibrisayna.com\/index.php\/2024\/12\/18\/ktos-genel-sekreteri-mavis-etuce-genel-kurulunda-kibris-ulke-temsilcisi-oldu-brtk\/","title":{"rendered":"KT\u00d6S Genel Sekreteri Mavi\u015f, ETUCE Genel Kurulu\u2019nda \u201cK\u0131br\u0131s \u00dclke Temsilcisi\u201d oldu \u2013 BRTK"},"content":{"rendered":"<p> <br \/>\n<\/p>\n<div>\n<div class=\"mariselle-image-container center\">\n                <img loading=\"lazy\" decoding=\"async\" width=\"2560\" height=\"1920\" class=\"lazy-image\" alt=\"\" sizes=\"auto, (max-width: 2560px) 100vw, 2560px\" src=\"https:\/\/brtk.net\/wp-content\/uploads\/2024\/12\/18\/1734508385900KTOS-24-01-78_Ek3-3-scaled.jpeg?ver=4ad8bf2ae9a1b0e0664d7190fe2cad37\" srcset=\"https:\/\/brtk.net\/wp-content\/uploads\/2024\/12\/18\/1734508385900KTOS-24-01-78_Ek3-3-scaled.jpeg?ver=4ad8bf2ae9a1b0e0664d7190fe2cad37 2560w, https:\/\/brtk.net\/wp-content\/uploads\/2024\/12\/18\/1734508385900KTOS-24-01-78_Ek3-3-300x225.jpeg?ver=4ad8bf2ae9a1b0e0664d7190fe2cad37 300w, https:\/\/brtk.net\/wp-content\/uploads\/2024\/12\/18\/1734508385900KTOS-24-01-78_Ek3-3-1024x768.jpeg?ver=2b98abb4b212dc018d7de999dc93b10e 1024w, https:\/\/brtk.net\/wp-content\/uploads\/2024\/12\/18\/1734508385900KTOS-24-01-78_Ek3-3-768x576.jpeg?ver=5acd367365702680603f9f23e58a7232 768w, https:\/\/brtk.net\/wp-content\/uploads\/2024\/12\/18\/1734508385900KTOS-24-01-78_Ek3-3-1536x1152.jpeg?ver=44b761e0c91fc90dae921cc682f2db2c 1536w, https:\/\/brtk.net\/wp-content\/uploads\/2024\/12\/18\/1734508385900KTOS-24-01-78_Ek3-3-2048x1536.jpeg?ver=7a35d94074778da70cb07df374bda890 2048w\"\/>                            <\/div>\n<p>K\u0131br\u0131s T\u00fcrk \u00d6\u011fretmenler Sendikas\u0131 (KT\u00d6S) Genel Sekreteri Burak Mavi\u015f, Avrupa  \u0130\u015f\u00e7i Sendikalar\u0131 E\u011fitim Komitesi (ETUCE) Genel Kurulu\u2019nda, \u201cK\u0131br\u0131s \u00dclke Temsilcili\u011fi\u201d g\u00f6revine getirildi. <\/p>\n<p>KT\u00d6S\u2019ten yap\u0131lan a\u00e7\u0131klamaya g\u00f6re, 26-27 Kas\u0131m\u2019da, Karada\u011f\u2019\u0131n Budva \u015fehrinde \u201cSosyal Bir Avrupa\u2019da Kamu E\u011fitiminin Gelece\u011fi \u0130\u00e7in M\u00fccadele\u201d ana temas\u0131 ile yap\u0131lan ETUCE Genel Kurulu\u2019nda, e\u011fitimdeki zorluklar ve kamu e\u011fitiminin gelece\u011fi tart\u0131\u015f\u0131ld\u0131, yeni temsilciler se\u00e7ildi. <\/p>\n<p>Genel Kurul\u2019a, K\u0131br\u0131s\u2019tan KT\u00d6S, DA\u00dc-SEN, KTOE\u00d6S, POED ve OELMEK temsilcileri de kat\u0131ld\u0131. <\/p>\n<p>Genel Kurul\u2019da, ETUCE Eski Ba\u015fkan\u0131 Larry Flannigan, e\u011fitimin kamu yarar\u0131 ve insan hakk\u0131 oldu\u011funu vurgulayarak sendikalar\u0131 sosyal adalet, e\u015fit fonlama ve \u00f6\u011fretmenlerin \u00e7al\u0131\u015fma ko\u015fullar\u0131nda iyile\u015ftirmeler i\u00e7in m\u00fccadele etmeye \u00e7a\u011f\u0131rd\u0131.  Flannigan ayr\u0131ca, Avrupa genelinde \u00f6\u011fretmenlerin stat\u00fcs\u00fcn\u00fc g\u00fc\u00e7lendirmeyi ama\u00e7layan E\u011fitim Enternasyoneli kampanyas\u0131 \u201cKamuya A\u00e7\u0131l\u0131n!\u201da (Go Public!) da dikkat \u00e7ekti. <\/p>\n<p>Avrupa genelinde a\u015f\u0131r\u0131l\u0131\u011f\u0131n y\u00fckseli\u015finin de vurguland\u0131\u011f\u0131 toplant\u0131da, demokrasi ve ho\u015fg\u00f6r\u00fcy\u00fc te\u015fvik etmede e\u011fitimin rol\u00fcn\u00fcn \u00f6nemi belirtildi ve \u00e7e\u015fitlili\u011fi kutlaman\u0131n ve nefret siyasetine kar\u015f\u0131 konulmas\u0131 gereklili\u011finin alt\u0131 \u00e7izildi.<\/p>\n<p>\u2013 ETUCE liderlik g\u00f6rev de\u011fi\u015fiklikleri ve se\u00e7imleri yap\u0131ld\u0131<\/p>\n<p>Yeni ETUCE Ba\u015fkan\u2019\u0131n\u0131n, 6 Ba\u015fkan Yard\u0131mc\u0131s\u0131\u2019n\u0131n, ETUCE Avrupa Direkt\u00f6r\u00fc\u2019n\u00fcn ve ETUCE\u2019nin \u00fclke temsilcilerinin se\u00e7ildi\u011fi Genel Kurul\u2019da, KKTC\u2019de ve G\u00fcney K\u0131br\u0131s\u2019ta  faaliyet g\u00f6steren t\u00fcm e\u011fitim sendikalar\u0131 ile ETUCE\u2019nin yapt\u0131\u011f\u0131 \u00f6zel bir anla\u015fma \u00e7er\u00e7evesinde, KT\u00d6S Genel Sekreteri Burak Mavi\u015f 2024-2026 d\u00f6neminde K\u0131br\u0131s\u2019taki e\u011fitim sendikalar\u0131n\u0131 ve onlara ba\u011fl\u0131 \u00fcye \u00f6\u011fretmenleri ETUCE\u2019de temsil edecek.<\/p>\n<\/p><\/div>\n<p><script async\n                    defer\n                    crossorigin=\"anonymous\"\n                    src=\"https:\/\/connect.facebook.net\/tr_TR\/sdk.js#xfbml=1&#038;version=v3.3\"\n            ><\/script><br \/>\n<br \/><br \/>\n<br \/><a href=\"https:\/\/brtk.net\/ktos-genel-sekreteri-mavis-etuce-genel-kurulunda-kibris-ulke-temsilcisi-oldu\/\">Kaynak BRT <\/a><\/p>\n","protected":false},"excerpt":{"rendered":"<p>K\u0131br\u0131s T\u00fcrk \u00d6\u011fretmenler Sendikas\u0131 (KT\u00d6S) Genel Sekreteri Burak Mavi\u015f, Avrupa \u0130\u015f\u00e7i Sendikalar\u0131 E\u011fitim Komitesi (ETUCE) Genel Kurulu\u2019nda, \u201cK\u0131br\u0131s \u00dclke Temsilcili\u011fi\u201d g\u00f6revine getirildi. KT\u00d6S\u2019ten yap\u0131lan a\u00e7\u0131klamaya g\u00f6re, 26-27 Kas\u0131m\u2019da, Karada\u011f\u2019\u0131n Budva \u015fehrinde \u201cSosyal Bir Avrupa\u2019da Kamu E\u011fitiminin Gelece\u011fi \u0130\u00e7in M\u00fccadele\u201d ana temas\u0131 ile yap\u0131lan ETUCE Genel Kurulu\u2019nda, e\u011fitimdeki zorluklar ve kamu e\u011fitiminin gelece\u011fi tart\u0131\u015f\u0131ld\u0131, yeni temsilciler [&hellip;]<\/p>\n","protected":false},"author":908,"featured_media":14229,"comment_status":"open","ping_status":"open","sticky":false,"template":"","format":"standard","meta":{"_jetpack_memberships_contains_paid_content":false,"footnotes":"","jetpack_publicize_message":"","jetpack_publicize_feature_enabled":true,"jetpack_social_post_already_shared":true,"jetpack_social_options":{"image_generator_settings":{"template":"highway","default_image_id":0,"font":"","enabled":false},"version":2}},"categories":[253],"tags":[],"class_list":["post-14228","post","type-post","status-publish","format-standard","has-post-thumbnail","hentry","category-gundem"],"jetpack_publicize_connections":[],"jetpack_featured_media_url":"https:\/\/kibrisayna.com\/wp-content\/uploads\/2024\/12\/1734508385900KTOS-24-01-78_Ek3-3-scaled.jpeg","jetpack_sharing_enabled":true,"_links":{"self":[{"href":"https:\/\/kibrisayna.com\/index.php\/wp-json\/wp\/v2\/posts\/14228","targetHints":{"allow":["GET"]}}],"collection":[{"href":"https:\/\/kibrisayna.com\/index.php\/wp-json\/wp\/v2\/posts"}],"about":[{"href":"https:\/\/kibrisayna.com\/index.php\/wp-json\/wp\/v2\/types\/post"}],"author":[{"embeddable":true,"href":"https:\/\/kibrisayna.com\/index.php\/wp-json\/wp\/v2\/users\/908"}],"replies":[{"embeddable":true,"href":"https:\/\/kibrisayna.com\/index.php\/wp-json\/wp\/v2\/comments?post=14228"}],"version-history":[{"count":0,"href":"https:\/\/kibrisayna.com\/index.php\/wp-json\/wp\/v2\/posts\/14228\/revisions"}],"wp:featuredmedia":[{"embeddable":true,"href":"https:\/\/kibrisayna.com\/index.php\/wp-json\/wp\/v2\/media\/14229"}],"wp:attachment":[{"href":"https:\/\/kibrisayna.com\/index.php\/wp-json\/wp\/v2\/media?parent=14228"}],"wp:term":[{"taxonomy":"category","embeddable":true,"href":"https:\/\/kibrisayna.com\/index.php\/wp-json\/wp\/v2\/categories?post=14228"},{"taxonomy":"post_tag","embeddable":true,"href":"https:\/\/kibrisayna.com\/index.php\/wp-json\/wp\/v2\/tags?post=14228"}],"curies":[{"name":"wp","href":"https:\/\/api.w.org\/{rel}","templated":true}]}}