{"id":14225,"date":"2024-12-18T12:34:54","date_gmt":"2024-12-18T09:34:54","guid":{"rendered":"https:\/\/kibrisayna.com\/index.php\/2024\/12\/18\/avrupa-birligi-kayip-sahislar-komitesine-26-milyon-euro-bagisladi-brtk\/"},"modified":"2024-12-18T12:34:54","modified_gmt":"2024-12-18T09:34:54","slug":"avrupa-birligi-kayip-sahislar-komitesine-26-milyon-euro-bagisladi-brtk","status":"publish","type":"post","link":"https:\/\/kibrisayna.com\/index.php\/2024\/12\/18\/avrupa-birligi-kayip-sahislar-komitesine-26-milyon-euro-bagisladi-brtk\/","title":{"rendered":"Avrupa Birli\u011fi, Kay\u0131p \u015eah\u0131slar Komitesi\u2019ne 2,6 milyon euro ba\u011f\u0131\u015flad\u0131 \u2013 BRTK"},"content":{"rendered":"<p> <br \/>\n<\/p>\n<div>\n<div class=\"mariselle-image-container center\">\n                <img loading=\"lazy\" decoding=\"async\" width=\"775\" height=\"383\" class=\"lazy-image\" alt=\"\" sizes=\"auto, (max-width: 775px) 100vw, 775px\" src=\"https:\/\/brtk.net\/wp-content\/uploads\/2023\/07\/18\/ksk.png?ver=942849f0f22e5f1ab8a7e4695f520a9e\" srcset=\"https:\/\/brtk.net\/wp-content\/uploads\/2023\/07\/18\/ksk.png?ver=942849f0f22e5f1ab8a7e4695f520a9e 775w, https:\/\/brtk.net\/wp-content\/uploads\/2023\/07\/18\/ksk-300x148.png?ver=942849f0f22e5f1ab8a7e4695f520a9e 300w, https:\/\/brtk.net\/wp-content\/uploads\/2023\/07\/18\/ksk-768x380.png?ver=942849f0f22e5f1ab8a7e4695f520a9e 768w\"\/>                            <\/div>\n<p>Avrupa Birli\u011fi (AB) Kay\u0131p \u015eah\u0131slar Komitesi\u2019ne (K\u015eK) 2,6 milyon euro ba\u011f\u0131\u015f yapt\u0131.<\/p>\n<p>K\u015eK taraf\u0131ndan yap\u0131lan a\u00e7\u0131klamada, bu ba\u011f\u0131\u015f\u0131n Avrupa Birli\u011fi\u2019nin 2007\u2019den beri K\u015eK\u2019ya sa\u011flad\u0131\u011f\u0131 toplam mali yard\u0131m\u0131 41,1 milyon euro\u2019ya y\u00fckseltti\u011fi ve Avrupa Birli\u011fi\u2019nin K\u015eK projesine en b\u00fcy\u00fck mali katk\u0131y\u0131 sa\u011flayan destek\u00e7i olmas\u0131n\u0131 sa\u011flad\u0131\u011f\u0131 kaydedildi.<\/p>\n<p>A\u00e7\u0131klamada, bu ba\u011f\u0131\u015flar\u0131n Komite\u2019nin 2025 y\u0131l\u0131nda kay\u0131p \u015fah\u0131slar\u0131n kal\u0131nt\u0131lar\u0131n\u0131n tespit edilmesi, ailelerine iade edilmesi ve uzun y\u0131llard\u0131r aileleri etkileyen belirsizli\u011fin sona erdirilmesi amac\u0131na katk\u0131da bulunaca\u011f\u0131 belirtildi.<\/p>\n<\/p><\/div>\n<p><script async\n                    defer\n                    crossorigin=\"anonymous\"\n                    src=\"https:\/\/connect.facebook.net\/tr_TR\/sdk.js#xfbml=1&#038;version=v3.3\"\n            ><\/script><br \/>\n<br \/><br \/>\n<br \/><a href=\"https:\/\/brtk.net\/avrupa-birligi-kayip-sahislar-komitesine-26-milyon-euro-bagisladi\/\">Kaynak BRT <\/a><\/p>\n","protected":false},"excerpt":{"rendered":"<p>Avrupa Birli\u011fi (AB) Kay\u0131p \u015eah\u0131slar Komitesi\u2019ne (K\u015eK) 2,6 milyon euro ba\u011f\u0131\u015f yapt\u0131. K\u015eK taraf\u0131ndan yap\u0131lan a\u00e7\u0131klamada, bu ba\u011f\u0131\u015f\u0131n Avrupa Birli\u011fi\u2019nin 2007\u2019den beri K\u015eK\u2019ya sa\u011flad\u0131\u011f\u0131 toplam mali yard\u0131m\u0131 41,1 milyon euro\u2019ya y\u00fckseltti\u011fi ve Avrupa Birli\u011fi\u2019nin K\u015eK projesine en b\u00fcy\u00fck mali katk\u0131y\u0131 sa\u011flayan destek\u00e7i olmas\u0131n\u0131 sa\u011flad\u0131\u011f\u0131 kaydedildi. A\u00e7\u0131klamada, bu ba\u011f\u0131\u015flar\u0131n Komite\u2019nin 2025 y\u0131l\u0131nda kay\u0131p \u015fah\u0131slar\u0131n kal\u0131nt\u0131lar\u0131n\u0131n tespit [&hellip;]<\/p>\n","protected":false},"author":908,"featured_media":13207,"comment_status":"open","ping_status":"open","sticky":false,"template":"","format":"standard","meta":{"_jetpack_memberships_contains_paid_content":false,"footnotes":"","jetpack_publicize_message":"","jetpack_publicize_feature_enabled":true,"jetpack_social_post_already_shared":true,"jetpack_social_options":{"image_generator_settings":{"template":"highway","default_image_id":0,"font":"","enabled":false},"version":2}},"categories":[253],"tags":[],"class_list":["post-14225","post","type-post","status-publish","format-standard","has-post-thumbnail","hentry","category-gundem"],"jetpack_publicize_connections":[],"jetpack_featured_media_url":"https:\/\/kibrisayna.com\/wp-content\/uploads\/2024\/12\/ksk.png","jetpack_sharing_enabled":true,"_links":{"self":[{"href":"https:\/\/kibrisayna.com\/index.php\/wp-json\/wp\/v2\/posts\/14225","targetHints":{"allow":["GET"]}}],"collection":[{"href":"https:\/\/kibrisayna.com\/index.php\/wp-json\/wp\/v2\/posts"}],"about":[{"href":"https:\/\/kibrisayna.com\/index.php\/wp-json\/wp\/v2\/types\/post"}],"author":[{"embeddable":true,"href":"https:\/\/kibrisayna.com\/index.php\/wp-json\/wp\/v2\/users\/908"}],"replies":[{"embeddable":true,"href":"https:\/\/kibrisayna.com\/index.php\/wp-json\/wp\/v2\/comments?post=14225"}],"version-history":[{"count":0,"href":"https:\/\/kibrisayna.com\/index.php\/wp-json\/wp\/v2\/posts\/14225\/revisions"}],"wp:featuredmedia":[{"embeddable":true,"href":"https:\/\/kibrisayna.com\/index.php\/wp-json\/wp\/v2\/media\/13207"}],"wp:attachment":[{"href":"https:\/\/kibrisayna.com\/index.php\/wp-json\/wp\/v2\/media?parent=14225"}],"wp:term":[{"taxonomy":"category","embeddable":true,"href":"https:\/\/kibrisayna.com\/index.php\/wp-json\/wp\/v2\/categories?post=14225"},{"taxonomy":"post_tag","embeddable":true,"href":"https:\/\/kibrisayna.com\/index.php\/wp-json\/wp\/v2\/tags?post=14225"}],"curies":[{"name":"wp","href":"https:\/\/api.w.org\/{rel}","templated":true}]}}